{"id":145861,"date":"2025-05-28T09:56:17","date_gmt":"2025-05-28T14:56:17","guid":{"rendered":"https:\/\/lospoliticosveracruz.com.mx\/?p=145861"},"modified":"2025-05-28T09:56:42","modified_gmt":"2025-05-28T14:56:42","slug":"por-chaquetero-fuera","status":"publish","type":"post","link":"https:\/\/lospoliticosveracruz.com.mx\/?p=145861","title":{"rendered":"POR CHAQUETERO, FUERA!"},"content":{"rendered":"\n<div class=\"wp-block-buttons is-content-justification-right is-layout-flex wp-container-core-buttons-is-layout-765c4724 wp-block-buttons-is-layout-flex\">\n<div class=\"wp-block-button\"><a class=\"wp-block-button__link has-white-color has-vivid-green-cyan-background-color has-text-color has-background has-link-color wp-element-button\" href=\"https:\/\/whatsapp.com\/channel\/0029Va8zRWlEKyZIP3Z1dF0e\">\u2002\u00daNETE A NUESTRO CANAL<\/a><\/div>\n<\/div>\n\n\n\n<p><\/p>\n\n\n\n<p><strong>Misantla: <\/strong>En una acci\u00f3n contundente de reorganizaci\u00f3n interna, el Comit\u00e9 Ejecutivo Nacional de la Confederaci\u00f3n Nacional Campesina (CNC) anunci\u00f3 este viernes la destituci\u00f3n del dirigente regional en Misantla, Enrique Alejandro Lagunes, luego de que hiciera p\u00fablico su respaldo a un partido pol\u00edtico distinto al Partido Revolucionario Institucional (PRI).<\/p>\n\n\n\n<p>Durante una rueda de prensa convocada con car\u00e1cter urgente en la ciudad de Xalapa, el presidente de la Comisi\u00f3n de Honor y Justicia de la CNC, V\u00edctor Manuel Galicia \u00c1vila, formaliz\u00f3 la decisi\u00f3n y dio posesi\u00f3n a Fernando Hern\u00e1ndez Flores como nuevo delegado en funciones de presidente del Comit\u00e9 Regional Campesino en Misantla.<\/p>\n\n\n\n<p>\u201cEl Comit\u00e9 Ejecutivo Nacional no tolerar\u00e1 actos de deslealtad. Nuestra organizaci\u00f3n es filial del PRI, y el respaldo a otros colores pol\u00edticos vulnera nuestros estatutos y principios fundamentales\u201d, sentenci\u00f3 Galicia \u00c1vila al dar lectura al documento oficial emitido por la dirigencia nacional.<\/p>\n\n\n\n<p>La remoci\u00f3n de Lagunes fue justificada como una decisi\u00f3n tomada \u00abpor la v\u00eda estatutaria\u00bb, con base en el art\u00edculo 82 del marco normativo interno de la CNC, seg\u00fan explic\u00f3 el delegado Galicia \u00c1vila, quien acompa\u00f1\u00f3 el anuncio.<\/p>\n\n\n\n<p>Detall\u00f3 que Lagunes, desde su posici\u00f3n de liderazgo, manifest\u00f3 p\u00fablicamente su adhesi\u00f3n a otro proyecto pol\u00edtico, lo cual fue considerado un acto de traici\u00f3n a la organizaci\u00f3n y al PRI.<\/p>\n\n\n\n<p>\u201cNo se trata de una persecuci\u00f3n, sino del respeto a las reglas que nos rigen. Lo que no se puede tolerar es que, desde una posici\u00f3n otorgada por nuestra organizaci\u00f3n, se promueva una agenda pol\u00edtica ajena a nuestro partido\u201d, afirm\u00f3 el delegado nacional.<\/p>\n\n\n\n<p>Ante cuestionamientos sobre el control de las oficinas locales de la CNC en Misantla, el delegado V\u00edctor Manuel Galicia confirm\u00f3 que el nuevo dirigente regional ha recibido instrucciones para retomar posesi\u00f3n del inmueble y su documentaci\u00f3n legal.<\/p>\n\n\n\n<p>\u201cSe buscar\u00e1 una entrega formal de llaves y documentos. En caso de no haber cooperaci\u00f3n, se recurrir\u00e1 al Registro P\u00fablico de la Propiedad para proceder conforme a derecho\u201d.<\/p>\n\n\n\n<p>La designaci\u00f3n de Fernando Hern\u00e1ndez Flores fue recibida con aplausos por representantes del sector campesino presentes, quienes reiteraron su respaldo a la nueva dirigencia y al proyecto del PRI rumbo a las elecciones municipales.<\/p>\n\n\n\n<p>Galicia \u00c1vila aprovech\u00f3 el espacio para reafirmar el compromiso de la CNC con sus bases: \u201cLa CNC no abandona a sus campesinos. Este cambio busca reestructurar, escuchar y servir mejor. Vamos con todo rumbo al triunfo con F\u00e9lix Santamar\u00eda, candidato del PRI en Misantla.\u201d<\/p>\n\n\n\n<p>Finalmente, el l\u00edder campesino lanz\u00f3 un mensaje claro a quienes se apartan del camino institucional \u201cQuien se va, ya no forma parte de este proyecto. Y quien se queda, lo hace con la frente en alto y el compromiso de seguir defendiendo los derechos del campesinado.\u201d<\/p>\n","protected":false},"excerpt":{"rendered":"<p>Misantla: En una acci\u00f3n contundente de reorganizaci\u00f3n interna, el Comit\u00e9 Ejecutivo Nacional de la Confederaci\u00f3n Nacional Campesina (CNC) anunci\u00f3 este viernes la destituci\u00f3n del dirigente regional en Misantla, Enrique Alejandro Lagunes, luego de que hiciera p\u00fablico su respaldo a un partido pol\u00edtico distinto al Partido Revolucionario Institucional (PRI). Durante una rueda de prensa convocada con [&hellip;]<\/p>\n","protected":false},"author":2,"featured_media":145862,"comment_status":"closed","ping_status":"closed","sticky":false,"template":"","format":"standard","meta":{"_jetpack_newsletter_access":"","_jetpack_dont_email_post_to_subs":false,"_jetpack_newsletter_tier_id":0,"_jetpack_memberships_contains_paywalled_content":false,"_jetpack_memberships_contains_paid_content":false,"footnotes":""},"categories":[72],"tags":[],"class_list":["post-145861","post","type-post","status-publish","format-standard","has-post-thumbnail","hentry","category-palomazos"],"jetpack_featured_media_url":"https:\/\/lospoliticosveracruz.com.mx\/wp-content\/uploads\/2025\/05\/WhatsApp-Image-2025-05-28-at-08.52.36.jpeg","jetpack_sharing_enabled":true,"jetpack_shortlink":"https:\/\/wp.me\/p4Qcd3-BWB","_links":{"self":[{"href":"https:\/\/lospoliticosveracruz.com.mx\/index.php?rest_route=\/wp\/v2\/posts\/145861","targetHints":{"allow":["GET"]}}],"collection":[{"href":"https:\/\/lospoliticosveracruz.com.mx\/index.php?rest_route=\/wp\/v2\/posts"}],"about":[{"href":"https:\/\/lospoliticosveracruz.com.mx\/index.php?rest_route=\/wp\/v2\/types\/post"}],"author":[{"embeddable":true,"href":"https:\/\/lospoliticosveracruz.com.mx\/index.php?rest_route=\/wp\/v2\/users\/2"}],"replies":[{"embeddable":true,"href":"https:\/\/lospoliticosveracruz.com.mx\/index.php?rest_route=%2Fwp%2Fv2%2Fcomments&post=145861"}],"version-history":[{"count":2,"href":"https:\/\/lospoliticosveracruz.com.mx\/index.php?rest_route=\/wp\/v2\/posts\/145861\/revisions"}],"predecessor-version":[{"id":145864,"href":"https:\/\/lospoliticosveracruz.com.mx\/index.php?rest_route=\/wp\/v2\/posts\/145861\/revisions\/145864"}],"wp:featuredmedia":[{"embeddable":true,"href":"https:\/\/lospoliticosveracruz.com.mx\/index.php?rest_route=\/wp\/v2\/media\/145862"}],"wp:attachment":[{"href":"https:\/\/lospoliticosveracruz.com.mx\/index.php?rest_route=%2Fwp%2Fv2%2Fmedia&parent=145861"}],"wp:term":[{"taxonomy":"category","embeddable":true,"href":"https:\/\/lospoliticosveracruz.com.mx\/index.php?rest_route=%2Fwp%2Fv2%2Fcategories&post=145861"},{"taxonomy":"post_tag","embeddable":true,"href":"https:\/\/lospoliticosveracruz.com.mx\/index.php?rest_route=%2Fwp%2Fv2%2Ftags&post=145861"}],"curies":[{"name":"wp","href":"https:\/\/api.w.org\/{rel}","templated":true}]}}