{"id":146068,"date":"2025-05-30T08:14:20","date_gmt":"2025-05-30T13:14:20","guid":{"rendered":"https:\/\/lospoliticosveracruz.com.mx\/?p=146068"},"modified":"2025-05-30T08:15:00","modified_gmt":"2025-05-30T13:15:00","slug":"por-lomas-del-estadio","status":"publish","type":"post","link":"https:\/\/lospoliticosveracruz.com.mx\/?p=146068","title":{"rendered":"POR LOMAS DEL ESTADIO!"},"content":{"rendered":"\n\n\n<p><br><strong>Fanny Y\u00e9pez<\/strong><br><em>La Columna<\/em><\/p>\n\n\n\n<p>La comunidad acad\u00e9mica urge la convocatoria para renovar la Rector\u00eda<\/p>\n\n\n\n<ul class=\"wp-block-list\">\n<li>Los ex rectores solo piden que se act\u00fae apegado al derecho<\/li>\n\n\n\n<li>Parece que a Veracruz le llueve sobre mojado, ahora en la UV<\/li>\n<\/ul>\n\n\n\n<p>Ante la posibilidad de que a trav\u00e9s de diversas acciones leguleyas, se perpet\u00fae en la Rector\u00eda de la Universidad Veracruzana, Martin Aguilar S\u00e1nchez, se vislumbra que en los pr\u00f3ximos d\u00edas se registre una severa crisis en esta instituci\u00f3n educativa, que podr\u00eda llegar hasta la paralizaci\u00f3n de las actividades.<\/p>\n\n\n\n<p>Los casi 700 acad\u00e9micos siguen demandando a las autoridades de la UV que publique la convocatoria, para que se d\u00e9 inicio al proceso de renovaci\u00f3n de la rector\u00eda. La rector\u00eda se resiste y en forma ilegal sostiene reuniones en lo oscurito con grupos que le son afines, para amarrar acuerdos ilegales que le permita a Martin Aguilar continuar en el poder.<\/p>\n\n\n\n<p>Una de las aspirantes a la rector\u00eda de la Universidad Veracruzana, la Doctora Marisol Luna Leal, advirti\u00f3 que Mart\u00edn Aguilar es inelegible por edad, pero puede participar en el proceso de la titularidad de la UV con amparo.<\/p>\n\n\n\n<p>La acad\u00e9mica insisti\u00f3 en que no hay pase autom\u00e1tico para reelegirse y que el Rector s\u00ed podr\u00eda inscribirse al proceso rectoral a trav\u00e9s de un amparo, ya que tiene m\u00e1s de 65 a\u00f1os de edad.<\/p>\n\n\n\n<p>Hace unos d\u00edas el Doctor Miguel Casillas Alvarado, escribi\u00f3 un an\u00e1lisis sobre la tensa situaci\u00f3n que se est\u00e1 registrando en la UV, en donde puntualiza la serie de irregularidades que persisten en este organismo.<\/p>\n\n\n\n<p>\u201cObcecados por el poder, el dinero y la red clientelar que beneficia a sus allegados, la actual capilla de funcionarios encabezados por el rector pareciera estar dispuesta a generar una crisis pol\u00edtica sin precedentes, a destruir hasta sus cimientos la pobre y cuestionada legitimidad de la Junta de Gobierno y a romper el orden legal de la instituci\u00f3n con tal de mantenerse en la n\u00f3mina dorada, en la cual, por ejemplo, \u00a1el rector anda cobrando casi 180 mil pesos netos al mes!\u201d<\/p>\n\n\n\n<p>En otro p\u00e1rrafo de su escrito el tambi\u00e9n acad\u00e9mico de la UV se\u00f1ala que, en la loma del Estadio est\u00e1n muy nerviosos y desesperados. Al parecer la inauguraci\u00f3n de bodegas, comedores e instalaciones no es suficiente, tampoco lo son las chamarras personalizadas para los directores, menos a\u00fan funciona el asunto de los bailes y las fotos. Nada parece opacar los largos a\u00f1os de desidia, incapacidad, inoperancia y falta de compromiso con el desarrollo institucional de la administraci\u00f3n que termina.<\/p>\n\n\n\n<p>Este viernes, ex rectores de la Universidad Veracruzana, publicaron una carta abierta que va dirigida a los miembros del Consejo Universitario General; a la Honorable Junta de Gobierno de la Universidad Veracruzana; a la comunidad universitaria; y la sociedad veracruzana:<\/p>\n\n\n\n<p>En este documento los ex rectores de la UV establecen los siguientes puntos:<\/p>\n\n\n\n<p>Manifestamos de manera abierta, respetuosa, clara y contundente, nuestra preocupaci\u00f3n de que la Honorable Junta de Gobierno de la Universidad Veracruzana act\u00fae con estricto apego a derecho en cada etapa del proceso de designaci\u00f3n de la persona que ocupar\u00e1 la Rector\u00eda de la UV para el periodo 2025\u20132029.<\/p>\n\n\n\n<p>En tiempos en los que la transparencia institucional es indispensable para preservar la legitimidad de las universidades p\u00fablicas mexicanas; cualquier desv\u00edo del marco normativo \u2013por m\u00ednimo que parezca\u2013 puede poner en entredicho no s\u00f3lo la autonom\u00eda de nuestra casa de estudios, sino tambi\u00e9n el compromiso \u00e9tico y social que debe regir su gobernanza.<\/p>\n\n\n\n<p>La legislaci\u00f3n universitaria establece que la persona titular de la Rector\u00eda ser\u00e1 designada por la Junta de Gobierno, y define con precisi\u00f3n \u2013y sin dejar duda o espacio a interpretaciones meta legales\u2013 los pasos y plazos a seguir: desde la emisi\u00f3n oportuna de la convocatoria, los requisitos que deben cumplir los aspirantes, los mecanismos de auscultaci\u00f3n y an\u00e1lisis de quienes aspiran a la rector\u00eda. Estas disposiciones legales no son sugerencias: constituyen mandatos legales que deben cumplirse con puntualidad y transparencia, sin interpretaciones. Interpretar la normativa institucional, no es atribuci\u00f3n de la Junta de Gobierno.<\/p>\n\n\n\n<p>Retrasar, omitir, interpretar ilegalmente o alterar el curso normativo de este proceso, por la raz\u00f3n que sea, abre la puerta a arbitrariedades que amenazan la credibilidad de la m\u00e1xima casa de estudios de Veracruz. No se trata \u00fanicamente de una cuesti\u00f3n t\u00e9cnica o administrativa: est\u00e1 en juego la confianza p\u00fablica, la certeza jur\u00eddica y la legitimidad del pr\u00f3ximo liderazgo rectoral.<\/p>\n\n\n\n<p>El respeto a la autonom\u00eda universitaria es crucial en todo momento; a\u00fan m\u00e1s en el actual. Cuando se trata de decisiones de trascendencia institucional, la legislaci\u00f3n universitaria debe respetarse con rigor, integridad \u00e9tica, sin ambig\u00fcedad y con visi\u00f3n de futuro.<\/p>\n\n\n\n<p>Por estas razones, como ex rectores de la etapa aut\u00f3noma de la Universidad Veracruzana, exhortamos con firmeza a su Junta de Gobierno a que:<\/p>\n\n\n\n<p>I. Emita con la debida oportunidad y claridad la convocatoria correspondiente, dentro del marco legal vigente.<br>II. Garantice que el proceso se lleve a cabo con plena transparencia y mediante una amplia participaci\u00f3n y auscultaci\u00f3n a la comunidad universitaria y frente a la sociedad veracruzana a la que se debe.<br>III. Observe y aplique rigurosamente los criterios, principios y tiempos establecidos por la Ley Org\u00e1nica, Ley de Autonom\u00eda y el Reglamento interno de la Junta de Gobierno.<br>IV. Haga efectivo su compromiso con la autonom\u00eda institucional, libre de cualquier tipo de presi\u00f3n o injerencia externa o interna.<\/p>\n\n\n\n<p>La Universidad Veracruzana ha sido, durante d\u00e9cadas, un faro de pensamiento cr\u00edtico, de libertad acad\u00e9mica y de servicio p\u00fablico. Preservar su integridad es responsabilidad de todos, especialmente de quienes ostentan funciones clave en su gobernanza.<\/p>\n\n\n\n<p>La historia no absuelve a quienes act\u00faan fuera de la ley o a quienes optan por el silencio o la omisi\u00f3n. Nuestro llamado no es solo un acto de memoria, sino una exigencia basada en la legalidad y la honorabilidad, por la estabilidad e imagen social de nuestra casa de estudios; es un llamado a que prevalezca un marco de respeto a la autonom\u00eda universitaria y al actuar legal de la Honorable Junta de Gobierno de la Universidad Veracruzana.<\/p>\n\n\n\n<p>Parece que a Veracruz le llueve sobre mojado, porque adem\u00e1s de la violencia diaria en distintos municipios, los acad\u00e9micos, los de cuello blanco, debieran ser el ejemplo de la rectitud y honorabilidad, pero ah\u00ed tiene usted, esa \u201ccena de negros\u201d que cada vez se pone peor.<\/p>\n","protected":false},"excerpt":{"rendered":"<p>Fanny Y\u00e9pezLa Columna La comunidad acad\u00e9mica urge la convocatoria para renovar la Rector\u00eda Ante la posibilidad de que a trav\u00e9s de diversas acciones leguleyas, se perpet\u00fae en la Rector\u00eda de la Universidad Veracruzana, Martin Aguilar S\u00e1nchez, se vislumbra que en los pr\u00f3ximos d\u00edas se registre una severa crisis en esta instituci\u00f3n educativa, que podr\u00eda llegar [&hellip;]<\/p>\n","protected":false},"author":2,"featured_media":141383,"comment_status":"closed","ping_status":"closed","sticky":false,"template":"","format":"standard","meta":{"_jetpack_newsletter_access":"","_jetpack_dont_email_post_to_subs":false,"_jetpack_newsletter_tier_id":0,"_jetpack_memberships_contains_paywalled_content":false,"_jetpack_memberships_contains_paid_content":false,"footnotes":""},"categories":[8896,70],"tags":[29146,1026,8167,195],"class_list":["post-146068","post","type-post","status-publish","format-standard","has-post-thumbnail","hentry","category-conoce_veracruz","category-de-opinion","tag-martin-aguilar-sanchez-2","tag-morena","tag-rectoria","tag-veracruz"],"jetpack_featured_media_url":"https:\/\/lospoliticosveracruz.com.mx\/wp-content\/uploads\/2025\/04\/Fanny-Yepez-Luna.jpg","jetpack_sharing_enabled":true,"jetpack_shortlink":"https:\/\/wp.me\/p4Qcd3-BZW","_links":{"self":[{"href":"https:\/\/lospoliticosveracruz.com.mx\/index.php?rest_route=\/wp\/v2\/posts\/146068","targetHints":{"allow":["GET"]}}],"collection":[{"href":"https:\/\/lospoliticosveracruz.com.mx\/index.php?rest_route=\/wp\/v2\/posts"}],"about":[{"href":"https:\/\/lospoliticosveracruz.com.mx\/index.php?rest_route=\/wp\/v2\/types\/post"}],"author":[{"embeddable":true,"href":"https:\/\/lospoliticosveracruz.com.mx\/index.php?rest_route=\/wp\/v2\/users\/2"}],"replies":[{"embeddable":true,"href":"https:\/\/lospoliticosveracruz.com.mx\/index.php?rest_route=%2Fwp%2Fv2%2Fcomments&post=146068"}],"version-history":[{"count":2,"href":"https:\/\/lospoliticosveracruz.com.mx\/index.php?rest_route=\/wp\/v2\/posts\/146068\/revisions"}],"predecessor-version":[{"id":146070,"href":"https:\/\/lospoliticosveracruz.com.mx\/index.php?rest_route=\/wp\/v2\/posts\/146068\/revisions\/146070"}],"wp:featuredmedia":[{"embeddable":true,"href":"https:\/\/lospoliticosveracruz.com.mx\/index.php?rest_route=\/wp\/v2\/media\/141383"}],"wp:attachment":[{"href":"https:\/\/lospoliticosveracruz.com.mx\/index.php?rest_route=%2Fwp%2Fv2%2Fmedia&parent=146068"}],"wp:term":[{"taxonomy":"category","embeddable":true,"href":"https:\/\/lospoliticosveracruz.com.mx\/index.php?rest_route=%2Fwp%2Fv2%2Fcategories&post=146068"},{"taxonomy":"post_tag","embeddable":true,"href":"https:\/\/lospoliticosveracruz.com.mx\/index.php?rest_route=%2Fwp%2Fv2%2Ftags&post=146068"}],"curies":[{"name":"wp","href":"https:\/\/api.w.org\/{rel}","templated":true}]}}