{"id":146115,"date":"2025-05-30T14:33:33","date_gmt":"2025-05-30T19:33:33","guid":{"rendered":"https:\/\/lospoliticosveracruz.com.mx\/?p=146115"},"modified":"2025-05-30T14:33:44","modified_gmt":"2025-05-30T19:33:44","slug":"baja-la-cortinita-por-elecciones","status":"publish","type":"post","link":"https:\/\/lospoliticosveracruz.com.mx\/?p=146115","title":{"rendered":"BAJA LA CORTINITA POR ELECCIONES!"},"content":{"rendered":"\n<p><strong><a href=\"https:\/\/whatsapp.com\/channel\/0029Va8zRWlEKyZIP3Z1dF0e\">\u2002\u2002<strong>\u00danete a nuestro canal<\/strong><\/a><\/strong><\/p>\n\n\n\n<p>\u00a1<strong>LOS POL\u00cdTICOS VERACRUZ<\/strong>&nbsp;ya est\u00e1 en WhatsApp!<\/p>\n\n\n\n<p>El delegado Federal de Programas del Bienestar, Juan Javier G\u00f3mez Cazar\u00edn, encabez\u00f3 el \u201cblindaje electoral\u201d de esta dependencia, supervisando la inmovilizaci\u00f3n de veh\u00edculos y accesos a las instalaciones del organismo. \u00c9l personalmente coloc\u00f3 algunos de los sellos.<\/p>\n\n\n\n<p>La ma\u00f1ana de este viernes, todas las unidades de Bienestar fueron concentradas en el patio de la Delegaci\u00f3n, donde les fueron colocados sellos de inmovilizaci\u00f3n. Tambi\u00e9n las puertas de acceso a los edificios que forman el complejo fueron selladas para impedir el ingreso a las mismas.<\/p>\n\n\n\n<p>G\u00f3mez Cazar\u00edn public\u00f3 un video en redes sociales donde explica que esta medida tiene como prop\u00f3sito asegurar la imparcialidad de la Delegaci\u00f3n y sus personas servidoras p\u00fablicas en el proceso electoral en curso y, de manera subrayada, en las votaciones de este domingo.<\/p>\n\n\n\n<p>\u201cQueremos respetar el proceso electoral (\u2026), quiero mandar un mensaje a todos los compa\u00f1eros colaboradores de esta instituci\u00f3n federal para que no intervengan en el proceso electoral\u201d, dice el funcionario en el video.<\/p>\n\n\n\n<p>\u201cNadie va a operar para ning\u00fan partido pol\u00edtico\u201d, destac\u00f3.<\/p>\n\n\n\n<p>Con mochila a la espalda, G\u00f3mez Cazar\u00edn fue el \u00faltimo en salir de la Delegaci\u00f3n y en sellar el port\u00f3n de acceso al pol\u00edgono. Ya de pie en la banqueta, antes de retirarse explic\u00f3 a la ciudadan\u00eda que el lunes 2 de junio todo el trabajo volver\u00e1 a la normalidad.<\/p>\n","protected":false},"excerpt":{"rendered":"<p>\u2002\u2002\u00danete a nuestro canal \u00a1LOS POL\u00cdTICOS VERACRUZ&nbsp;ya est\u00e1 en WhatsApp! El delegado Federal de Programas del Bienestar, Juan Javier G\u00f3mez Cazar\u00edn, encabez\u00f3 el \u201cblindaje electoral\u201d de esta dependencia, supervisando la inmovilizaci\u00f3n de veh\u00edculos y accesos a las instalaciones del organismo. \u00c9l personalmente coloc\u00f3 algunos de los sellos. La ma\u00f1ana de este viernes, todas las unidades [&hellip;]<\/p>\n","protected":false},"author":2,"featured_media":146116,"comment_status":"closed","ping_status":"closed","sticky":false,"template":"","format":"standard","meta":{"_jetpack_newsletter_access":"","_jetpack_dont_email_post_to_subs":false,"_jetpack_newsletter_tier_id":0,"_jetpack_memberships_contains_paywalled_content":false,"_jetpack_memberships_contains_paid_content":false,"footnotes":""},"categories":[73],"tags":[17020,12695],"class_list":["post-146115","post","type-post","status-publish","format-standard","has-post-thumbnail","hentry","category-de-boleto","tag-bienestar","tag-juan-javier-gomez-cazarin"],"jetpack_featured_media_url":"https:\/\/lospoliticosveracruz.com.mx\/wp-content\/uploads\/2025\/05\/IMG_1635.png","jetpack_sharing_enabled":true,"jetpack_shortlink":"https:\/\/wp.me\/p4Qcd3-C0H","_links":{"self":[{"href":"https:\/\/lospoliticosveracruz.com.mx\/index.php?rest_route=\/wp\/v2\/posts\/146115","targetHints":{"allow":["GET"]}}],"collection":[{"href":"https:\/\/lospoliticosveracruz.com.mx\/index.php?rest_route=\/wp\/v2\/posts"}],"about":[{"href":"https:\/\/lospoliticosveracruz.com.mx\/index.php?rest_route=\/wp\/v2\/types\/post"}],"author":[{"embeddable":true,"href":"https:\/\/lospoliticosveracruz.com.mx\/index.php?rest_route=\/wp\/v2\/users\/2"}],"replies":[{"embeddable":true,"href":"https:\/\/lospoliticosveracruz.com.mx\/index.php?rest_route=%2Fwp%2Fv2%2Fcomments&post=146115"}],"version-history":[{"count":2,"href":"https:\/\/lospoliticosveracruz.com.mx\/index.php?rest_route=\/wp\/v2\/posts\/146115\/revisions"}],"predecessor-version":[{"id":146118,"href":"https:\/\/lospoliticosveracruz.com.mx\/index.php?rest_route=\/wp\/v2\/posts\/146115\/revisions\/146118"}],"wp:featuredmedia":[{"embeddable":true,"href":"https:\/\/lospoliticosveracruz.com.mx\/index.php?rest_route=\/wp\/v2\/media\/146116"}],"wp:attachment":[{"href":"https:\/\/lospoliticosveracruz.com.mx\/index.php?rest_route=%2Fwp%2Fv2%2Fmedia&parent=146115"}],"wp:term":[{"taxonomy":"category","embeddable":true,"href":"https:\/\/lospoliticosveracruz.com.mx\/index.php?rest_route=%2Fwp%2Fv2%2Fcategories&post=146115"},{"taxonomy":"post_tag","embeddable":true,"href":"https:\/\/lospoliticosveracruz.com.mx\/index.php?rest_route=%2Fwp%2Fv2%2Ftags&post=146115"}],"curies":[{"name":"wp","href":"https:\/\/api.w.org\/{rel}","templated":true}]}}