{"id":146120,"date":"2025-05-30T15:33:08","date_gmt":"2025-05-30T20:33:08","guid":{"rendered":"https:\/\/lospoliticosveracruz.com.mx\/?p=146120"},"modified":"2025-05-30T15:33:23","modified_gmt":"2025-05-30T20:33:23","slug":"de-la-manita","status":"publish","type":"post","link":"https:\/\/lospoliticosveracruz.com.mx\/?p=146120","title":{"rendered":"DE LA MANITA!"},"content":{"rendered":"\n<p><strong>S\u00edguenos ahora tambi\u00e9n en WhatsApp. \u00a1<a href=\"https:\/\/whatsapp.com\/channel\/0029Va8zRWlEKyZIP3Z1dF0e\">Da clic aqu\u00ed<\/a>!<\/strong><\/p>\n\n\n\n<p>La Comisi\u00f3n Estatal para la Atenci\u00f3n y Protecci\u00f3n de los Periodistas (CEAPP) implementar\u00e1 un operativo de apoyo y acompa\u00f1amiento al gremio period\u00edstico durante el Proceso Electoral Ordinario y el Proceso Electoral Extraordinario del Poder Judicial 2024-2025.<\/p>\n\n\n\n<p>A partir del s\u00e1bado 31 de mayo, se desplegar\u00e1n siete equipos de trabajo en distintas regiones del estado de Veracruz, con el objetivo de mantener una comunicaci\u00f3n permanente con las y los representantes de los medios de comunicaci\u00f3n.<\/p>\n\n\n\n<p>El personal de la CEAPP se ubicar\u00e1 estrat\u00e9gicamente en los municipios de Tantoyuca, Tuxpan, Xalapa, Veracruz, C\u00f3rdoba, San Andr\u00e9s Tuxtla y Coatzacoalcos.<\/p>\n\n\n\n<p>Desde estas sedes regionales se atender\u00e1 de manera oportuna cualquier situaci\u00f3n que se reporte antes, durante y despu\u00e9s de la jornada electoral, que se llevar\u00e1 a cabo este domingo 1 de junio. En esta fecha se elegir\u00e1n 212 presidencias municipales, as\u00ed como Magistraturas del Tribunal Superior de Justicia, del Tribunal de Disciplina Judicial, del Tribunal de Conciliaci\u00f3n y Arbitraje, y Juezas y Jueces de Primera Instancia.<\/p>\n\n\n\n<p>La CEAPP reitera su llamado a los partidos pol\u00edticos, candidaturas y militancias a conducirse con civilidad y responsabilidad, con el fin de generar un ambiente de confianza y tranquilidad para el electorado veracruzano.<\/p>\n\n\n\n<p>Asimismo, exhorta a todos los actores involucrados en el proceso electoral a respetar la libertad de expresi\u00f3n y los derechos humanos de las y los periodistas encargados de la cobertura informativa.<\/p>\n\n\n\n<p>Finalmente, se invita a las y los periodistas y comunicadores de toda la entidad a acercarse a la CEAPP en caso de sentirse agraviados, amenazados o en riesgo de ser v\u00edctimas de alg\u00fan delito relacionado con su labor informativa durante la jornada electoral del 1 de junio.<\/p>\n","protected":false},"excerpt":{"rendered":"<p>S\u00edguenos ahora tambi\u00e9n en WhatsApp. \u00a1Da clic aqu\u00ed! La Comisi\u00f3n Estatal para la Atenci\u00f3n y Protecci\u00f3n de los Periodistas (CEAPP) implementar\u00e1 un operativo de apoyo y acompa\u00f1amiento al gremio period\u00edstico durante el Proceso Electoral Ordinario y el Proceso Electoral Extraordinario del Poder Judicial 2024-2025. A partir del s\u00e1bado 31 de mayo, se desplegar\u00e1n siete equipos [&hellip;]<\/p>\n","protected":false},"author":2,"featured_media":146121,"comment_status":"closed","ping_status":"closed","sticky":false,"template":"","format":"standard","meta":{"_jetpack_newsletter_access":"","_jetpack_dont_email_post_to_subs":false,"_jetpack_newsletter_tier_id":0,"_jetpack_memberships_contains_paywalled_content":false,"_jetpack_memberships_contains_paid_content":false,"footnotes":""},"categories":[73],"tags":[],"class_list":["post-146120","post","type-post","status-publish","format-standard","has-post-thumbnail","hentry","category-de-boleto"],"jetpack_featured_media_url":"https:\/\/lospoliticosveracruz.com.mx\/wp-content\/uploads\/2025\/05\/IMG_1637.jpeg","jetpack_sharing_enabled":true,"jetpack_shortlink":"https:\/\/wp.me\/p4Qcd3-C0M","_links":{"self":[{"href":"https:\/\/lospoliticosveracruz.com.mx\/index.php?rest_route=\/wp\/v2\/posts\/146120","targetHints":{"allow":["GET"]}}],"collection":[{"href":"https:\/\/lospoliticosveracruz.com.mx\/index.php?rest_route=\/wp\/v2\/posts"}],"about":[{"href":"https:\/\/lospoliticosveracruz.com.mx\/index.php?rest_route=\/wp\/v2\/types\/post"}],"author":[{"embeddable":true,"href":"https:\/\/lospoliticosveracruz.com.mx\/index.php?rest_route=\/wp\/v2\/users\/2"}],"replies":[{"embeddable":true,"href":"https:\/\/lospoliticosveracruz.com.mx\/index.php?rest_route=%2Fwp%2Fv2%2Fcomments&post=146120"}],"version-history":[{"count":2,"href":"https:\/\/lospoliticosveracruz.com.mx\/index.php?rest_route=\/wp\/v2\/posts\/146120\/revisions"}],"predecessor-version":[{"id":146123,"href":"https:\/\/lospoliticosveracruz.com.mx\/index.php?rest_route=\/wp\/v2\/posts\/146120\/revisions\/146123"}],"wp:featuredmedia":[{"embeddable":true,"href":"https:\/\/lospoliticosveracruz.com.mx\/index.php?rest_route=\/wp\/v2\/media\/146121"}],"wp:attachment":[{"href":"https:\/\/lospoliticosveracruz.com.mx\/index.php?rest_route=%2Fwp%2Fv2%2Fmedia&parent=146120"}],"wp:term":[{"taxonomy":"category","embeddable":true,"href":"https:\/\/lospoliticosveracruz.com.mx\/index.php?rest_route=%2Fwp%2Fv2%2Fcategories&post=146120"},{"taxonomy":"post_tag","embeddable":true,"href":"https:\/\/lospoliticosveracruz.com.mx\/index.php?rest_route=%2Fwp%2Fv2%2Ftags&post=146120"}],"curies":[{"name":"wp","href":"https:\/\/api.w.org\/{rel}","templated":true}]}}