{"id":146158,"date":"2025-06-01T00:55:19","date_gmt":"2025-06-01T05:55:19","guid":{"rendered":"https:\/\/lospoliticosveracruz.com.mx\/?p=146158"},"modified":"2025-06-01T00:55:43","modified_gmt":"2025-06-01T05:55:43","slug":"hoy-la-eleccion-de-alcaldes","status":"publish","type":"post","link":"https:\/\/lospoliticosveracruz.com.mx\/?p=146158","title":{"rendered":"HOY, LA ELECCI\u00d3N DE ALCALDES"},"content":{"rendered":"\n\n\n<p><br><strong>Ricardo Chua<\/strong><\/p>\n\n\n\n<p><em>Sale y Vale<\/em><\/p>\n\n\n\n<p>Informes obtenidos por \u00abGarganta Profunda\u00bb se\u00f1alan que el d\u00eda de hoy.. Que es el proceso electoral municipal de la renovaci\u00f3n de las 212 alcald\u00edas de la entidad veracruzana.. Al menos, el partido MORENA tiene, seg\u00fan sus propios reportes, ya perdidos las cabeceras distritales de Boca del R\u00edo, Alvarado, Cosoleacaque, Acayucan, Orizaba, Perote y Tantoyuca ( Que son los municipios m\u00e1s grandes de esas demarcaciones).. Pero tambi\u00e9n se tienen datos que confirman que la 4T en Veracruz, podr\u00eda perder otros distritos como son: Misantla, Papantla y R\u00edo Blanco.. Qu\u00e9 son los otros 3 que est\u00e1n en riesgo..<\/p>\n\n\n\n<p>Pero adem\u00e1s eso no son todos los datos.. Tienen muy cerrada la votaci\u00f3n en cabeceras distritales como la de Xalapa, Panuco, Tierra Blanca y Cosamaloapan.. Lo que significa que si hoy, se le presenta un D\u00cdA MALO para MORENA podr\u00eda perder hasta 14 cabeceras distritales de las 30 que tiene el Estado, es decir, podr\u00edan quedarse sin casi el 50 por ciento de los municipios m\u00e1s importantes de Veracruz.. Lo cual ser\u00eda un \u00abgolpe\u00bb pol\u00edtico muy fuerte para este partido en el poder.. Ya que a menos de un a\u00f1o de haber arrasado en 28 cabeceras municipales en la elecci\u00f3n a gobernador en 2024, ahora perder\u00edan en 14.. Ser\u00eda muy mal n\u00famero.. En unas horas m\u00e1s se sabr\u00e1..<\/p>\n\n\n\n<p>Seg\u00fan tambi\u00e9n hay reportes en la oposici\u00f3n.. Que si las cosas se le acomodan hoy en el d\u00eda de la elecci\u00f3n.. El PAN o PRI podr\u00eda quedarse con la cabecera distrital de Zongolica.. Lo cual ser\u00eda otro \u00abduro golpe\u00bb para todos ellos.. Vamos si hasta el interior de MORENA, se rumora que en el municipio de Las Choapas, que no es cabecera distrital, ganar\u00e1 la alcald\u00eda Movimiento Ciudadano.. Lo cual representar\u00eda un duro \u00abrev\u00e9s\u00bb al presidente estatal de MORENA, Esteban Ram\u00edrez Zepeta, qui\u00e9n es oriundo de ese lugar y que es una de las ciudades donde el \u00abmorenismo\u00bb estaba muy fuerte..<\/p>\n\n\n\n<p>Finalmente, si MORENA no gana Las Choapas, las cr\u00edticas contra Ram\u00edrez Zepeta, por parte de sus adversarios al interior del partido, se van a intensificar en la oficina de Luisa Mar\u00eda Alcalde y obviamente en la oficina principal de Palacio de Gobierno en Xalapa.. Le aplicar\u00e1n la misma que le aplicaron a Ricardo Ahued en 2024, cuando no gan\u00f3 la elecci\u00f3n en Xalapa.. Ya que Las Choapas, al ser la tierra de Zepeta, la tiene que ganar \u00abhaiga como haiga sido\u00bb.. Ya que tambi\u00e9n se sabe, que para MORENA, la coalici\u00f3n con el PVEM no les ha servido de mucho.. La queja es que muchos municipios gobernados por el \u00abVerde\u00bb, no van en alianza, van aparte..<\/p>\n\n\n\n<p>De la misma manera, que hay otros municipios \u00abverdes\u00bb que est\u00e1n viviendo la misma situaci\u00f3n, como son Vega de la Torre, Tecolutla.. Pero tambi\u00e9n corren el riesgo, esa es la otra queja en MORENA, de que el PVEM le podr\u00eda quitar a MORENA, el municipio de Alvarado, el cual es una cabecera distrital en esta regi\u00f3n de Veracruz.. Por lo cerrado, que ser\u00e1 esta elecci\u00f3n aunque en estos momentos, los n\u00fameros dan que est\u00e1 en manos del PAN.. As\u00ed como el PRI podr\u00eda tener 3 cabeceras distritales importantes como Orizaba, Cosoleacaque y Perote.. Qui\u00e9n iba a decir que la suerte le iba a sonre\u00edr a Adolfo Ram\u00edrez Arana.. Y si Silvio Lagos, les quita Xalapa.. Eso ser\u00eda una hecatombe..<\/p>\n\n\n\n<p>Todo esto debido a que en el norte del Estado.. Tambi\u00e9n hay municipios en riesgo y que fueron los que en 2024 le dieron muchos votos a MORENA en la elecci\u00f3n a gobernador.. Estos son: Panuco, \u00c1lamo y Papantla.. Si ah\u00ed llegar\u00e1 a perder la 4T las protestas al interior ser\u00edan insostenibles.. Por ello, tambi\u00e9n se rumora en Palacio de Gobierno, que los reajustes de gabinete estatal, vendr\u00e1n hasta el mes de julio o agosto.. Pero que ser\u00e1n \u00ableves\u00bb, no grandes, como se ten\u00eda pensado.. Pero los MOVIMIENTOS FUERTES en el gobierno de Nahle podr\u00edan venir despu\u00e9s del I Informe.. Habr\u00e1 que esperar.. Por lo pronto. hoy se decide gran parte de la fuerza electoral de Roc\u00edo Nahle y MORENA.. AMEN..<\/p>\n\n\n\n<p>LOS TOPES DE CAMPA\u00d1A DE POLO DESCHAMPS.. Desde el pasado viernes en redes sociales y p\u00e1ginas informativas de Veracruz.. Han estado apareciendo informaci\u00f3n de los presuntos gastos de campa\u00f1a del candidato de MORENA a la alcald\u00eda de Alvarado, Polo Deschamps y que supuestamente los topes de gastos, ya los rebas\u00f3 y por mucho.. Lo cual estar\u00eda incurriendo en un delito electoral.. Se habla que el ex alcalde de Medell\u00edn de Bravo, ya tiene una carpeta de investigaci\u00f3n en la Fiscal\u00eda Especializada en Delitos Electorales (FEPADE) y todo porque presuntamente no rindi\u00f3 esas cuentas ante los \u00f3rganos electorales y por rebasar estos topes de campa\u00f1a..<\/p>\n\n\n\n<p>Seg\u00fan la informaci\u00f3n que circula en estas p\u00e1ginas informativas, es que Polo Deschamps ya fue objeto de una sanci\u00f3n por este motivo.. Sin especificar cu\u00e1l ser\u00eda la misma.. Lo que no se sabe a ciencia cierta, es qu\u00e9 pasar\u00eda si hoy, si esta noticia se confirma y que este personaje est\u00e9 participando en el proceso electoral local, a pesar de haber incurrido en un delito electoral.. La cual puede ser motivo de una pena legal, que se pague con c\u00e1rcel y una multa econ\u00f3mica por incurrir en esta violaci\u00f3n a las leyes electorales.. Y los mismos portales se\u00f1alan que, a pesar de que triunfe, ya no podr\u00eda ser declarado ganador por haber rebasado este tope de campa\u00f1a..<\/p>\n\n\n\n<p>Entre la informaci\u00f3n que se maneja en estos portales informativos est\u00e1n con datos dispersos.. Que se\u00f1alan que los gastos que realiz\u00f3 el candidato de MORENA en Alvarado, fue el pago de uno de sus consultores pol\u00edticos y a su empresa privada, por la cantidad de 7 millones de pesos.. Misma que tendr\u00e1 que ser sustentada en la denuncia correspondiente y por el personaje que la interponga.. A pesar de esta informaci\u00f3n, no se tiene reporte que el candidato de MORENA en Alvarado, haya emitido un comunicado al respecto de este tema.. Desmintiendo tales se\u00f1alamientos en su contra.. Todo a s\u00f3lo unas horas que termine ya este proceso electoral en su d\u00eda de votaci\u00f3n.. AMEN..<\/p>\n","protected":false},"excerpt":{"rendered":"<p>Ricardo Chua Sale y Vale Informes obtenidos por \u00abGarganta Profunda\u00bb se\u00f1alan que el d\u00eda de hoy.. Que es el proceso electoral municipal de la renovaci\u00f3n de las 212 alcald\u00edas de la entidad veracruzana.. Al menos, el partido MORENA tiene, seg\u00fan sus propios reportes, ya perdidos las cabeceras distritales de Boca del R\u00edo, Alvarado, Cosoleacaque, Acayucan, [&hellip;]<\/p>\n","protected":false},"author":2,"featured_media":141434,"comment_status":"closed","ping_status":"closed","sticky":false,"template":"","format":"standard","meta":{"_jetpack_newsletter_access":"","_jetpack_dont_email_post_to_subs":false,"_jetpack_newsletter_tier_id":0,"_jetpack_memberships_contains_paywalled_content":false,"_jetpack_memberships_contains_paid_content":false,"footnotes":""},"categories":[70],"tags":[721,17053,1026,195],"class_list":["post-146158","post","type-post","status-publish","format-standard","has-post-thumbnail","hentry","category-de-opinion","tag-elecciones","tag-esteban-ramirez-zepeta","tag-morena","tag-veracruz"],"jetpack_featured_media_url":"https:\/\/lospoliticosveracruz.com.mx\/wp-content\/uploads\/2025\/04\/Chua-e1761364658706.jpg","jetpack_sharing_enabled":true,"jetpack_shortlink":"https:\/\/wp.me\/p4Qcd3-C1o","_links":{"self":[{"href":"https:\/\/lospoliticosveracruz.com.mx\/index.php?rest_route=\/wp\/v2\/posts\/146158","targetHints":{"allow":["GET"]}}],"collection":[{"href":"https:\/\/lospoliticosveracruz.com.mx\/index.php?rest_route=\/wp\/v2\/posts"}],"about":[{"href":"https:\/\/lospoliticosveracruz.com.mx\/index.php?rest_route=\/wp\/v2\/types\/post"}],"author":[{"embeddable":true,"href":"https:\/\/lospoliticosveracruz.com.mx\/index.php?rest_route=\/wp\/v2\/users\/2"}],"replies":[{"embeddable":true,"href":"https:\/\/lospoliticosveracruz.com.mx\/index.php?rest_route=%2Fwp%2Fv2%2Fcomments&post=146158"}],"version-history":[{"count":1,"href":"https:\/\/lospoliticosveracruz.com.mx\/index.php?rest_route=\/wp\/v2\/posts\/146158\/revisions"}],"predecessor-version":[{"id":146159,"href":"https:\/\/lospoliticosveracruz.com.mx\/index.php?rest_route=\/wp\/v2\/posts\/146158\/revisions\/146159"}],"wp:featuredmedia":[{"embeddable":true,"href":"https:\/\/lospoliticosveracruz.com.mx\/index.php?rest_route=\/wp\/v2\/media\/141434"}],"wp:attachment":[{"href":"https:\/\/lospoliticosveracruz.com.mx\/index.php?rest_route=%2Fwp%2Fv2%2Fmedia&parent=146158"}],"wp:term":[{"taxonomy":"category","embeddable":true,"href":"https:\/\/lospoliticosveracruz.com.mx\/index.php?rest_route=%2Fwp%2Fv2%2Fcategories&post=146158"},{"taxonomy":"post_tag","embeddable":true,"href":"https:\/\/lospoliticosveracruz.com.mx\/index.php?rest_route=%2Fwp%2Fv2%2Ftags&post=146158"}],"curies":[{"name":"wp","href":"https:\/\/api.w.org\/{rel}","templated":true}]}}