{"id":146445,"date":"2025-06-04T12:18:36","date_gmt":"2025-06-04T17:18:36","guid":{"rendered":"https:\/\/lospoliticosveracruz.com.mx\/?p=146445"},"modified":"2025-06-04T12:19:04","modified_gmt":"2025-06-04T17:19:04","slug":"la-nueva-cara-de-la-justicia-en-mexico","status":"publish","type":"post","link":"https:\/\/lospoliticosveracruz.com.mx\/?p=146445","title":{"rendered":"LA NUEVA CARA DE LA JUSTICIA EN M\u00c9XICO"},"content":{"rendered":"\n\n\n<p><\/p>\n\n\n\n<p><strong>Mara Iliana Cruz Pastrana<\/strong><\/p>\n\n\n\n<p>Despu\u00e9s de la efervescencia del 1\u00b0 de junio ante una nueva elecci\u00f3n constitucional, queda para el an\u00e1lisis la nueva integraci\u00f3n de la Suprema Corte de Justicia de la Naci\u00f3n que ha generado gran expectativa en M\u00e9xico. De acuerdo con los c\u00f3mputos distritales del Instituto Nacional Electoral, con 99.82% de avance, las tendencias en la elecci\u00f3n parecen irreversibles. Estos son los detalles sobre la nueva integraci\u00f3n y el futuro de la SCJN.<\/p>\n\n\n\n<p>La SCJN estar\u00e1 integrada como sabemos por cinco mujeres y cuatro hombres, quienes aventajaron de manera contundente en la hist\u00f3rica contienda electoral.<\/p>\n\n\n\n<p>Las cinco mujeres m\u00e1s votadas son:<\/p>\n\n\n\n<ul class=\"wp-block-list\">\n<li>\u2022\u2060 \u2060Lenia Batres Guadarrama: Ministra desde 2024 por propuesta del expresidente Andr\u00e9s Manuel L\u00f3pez Obrador, con m\u00e1s de 5.7 millones de votos. La llamada Ministra del Pueblo.<\/li>\n\n\n\n<li>\u2022\u2060 \u2060Yasm\u00edn Esquivel Mossa: Actual ministra y licenciada en Derecho por la UNAM, con alrededor de 5.2 millones de votos. Imposible no recordarle.<\/li>\n\n\n\n<li>\u2022\u2060 \u2060Loretta Ortiz Ahlf: Actual ministra y licenciada en Derecho por la Escuela Libre de Derecho, que se coloca en la tercera posici\u00f3n con m\u00e1s de 4.9 millones de votos.<\/li>\n\n\n\n<li>\u2022\u2060 \u2060Mar\u00eda Estela R\u00edos Gonz\u00e1lez: Exconsejera jur\u00eddica de la Presidencia, actual directora general de derecho parlamentario en el Instituto Belisario Dom\u00ednguez del Senado de la Rep\u00fablica y licenciada en Derecho por la UNAM, con m\u00e1s de 4.6 millones de votos.<\/li>\n\n\n\n<li>\u2022\u2060 \u2060Sara Irene Herrer\u00edas Guerra: Titular de la Fiscal\u00eda Especializada en materia de Derechos Humanos de la FGR y licenciada en Derecho por la UNAM, con 3.1 millones de votos.<\/li>\n<\/ul>\n\n\n\n<p>Los cuatro hombres con mayor n\u00famero de votos son:<\/p>\n\n\n\n<ul class=\"wp-block-list\">\n<li>\u2022\u2060 \u2060Hugo Aguilar Ortiz: Abogado ind\u00edgena oaxaque\u00f1o, con poco m\u00e1s de 6 millones 078 mil votos. Quien se perfila para presidir la Corte a partir del 1\u00b0 de septiembre y durante los primeros tres a\u00f1os de la nueva integraci\u00f3n.<\/li>\n\n\n\n<li>\u2022\u2060 \u2060Giovanni Azael Figueroa Mej\u00eda: Licenciado en Derecho por la Universidad Aut\u00f3noma de Nayarit, profesor investigador de tiempo completo y coordinador del Doctorado Interinstitucional en Derechos Humanos en el Departamento de Derecho de la Universidad Iberoamericana, con m\u00e1s de 3.6 millones de votos.<\/li>\n\n\n\n<li>\u2022\u2060 \u2060Irving Espinoza Betanzo: Licenciado en Derecho por la UNAM, magistrado de la Secci\u00f3n Especializada en Materia de Responsabilidades Administrativas (Anticorrupci\u00f3n) de la Sala Superior del Tribunal Superior de Justicia Administrativa de la Ciudad de M\u00e9xico, con 3.4 millones de votos.<\/li>\n\n\n\n<li>\u2022\u2060 \u2060Ar\u00edstides Rodrigo Guerrero Garc\u00eda: Licenciado en Derecho por la UNAM, excomisionado presidente del Instituto de Transparencia de la Ciudad de M\u00e9xico (Info-CDMX), con m\u00e1s 3.4 millones de votos, solo a poco menos de mil quinientos votos de Espinoza Betanzo.<\/li>\n<\/ul>\n\n\n\n<p><\/p>\n\n\n\n<h2 class=\"wp-block-heading\"><strong>El futuro de la SCJN<\/strong><\/h2>\n\n\n\n<p>Algunos de los retos que enfrentar\u00e1 la Corte ser\u00e1n:<\/p>\n\n\n\n<ul class=\"wp-block-list\">\n<li>\u2022\u2060 \u2060La elecci\u00f3n popular de ministros que puede generar conflictos de intereses y presiones pol\u00edticas.<\/li>\n\n\n\n<li>\u2022\u2060 \u2060La reducci\u00f3n del n\u00famero de ministros de 11 a 9 ministros, lo que puede aumentar la carga de trabajo y generar problemas de legitimidad.<\/li>\n\n\n\n<li>\u2022\u2060 \u2060La duraci\u00f3n en el cargo: El periodo de 12 a\u00f1os, adem\u00e1s improrrogables que puede generar empat\u00edas con los sexenios presidenciales y afectar la independencia de la Corte.<\/li>\n\n\n\n<li>\u2022\u2060 \u2060Los requisitos para ser ministra o ministro, como la eliminaci\u00f3n de la edad m\u00ednima y los nuevos requisitos acad\u00e9micos que pueden generar controversias.<\/li>\n\n\n\n<li>En cuanto a las oportunidades, la SCJN puede aprovechar esta nueva integraci\u00f3n para:<\/li>\n\n\n\n<li>\u2022\u2060 \u2060Fortalecer la justicia pluricultural con la presencia de ministros con experiencia en derechos ind\u00edgenas y enfoque de g\u00e9nero que puede enriquecer la perspectiva de la Corte.<\/li>\n\n\n\n<li>\u2022\u2060 \u2060Mejorar la impartici\u00f3n de justicia; la Suprema Corte puede trabajar para fortalecer un enfoque multidisciplinario y privilegiar el di\u00e1logo con las partes para examinar con mayor profundidad las controversias.<\/li>\n\n\n\n<li>\u2022\u2060 \u2060La Corte puede aprovechar su papel para promover la transparencia y la rendici\u00f3n de cuentas en el sistema judicial.<\/li>\n<\/ul>\n\n\n\n<p>La presidenta del INE, Guadalupe Taddei, ha destacado que la presidencia de la Corte ser\u00e1 ocupada por quien obtenga la mayor\u00eda de los votos, sin considerar criterios de paridad de g\u00e9nero, todo apunta al Ministro oaxaque\u00f1o defensor de los derechos de los pueblos originarios, Hugo Aguilar Ortiz. La entrega de la constancia de mayor\u00eda se realizar\u00e1 el pr\u00f3ximo 15 de junio y en septiembre tendremos una nueva etapa del m\u00e1ximo Tribunal de Justicia de la Naci\u00f3n.<\/p>\n\n\n\n<p>En esta nueva etapa de la Suprema Corte de Justicia de la Naci\u00f3n se juegan varios aspectos importantes para el futuro de la justicia en M\u00e9xico. Algunos de los temas clave son la reducci\u00f3n de 11 a 9 ministras y ministros, electos mediante votos popular; tendr\u00e1 que abordar casos importantes y complejos, resolver controversias y acciones de inconstitucionalidad que pueden tener un impacto significativo para el pa\u00eds; los nuevos ministros se han comprometido a trabajar por los derechos de los mexicanos, lo que es una oportunidad para llevar a cabo una mayor protecci\u00f3n y promoci\u00f3n y defensa de los derechos humanos en el pa\u00eds; la SCJN tendr\u00e1 que demostrar su compromiso con la transparencia y la rendici\u00f3n de cuentas, lo que puede ayudar a fortalecer la confianza en la instituci\u00f3n; el futuro de la justicia en M\u00e9xico, esta nueva etapa puede marcar un cambio significativo en la forma en que se administra justicia en M\u00e9xico, lo que puede tener un impacto duradero en el pa\u00eds.<\/p>\n\n\n\n<p>La SCJN enfrentar\u00e1 retos importantes como la implementaci\u00f3n de un sistema anticorrupci\u00f3n efectivo para mejorar la perspectiva del poder judicial frente a la ciudadan\u00eda; y crear un \u00f3rgano de administraci\u00f3n eficiente que garantice una gesti\u00f3n transparente y efectiva.<\/p>\n","protected":false},"excerpt":{"rendered":"<p>Mara Iliana Cruz Pastrana Despu\u00e9s de la efervescencia del 1\u00b0 de junio ante una nueva elecci\u00f3n constitucional, queda para el an\u00e1lisis la nueva integraci\u00f3n de la Suprema Corte de Justicia de la Naci\u00f3n que ha generado gran expectativa en M\u00e9xico. De acuerdo con los c\u00f3mputos distritales del Instituto Nacional Electoral, con 99.82% de avance, las [&hellip;]<\/p>\n","protected":false},"author":2,"featured_media":141401,"comment_status":"closed","ping_status":"closed","sticky":false,"template":"","format":"standard","meta":{"_jetpack_newsletter_access":"","_jetpack_dont_email_post_to_subs":false,"_jetpack_newsletter_tier_id":0,"_jetpack_memberships_contains_paywalled_content":false,"_jetpack_memberships_contains_paid_content":false,"footnotes":""},"categories":[70],"tags":[42836,6361],"class_list":["post-146445","post","type-post","status-publish","format-standard","has-post-thumbnail","hentry","category-de-opinion","tag-mara-iliana-cruz-pastrana","tag-suprema-corte-de-justicia-de-la-nacion"],"jetpack_featured_media_url":"https:\/\/lospoliticosveracruz.com.mx\/wp-content\/uploads\/2025\/04\/Mara-Cruz-Pastrana.jpg","jetpack_sharing_enabled":true,"jetpack_shortlink":"https:\/\/wp.me\/p4Qcd3-C61","_links":{"self":[{"href":"https:\/\/lospoliticosveracruz.com.mx\/index.php?rest_route=\/wp\/v2\/posts\/146445","targetHints":{"allow":["GET"]}}],"collection":[{"href":"https:\/\/lospoliticosveracruz.com.mx\/index.php?rest_route=\/wp\/v2\/posts"}],"about":[{"href":"https:\/\/lospoliticosveracruz.com.mx\/index.php?rest_route=\/wp\/v2\/types\/post"}],"author":[{"embeddable":true,"href":"https:\/\/lospoliticosveracruz.com.mx\/index.php?rest_route=\/wp\/v2\/users\/2"}],"replies":[{"embeddable":true,"href":"https:\/\/lospoliticosveracruz.com.mx\/index.php?rest_route=%2Fwp%2Fv2%2Fcomments&post=146445"}],"version-history":[{"count":1,"href":"https:\/\/lospoliticosveracruz.com.mx\/index.php?rest_route=\/wp\/v2\/posts\/146445\/revisions"}],"predecessor-version":[{"id":146446,"href":"https:\/\/lospoliticosveracruz.com.mx\/index.php?rest_route=\/wp\/v2\/posts\/146445\/revisions\/146446"}],"wp:featuredmedia":[{"embeddable":true,"href":"https:\/\/lospoliticosveracruz.com.mx\/index.php?rest_route=\/wp\/v2\/media\/141401"}],"wp:attachment":[{"href":"https:\/\/lospoliticosveracruz.com.mx\/index.php?rest_route=%2Fwp%2Fv2%2Fmedia&parent=146445"}],"wp:term":[{"taxonomy":"category","embeddable":true,"href":"https:\/\/lospoliticosveracruz.com.mx\/index.php?rest_route=%2Fwp%2Fv2%2Fcategories&post=146445"},{"taxonomy":"post_tag","embeddable":true,"href":"https:\/\/lospoliticosveracruz.com.mx\/index.php?rest_route=%2Fwp%2Fv2%2Ftags&post=146445"}],"curies":[{"name":"wp","href":"https:\/\/api.w.org\/{rel}","templated":true}]}}