{"id":146821,"date":"2025-06-10T11:56:36","date_gmt":"2025-06-10T16:56:36","guid":{"rendered":"https:\/\/lospoliticosveracruz.com.mx\/?p=146821"},"modified":"2025-06-10T11:56:45","modified_gmt":"2025-06-10T16:56:45","slug":"aguas-con-el-chorrillo","status":"publish","type":"post","link":"https:\/\/lospoliticosveracruz.com.mx\/?p=146821","title":{"rendered":"AGUAS CON EL CHORRILLO!"},"content":{"rendered":"\n\n\n<p>El Instituto Mexicano del Seguro Social (IMSS) en Veracruz Norte hace un llamado a madres, padres y personas cuidadoras a prevenir la diarrea en menores de cinco a\u00f1os, grupo de edad especialmente vulnerable a la deshidrataci\u00f3n, desnutrici\u00f3n e incluso complicaciones que en casos extremos pueden provocar la p\u00e9rdida de la vida.<\/p>\n\n\n\n<p>La coordinadora auxiliar de Vigilancia Epidemiol\u00f3gica del Seguro Social en la entidad, doctora Perla Yadhira Gonz\u00e1lez Andal\u00f3n, explic\u00f3 que \u201cla diarrea es la disminuci\u00f3n de la consistencia en evacuaciones que pueden volverse l\u00edquidas o semil\u00edquidas, aumento en la frecuencia de estas y pueden presentarse con otros s\u00edntomas como dolor abdominal, fiebre e incluso v\u00f3mito\u201d.<\/p>\n\n\n\n<p>Dijo que en menores de cinco a\u00f1os, la mayor\u00eda de los casos de diarrea son provocados por virus, por lo que no requieren tratamiento con antibi\u00f3ticos; sin embargo, estos cuadros representan un alto riesgo de deshidrataci\u00f3n.<\/p>\n\n\n\n<p>Los factores de riesgo comunes para desarrollar diarrea en este grupo de edad son falta de vacuna contra el rotavirus, consumo de agua o alimentos contaminados, falta de saneamiento b\u00e1sico, lavado inadecuado de manos, ausencia de lactancia materna y esquemas de vacunaci\u00f3n incompletos.<\/p>\n\n\n\n<p>La coordinadora destac\u00f3 la importancia de identificar signos de alarma, como ojos hundidos, fontanela o \u201cmollera\u201d deprimida, boca seca, piel opaca, llanto sin l\u00e1grimas, extremidades fr\u00edas y respiraci\u00f3n acelerada que pueden indicar deshidrataci\u00f3n, por lo que deben acudir de inmediato a su Unidad de Medicina Familiar (UMF).<\/p>\n\n\n\n<p>Advirti\u00f3 que \u201ces fundamental no automedicar a los menores ni ofrecerles bebidas como refrescos, jugos, t\u00e9s o remedios caseros, ya que estos pueden agravar la diarrea\u201d, recomend\u00f3 administrar Vida Suero Oral, formulado para reponer los l\u00edquidos y electrolitos perdidos.<\/p>\n\n\n\n<p>La doctora Gonz\u00e1lez Andal\u00f3n asever\u00f3 que el IMSS en Veracruz Norte cuenta con los servicios necesarios para prevenci\u00f3n, diagn\u00f3stico y tratamiento oportuno de las enfermedades diarreicas, as\u00ed como personal capacitado para orientar a las familias sobre los cuidados adecuados durante estos episodios; e invit\u00f3 a la poblaci\u00f3n en general a no subestimar este padecimiento y acudir a los servicios m\u00e9dicos para proteger la salud de la ni\u00f1ez.<\/p>\n","protected":false},"excerpt":{"rendered":"<p>El Instituto Mexicano del Seguro Social (IMSS) en Veracruz Norte hace un llamado a madres, padres y personas cuidadoras a prevenir la diarrea en menores de cinco a\u00f1os, grupo de edad especialmente vulnerable a la deshidrataci\u00f3n, desnutrici\u00f3n e incluso complicaciones que en casos extremos pueden provocar la p\u00e9rdida de la vida. La coordinadora auxiliar de [&hellip;]<\/p>\n","protected":false},"author":2,"featured_media":146822,"comment_status":"closed","ping_status":"closed","sticky":false,"template":"","format":"standard","meta":{"_jetpack_newsletter_access":"","_jetpack_dont_email_post_to_subs":false,"_jetpack_newsletter_tier_id":0,"_jetpack_memberships_contains_paywalled_content":false,"_jetpack_memberships_contains_paid_content":false,"footnotes":""},"categories":[73],"tags":[],"class_list":["post-146821","post","type-post","status-publish","format-standard","has-post-thumbnail","hentry","category-de-boleto"],"jetpack_featured_media_url":"https:\/\/lospoliticosveracruz.com.mx\/wp-content\/uploads\/2025\/06\/IMG_2239.jpeg","jetpack_sharing_enabled":true,"jetpack_shortlink":"https:\/\/wp.me\/p4Qcd3-Cc5","_links":{"self":[{"href":"https:\/\/lospoliticosveracruz.com.mx\/index.php?rest_route=\/wp\/v2\/posts\/146821","targetHints":{"allow":["GET"]}}],"collection":[{"href":"https:\/\/lospoliticosveracruz.com.mx\/index.php?rest_route=\/wp\/v2\/posts"}],"about":[{"href":"https:\/\/lospoliticosveracruz.com.mx\/index.php?rest_route=\/wp\/v2\/types\/post"}],"author":[{"embeddable":true,"href":"https:\/\/lospoliticosveracruz.com.mx\/index.php?rest_route=\/wp\/v2\/users\/2"}],"replies":[{"embeddable":true,"href":"https:\/\/lospoliticosveracruz.com.mx\/index.php?rest_route=%2Fwp%2Fv2%2Fcomments&post=146821"}],"version-history":[{"count":2,"href":"https:\/\/lospoliticosveracruz.com.mx\/index.php?rest_route=\/wp\/v2\/posts\/146821\/revisions"}],"predecessor-version":[{"id":146824,"href":"https:\/\/lospoliticosveracruz.com.mx\/index.php?rest_route=\/wp\/v2\/posts\/146821\/revisions\/146824"}],"wp:featuredmedia":[{"embeddable":true,"href":"https:\/\/lospoliticosveracruz.com.mx\/index.php?rest_route=\/wp\/v2\/media\/146822"}],"wp:attachment":[{"href":"https:\/\/lospoliticosveracruz.com.mx\/index.php?rest_route=%2Fwp%2Fv2%2Fmedia&parent=146821"}],"wp:term":[{"taxonomy":"category","embeddable":true,"href":"https:\/\/lospoliticosveracruz.com.mx\/index.php?rest_route=%2Fwp%2Fv2%2Fcategories&post=146821"},{"taxonomy":"post_tag","embeddable":true,"href":"https:\/\/lospoliticosveracruz.com.mx\/index.php?rest_route=%2Fwp%2Fv2%2Ftags&post=146821"}],"curies":[{"name":"wp","href":"https:\/\/api.w.org\/{rel}","templated":true}]}}