{"id":147149,"date":"2025-06-15T20:46:58","date_gmt":"2025-06-16T01:46:58","guid":{"rendered":"https:\/\/lospoliticosveracruz.com.mx\/?p=147149"},"modified":"2025-06-15T20:47:28","modified_gmt":"2025-06-16T01:47:28","slug":"encuentro-de-nahle-y-el-nuncio-apostolico-joseph-spiteri","status":"publish","type":"post","link":"https:\/\/lospoliticosveracruz.com.mx\/?p=147149","title":{"rendered":"ENCUENTRO DE NAHLE Y EL NUNCIO APOST\u00d3LICO JOSEPH SPITERI\u00a0"},"content":{"rendered":"\n<p><strong>Jos\u00e9 Luis Enr\u00edquez Ambell&nbsp;<\/strong><\/p>\n\n\n\n<p><em>Caf\u00e9 de Ma\u00f1ana<\/em><\/p>\n\n\n\n<p>Referirme a la iglesia es en un amplio sentido, y sin dejar de considerar a las instituciones o asociaciones religiosas en su conjunto, y que en nuestro pa\u00eds hay casi 8 mil, de acuerdo a los datos oficiales conocidos y difundidos.<\/p>\n\n\n\n<p>En ese sentido, la relaci\u00f3n entre el gobierno y la jerarqu\u00eda de la Iglesia cat\u00f3lica&nbsp;en particular, hist\u00f3ricamente ha transitado entre lo complejo y la tersura, y siempre con respeto.<\/p>\n\n\n\n<p>No es f\u00e1cil armonizar voluntades en el orden&nbsp;&nbsp;geogr\u00e1fico, pol\u00edtico, social, econ\u00f3mico, moral y hasta cultural entre ambos entes p\u00fablicos.&nbsp;<\/p>\n\n\n\n<p>La frontera de la relaci\u00f3n es delgada y casi siempre ha existido con un v\u00ednculo estrecho de colaboraci\u00f3n, aunque en algunos momentos han tenido tensi\u00f3n y conflictos sin llegar a un rompimiento en las recientes d\u00e9cadas, y en particular en Veracruz ahora se aprecia una cordial y cercana relaci\u00f3n, a diferencia del sexenio estatal anterior.<\/p>\n\n\n\n<p>Sin duda, el estado como gobierno sabe de la importancia que juega la Iglesia y no es casual que exista en su estructura una \u00e1rea ubicada desde la Secretar\u00eda de Gobierno, y posici\u00f3n que es una bisagra aceitada a trav\u00e9s de un permanente di\u00e1logo.<\/p>\n\n\n\n<p>Y, por otro lado, la Iglesia, desde su propia estructura jer\u00e1rquica, tiene lazos con los que&nbsp;&nbsp;busca influir en la esfera p\u00fablica y, a menudo, ha interactuado con el poder pol\u00edtico, ya sea para defender sus intereses o para promover sus valores, en un marco de respeto mutuo.<\/p>\n\n\n\n<p>Hace unas horas en la ciudad de C\u00f3rdoba, Veracruz, la Gobernadora Roc\u00edo Nahle, se reuni\u00f3 con el Nuncio Apostolico Joseph Spiteri, a quien salud\u00f3 personalmente, en ocasi\u00f3n del 25 aniversario la di\u00f3cesis en ese lugar.<\/p>\n\n\n\n<p>\u00abEl encuentro entre la Ingeniera y Gobernadora con el embajador de la iglesia cat\u00f3lica en el Pa\u00eds, es un hecho relevante para la armon\u00eda y el desarrollo de Veracruz\u00bb, pues ese saludo y di\u00e1logo manda un mensaje claro a sus equipos de ambos personajes a efecto de permanecer en un franco y armonioso contacto oficial.<\/p>\n\n\n\n<p><strong>DE SOBREMESA&nbsp;<\/strong><\/p>\n\n\n\n<p>Y por cierto, la Di\u00f3cesis de Veracruz Puerto ha&nbsp;&nbsp;expresado su preocupaci\u00f3n por el aumento de robos de objetos diversos a sus pertenencias en iglesias y parroquias, en voz del Obispo Don Carlos Brise\u00f1o, durante la homil\u00eda de este d\u00eda del Padre.<\/p>\n\n\n\n<p>En la zona de Alvarado y Boca del Rio, en las dos recientes semanas han sufrido robos en centros religiosos. Incluso, en la&nbsp;parroquia de San Judas Tadeo, los ladrones se llevaron la campana de bronce con la que se llama a misa a la feligres\u00eda.<\/p>\n\n\n\n<p><strong>UN CAF\u00c9 LECHERO LIGHT&nbsp;<\/strong><\/p>\n\n\n\n<p>La interrelaci\u00f3n estado y religi\u00f3n, en Veracruz, ahora parece transitar en un estatus de mayor respeto y sin influir en t\u00e9rminos de pol\u00edticas p\u00fablicas ni legislativas, pero es de reconocer que Nahle haya acudido a un encuentro de acercamiento y di\u00e1logo, sin que se alter\u00e9 la separaci\u00f3n Iglesia &#8211; Estado.<\/p>\n\n\n\n<p><strong>UN CAF\u00c9 CON PILONCILLO&nbsp;<\/strong><\/p>\n\n\n\n<p>El Papa en turno, los Cardenales, Arzobispos y Obispos, Presb\u00edteros (sacerdotes) y Di\u00e1conos, en distintos momentos han comunicado hechos y circunstancias &#8211; desde su tramo de mando &#8211; por afectaciones por robos materiales&nbsp;&nbsp;en sus recintos en M\u00e9xico y el Mundo.<\/p>\n\n\n\n<p>En Xalapa, en tiempos de Monse\u00f1or Hip\u00f3lito Reyes Larios (qepd) el aumento de robos en iglesias llevo a una reuni\u00f3n entre seguridad p\u00fablica y autoridades cat\u00f3licas, y despu\u00e9s de o\u00edr directamente las quejas, lograron atajar y enmendar los da\u00f1os materiales. \u00abY es que las Iglesias no cuentan con vigilancia directa ni externa, y eso favorece a quienes les roban\u00bb.&nbsp;&nbsp;<\/p>\n\n\n\n<p><strong>UN CAF\u00c9 DE OLLA DE BARRO&nbsp;<\/strong><\/p>\n\n\n\n<p>Afortunadamente &#8211; a decir de autoridades de la Iglesia- los robos no han llegado a privarles del sant\u00edsimo, pues eso implicar\u00eda la posible existencia de una secta santanica que est\u00e1 entrando a robar, pero por ahora lo que se ha sabido es que los robos como la campana no deja de resultar una afectaci\u00f3n material.<\/p>\n\n\n\n<p><strong>UN CAF\u00c9 CON VINO DE CONSAGRAR&nbsp;<\/strong><\/p>\n\n\n\n<p>Lo que no debemos de perder de vista es que las dos autoridades de la historia en M\u00e9xico m\u00e1s s\u00f3lidas o representativas son: el Estado y la Iglesia.<\/p>\n\n\n\n<p>Basta con ver que casi frente a cada Palacio de Gobierno \u2013 en lo federal, estatal y municipal \u2013 al lado, enfrente o casi se manera contigua se edificaron esas sedes sociales as\u00ed pues, el poder pol\u00edtico y el eclesi\u00e1stico, suelen convivir como vecinos. Y una buena relaci\u00f3n entre los vecinos favorece la convivencia cooperativa que estrecha lazos y evita confrontaciones.&nbsp;<\/p>\n\n\n\n<p>\u00a1ES CUANTO!<\/p>\n\n\n\n<p>enriquezambell@gmail.com;<\/p>\n\n\n\n<p>enamjl62@gmail.com<\/p>\n\n\n\n<p>.<\/p>\n","protected":false},"excerpt":{"rendered":"<p>Jos\u00e9 Luis Enr\u00edquez Ambell&nbsp; Caf\u00e9 de Ma\u00f1ana Referirme a la iglesia es en un amplio sentido, y sin dejar de considerar a las instituciones o asociaciones religiosas en su conjunto, y que en nuestro pa\u00eds hay casi 8 mil, de acuerdo a los datos oficiales conocidos y difundidos. En ese sentido, la relaci\u00f3n entre el [&hellip;]<\/p>\n","protected":false},"author":2,"featured_media":141435,"comment_status":"closed","ping_status":"closed","sticky":false,"template":"","format":"standard","meta":{"_jetpack_newsletter_access":"","_jetpack_dont_email_post_to_subs":false,"_jetpack_newsletter_tier_id":0,"_jetpack_memberships_contains_paywalled_content":false,"_jetpack_memberships_contains_paid_content":false,"footnotes":""},"categories":[70],"tags":[],"class_list":["post-147149","post","type-post","status-publish","format-standard","has-post-thumbnail","hentry","category-de-opinion"],"jetpack_featured_media_url":"https:\/\/lospoliticosveracruz.com.mx\/wp-content\/uploads\/2025\/04\/Ambell.jpg","jetpack_sharing_enabled":true,"jetpack_shortlink":"https:\/\/wp.me\/p4Qcd3-Chn","_links":{"self":[{"href":"https:\/\/lospoliticosveracruz.com.mx\/index.php?rest_route=\/wp\/v2\/posts\/147149","targetHints":{"allow":["GET"]}}],"collection":[{"href":"https:\/\/lospoliticosveracruz.com.mx\/index.php?rest_route=\/wp\/v2\/posts"}],"about":[{"href":"https:\/\/lospoliticosveracruz.com.mx\/index.php?rest_route=\/wp\/v2\/types\/post"}],"author":[{"embeddable":true,"href":"https:\/\/lospoliticosveracruz.com.mx\/index.php?rest_route=\/wp\/v2\/users\/2"}],"replies":[{"embeddable":true,"href":"https:\/\/lospoliticosveracruz.com.mx\/index.php?rest_route=%2Fwp%2Fv2%2Fcomments&post=147149"}],"version-history":[{"count":2,"href":"https:\/\/lospoliticosveracruz.com.mx\/index.php?rest_route=\/wp\/v2\/posts\/147149\/revisions"}],"predecessor-version":[{"id":147152,"href":"https:\/\/lospoliticosveracruz.com.mx\/index.php?rest_route=\/wp\/v2\/posts\/147149\/revisions\/147152"}],"wp:featuredmedia":[{"embeddable":true,"href":"https:\/\/lospoliticosveracruz.com.mx\/index.php?rest_route=\/wp\/v2\/media\/141435"}],"wp:attachment":[{"href":"https:\/\/lospoliticosveracruz.com.mx\/index.php?rest_route=%2Fwp%2Fv2%2Fmedia&parent=147149"}],"wp:term":[{"taxonomy":"category","embeddable":true,"href":"https:\/\/lospoliticosveracruz.com.mx\/index.php?rest_route=%2Fwp%2Fv2%2Fcategories&post=147149"},{"taxonomy":"post_tag","embeddable":true,"href":"https:\/\/lospoliticosveracruz.com.mx\/index.php?rest_route=%2Fwp%2Fv2%2Ftags&post=147149"}],"curies":[{"name":"wp","href":"https:\/\/api.w.org\/{rel}","templated":true}]}}