{"id":147153,"date":"2025-06-15T20:56:45","date_gmt":"2025-06-16T01:56:45","guid":{"rendered":"https:\/\/lospoliticosveracruz.com.mx\/?p=147153"},"modified":"2025-06-15T20:57:10","modified_gmt":"2025-06-16T01:57:10","slug":"engrudo","status":"publish","type":"post","link":"https:\/\/lospoliticosveracruz.com.mx\/?p=147153","title":{"rendered":"ENGRUDO"},"content":{"rendered":"\n<p><strong><a href=\"https:\/\/whatsapp.com\/channel\/0029Va8zRWlEKyZIP3Z1dF0e\"><\/a><\/strong><\/p>\n\n\n\n<p><strong><a href=\"https:\/\/whatsapp.com\/channel\/0029Va8zRWlEKyZIP3Z1dF0e\">\u2002\u2002<strong>\u00danete a nuestro canal<\/strong><\/a><\/strong><\/p>\n\n\n\n<p>\u00a1<strong>LOS POL\u00cdTICOS VERACRUZ<\/strong>&nbsp;ya est\u00e1 en WhatsApp!<\/p>\n\n\n\n<p><strong>Guadalupe H. Mar<\/strong><\/p>\n\n\n\n<p><em>Mira Pol\u00edtica<\/em>&nbsp;<\/p>\n\n\n\n<p><strong>SE HIZO BOLAS<\/strong>&nbsp;\u2026 Tras la elecci\u00f3n del pasado domingo uno de junio, se han generado controversias pol\u00edtico electorales que hacen dudar de la eficacia de quienes dirigen y controlan al Partido Movimiento de Regeneraci\u00f3n Nacional en el estado de Veracruz, sobre todo porque desde la capital del pa\u00eds, la propia presidenta de la rep\u00fablica Claudia Sheinbaum Pardo, ha tenido que salir a corregirle la plana al morenismo veracruzano, al igual que la dirigente nacional de Morena Luisa Mar\u00eda Alcalde Luj\u00e1n.<\/p>\n\n\n\n<p>Aqu\u00ed entre nos, porque casi nadie se ha dado cuenta amables lectoras y lectores, al morenismo veracruzano eso de que les corrijan la plana desde la capital del pa\u00eds no les ha quitado el sue\u00f1o como pudiera suponerse, pues a quienes dirigen y controlan al partido Morena en Veracruz, se les ha visto rumbeando en el Salsafest 2025 del municipio de Boca del R\u00edo, muy quitados de la pena.<\/p>\n\n\n\n<p>Mientras aqu\u00ed en Veracruz el morenismo saca a relucir sus pasitos de baile domingueros, all\u00e1 en la capital del pa\u00eds los colaboradores de la dirigente nacional de Morena, preparan las impugnaciones al resultado de la elecci\u00f3n del pasado domingo uno de junio en una veintena de municipios veracruzanos, entre ellos Poza Rica, Naranjos, La Antigua, Guti\u00e9rrez Zamora y Puente Nacional.<\/p>\n\n\n\n<p>Bien dec\u00eda la abuela Nila, unos a la pena y otros a la pepena.<\/p>\n\n\n\n<p><strong>UHM Y RECONTRA UHM<\/strong>&nbsp;\u2026 No est\u00e1n ustedes para saberlo amables lectoras y lectores, pero desde el lunes nueve de junio, hace una semana, el Instituto Nacional Electoral (INE), dio por concluidos los c\u00f3mputos distritales de la elecci\u00f3n del Poder Judicial de la Federaci\u00f3n (PJF) en el estado de Veracruz, mientras que el Organismo P\u00fablico Local Electoral en la entidad veracruzana (Oplever), no lleva ni el cinco por ciento del conteo de votos en la elecci\u00f3n de los nuevos integrantes del Poder Judicial de nuestro estado.<\/p>\n\n\n\n<p>El INE, a trav\u00e9s de un comunicado de prensa dio a conocer hace una semana que, durante nueve d\u00edas de extensas jornadas de trabajo, personal de los consejos distritales realiz\u00f3 el escrutinio y c\u00f3mputo de los votos sufragados por la ciudadan\u00eda el pasado domingo uno de junio, en las casillas seccionales instaladas en el estado de Veracruz.<\/p>\n\n\n\n<p>El mismo lunes nueve de junio que el INE del gobierno federal anunci\u00f3 que hab\u00eda concluido su c\u00f3mputo, a eso de la una de la tarde, comenz\u00f3 a fallar la plataforma para el conteo de votos de la elecci\u00f3n de 98 cargos del Poder Judicial de Veracruz que se eligieron el domingo anterior, uno de junio.<\/p>\n\n\n\n<p>Si bien la federaci\u00f3n ech\u00f3 toda la carne al asador y destin\u00f3 recursos extraordinarios para llevar al Poder Judicial de la Federaci\u00f3n a las personas que all\u00ed requer\u00eda, en Veracruz sucedi\u00f3 todo lo contrario, por ello el Oplever ha ca\u00eddo en el m\u00e1s absoluto de los rid\u00edculos en cuanto a la elecci\u00f3n del Poder Judicial estatal.<\/p>\n\n\n\n<p>Por cierto, la presidenta del Organismo P\u00fablico Local Electoral en Veracruz, Marisol Delgadillo Morales, rindi\u00f3 protesta como tal en septiembre del 2022, ante el entonces secretario del gobierno estatal, Eric Patrocinio Cisneros Burgos, quien se aperson\u00f3 en la sesi\u00f3n solemne del Oplever organizada en domingo para tal fin. Uhm.<\/p>\n\n\n\n<p><strong>TODOS PARA UNO<\/strong>&nbsp;\u2026 Medios de comunicaci\u00f3n Internacionales como Lat Am Journalism Review de Knight Center, han difundido la informaci\u00f3n relacionada con la amenaza velada del alcalde del municipio de Cazones de Herrera Veracruz, Miguel \u00c1ngel Uribe Toral, en contra del periodista Andr\u00e9s P\u00e9rez Mendiola.<\/p>\n\n\n\n<p>El medio de comunicaci\u00f3n estadunidense public\u00f3 lo siguiente:<\/p>\n\n\n\n<p>\u00abEl director del portal de noticias Portavoz MX, Andr\u00e9s P\u00e9rez Mendiola, solicit\u00f3 la intervenci\u00f3n de la Comisi\u00f3n Estatal de Protecci\u00f3n y Atenci\u00f3n de los Periodistas (CEAPP) tras considerar que al parecer sufri\u00f3 una amenaza de parte del alcalde del municipio de Cazones [en el estado mexicano de Veracruz], Miguel \u00c1ngel Uribe Toral, relacionada con su ejercicio period\u00edstico.<\/p>\n\n\n\n<p>De acuerdo con el periodista, ayer 6 de junio public\u00f3 una nota informativa enfocada en el despido de aproximadamente seis trabajadores del Ayuntamiento de Cazones, en el norte de la entidad. Sin embargo, agrega que al paso de unos 15 minutos el alcalde le llam\u00f3 para reclamarle y decirle: \u2018espero que no te pase nada\u2019 [\u2026].<\/p>\n\n\n\n<p>Desde el d\u00eda en que veladamente se amenaz\u00f3 al comunicador norveracruzano, diversas organizaciones de periodistas en el pa\u00eds se han solidarizado con Andr\u00e9s P\u00e9rez Mendiola, director del portal de noticias Portavoz MX, a lo cual nos sumamos desde este espacio.<\/p>\n\n\n\n<p>D\u00cdGALO SIN MIEDO \u2026 Al correo electr\u00f3nico guadalupehmar@gmail.com<\/p>\n","protected":false},"excerpt":{"rendered":"<p>\u2002\u2002\u00danete a nuestro canal \u00a1LOS POL\u00cdTICOS VERACRUZ&nbsp;ya est\u00e1 en WhatsApp! Guadalupe H. Mar Mira Pol\u00edtica&nbsp; SE HIZO BOLAS&nbsp;\u2026 Tras la elecci\u00f3n del pasado domingo uno de junio, se han generado controversias pol\u00edtico electorales que hacen dudar de la eficacia de quienes dirigen y controlan al Partido Movimiento de Regeneraci\u00f3n Nacional en el estado de Veracruz, [&hellip;]<\/p>\n","protected":false},"author":2,"featured_media":141398,"comment_status":"closed","ping_status":"closed","sticky":false,"template":"","format":"standard","meta":{"_jetpack_newsletter_access":"","_jetpack_dont_email_post_to_subs":false,"_jetpack_newsletter_tier_id":0,"_jetpack_memberships_contains_paywalled_content":false,"_jetpack_memberships_contains_paid_content":false,"footnotes":""},"categories":[70],"tags":[],"class_list":["post-147153","post","type-post","status-publish","format-standard","has-post-thumbnail","hentry","category-de-opinion"],"jetpack_featured_media_url":"https:\/\/lospoliticosveracruz.com.mx\/wp-content\/uploads\/2025\/04\/Lupita-H-Mar.jpg","jetpack_sharing_enabled":true,"jetpack_shortlink":"https:\/\/wp.me\/s4Qcd3-engrudo","_links":{"self":[{"href":"https:\/\/lospoliticosveracruz.com.mx\/index.php?rest_route=\/wp\/v2\/posts\/147153","targetHints":{"allow":["GET"]}}],"collection":[{"href":"https:\/\/lospoliticosveracruz.com.mx\/index.php?rest_route=\/wp\/v2\/posts"}],"about":[{"href":"https:\/\/lospoliticosveracruz.com.mx\/index.php?rest_route=\/wp\/v2\/types\/post"}],"author":[{"embeddable":true,"href":"https:\/\/lospoliticosveracruz.com.mx\/index.php?rest_route=\/wp\/v2\/users\/2"}],"replies":[{"embeddable":true,"href":"https:\/\/lospoliticosveracruz.com.mx\/index.php?rest_route=%2Fwp%2Fv2%2Fcomments&post=147153"}],"version-history":[{"count":2,"href":"https:\/\/lospoliticosveracruz.com.mx\/index.php?rest_route=\/wp\/v2\/posts\/147153\/revisions"}],"predecessor-version":[{"id":147155,"href":"https:\/\/lospoliticosveracruz.com.mx\/index.php?rest_route=\/wp\/v2\/posts\/147153\/revisions\/147155"}],"wp:featuredmedia":[{"embeddable":true,"href":"https:\/\/lospoliticosveracruz.com.mx\/index.php?rest_route=\/wp\/v2\/media\/141398"}],"wp:attachment":[{"href":"https:\/\/lospoliticosveracruz.com.mx\/index.php?rest_route=%2Fwp%2Fv2%2Fmedia&parent=147153"}],"wp:term":[{"taxonomy":"category","embeddable":true,"href":"https:\/\/lospoliticosveracruz.com.mx\/index.php?rest_route=%2Fwp%2Fv2%2Fcategories&post=147153"},{"taxonomy":"post_tag","embeddable":true,"href":"https:\/\/lospoliticosveracruz.com.mx\/index.php?rest_route=%2Fwp%2Fv2%2Ftags&post=147153"}],"curies":[{"name":"wp","href":"https:\/\/api.w.org\/{rel}","templated":true}]}}