{"id":147156,"date":"2025-06-15T21:17:54","date_gmt":"2025-06-16T02:17:54","guid":{"rendered":"https:\/\/lospoliticosveracruz.com.mx\/?p=147156"},"modified":"2025-06-15T21:18:08","modified_gmt":"2025-06-16T02:18:08","slug":"la-locomotora-de-la-reeleccion-ilegal-en-la-uv","status":"publish","type":"post","link":"https:\/\/lospoliticosveracruz.com.mx\/?p=147156","title":{"rendered":"LA LOCOMOTORA DE LA REELECCI\u00d3N ILEGAL EN LA UV"},"content":{"rendered":"\n<p><strong><a href=\"https:\/\/whatsapp.com\/channel\/0029Va8zRWlEKyZIP3Z1dF0e\"><\/a><\/strong><\/p>\n\n\n\n<p><strong><a href=\"https:\/\/whatsapp.com\/channel\/0029Va8zRWlEKyZIP3Z1dF0e\">\u2002\u2002<strong>\u00danete a nuestro canal<\/strong><\/a><\/strong><\/p>\n\n\n\n<p>\u00a1<strong>LOS POL\u00cdTICOS VERACRUZ<\/strong>&nbsp;ya est\u00e1 en WhatsApp!<\/p>\n\n\n\n<p><strong>Carlos Miguel Acosta Bravo*<\/strong><\/p>\n\n\n\n<p><em>&nbsp;Impronta<\/em><\/p>\n\n\n\n<p>La pasada semana tuvieron lugar diferentes manifestaciones en las cinco regiones de la Universidad Veacruzana (UV) para hacer p\u00fablico el rechazo al intento del rector Mart\u00edn Aguilar S\u00e1nchez para reelegirse para un segundo mandato (2025-2029) de prolongar su gesti\u00f3n por cuatro a\u00f1os m\u00e1s, la m\u00e1s evidente fue en rectoria, de donde parti\u00f3 la marcha universitaria pac\u00edfica hacia la plaza Lerdo de la ciudad capital. La manifestaci\u00f3n fue de una comunidad universitaria cansada de decisiones que no son de la aprobaci\u00f3n de todos los integrantes, de espaldas a quienes trabajan y forman parte del quehacer diario de la Universidad.<\/p>\n\n\n\n<p>Mart\u00edn Aguilar ha intentado torcer la ley en su beneficio con el apoyo irrestricto de la Junta de Gobierno y tambi\u00e9n del sindicato de personal acad\u00e9mico FESAPAUV. La UV es una de las universidades p\u00fablicas m\u00e1s importantes de M\u00e9xico y su elecci\u00f3n ha sido un tema pol\u00e9mico en Veracruz y seg\u00fan el presupuesto de egresos de la federaci\u00f3n (SHCP), as\u00ed como de informes financieros de la propia UV disponibles en su portal oficial se estima que su presupuesto anual de la Universidad Veracruzana (UV) es de alrededor de $13,500 millones de pesos mexicanos, el cual fue ejercido durante 2024 y da una idea de los jugosos negocios que al amparo de la Rectoria y del presupuesto pueden realizarse.<\/p>\n\n\n\n<p>Diferentes actores como Jorge Manzo, Marisol Luna y Rafael Vela as\u00ed como estudiantes han manifestado el rechazo a la permanencia de Aguilar S\u00e1nchez, y apuntado que la Universidad es patrimonio del pueblo veracruzano y debe conducirse con transparencia y legalidad. Manzo precis\u00f3 que nunca en sus 80 a\u00f1os se hab\u00eda intentado algo as\u00ed. Exigimos respeto a la autonom\u00eda y a las reglas del juego. Diferente trabajadores de la UV, han se\u00f1alado un ambiente de hostigamiento laboral contra quienes han criticado p\u00fablicamente la solicitud de pr\u00f3rroga.<\/p>\n\n\n\n<p>Por su parte el \u00d3rgano de Fiscalizaci\u00f3n Superior del Estado de Veracruz (ORFIS) est\u00e1 investigando un presunto da\u00f1o patrimonial en la Universidad Veracruzana (UV) por un monto de 4 millones 652 mil 538 pesos, correspondiente a la Cuenta P\u00fablica 2023 de la cual ser\u00eda responsable el actual rector Aguilar S\u00e1nchez. La revisi\u00f3n se centra en el manejo de los recursos p\u00fablicos de la instituci\u00f3n y ya se ha presentado una denuncia por este presunto desv\u00edo.&nbsp;<\/p>\n\n\n\n<p>El ORFIS, a trav\u00e9s de la auditora general, Delia Gonz\u00e1lez Cobos, ha confirmado que se est\u00e1 llevando a cabo la revisi\u00f3n del manejo financiero de la UV en relaci\u00f3n con este presunto da\u00f1o patrimonial. En cuanto a la UV, la revisi\u00f3n se enfoca en un presunto desv\u00edo de recursos que asciende a 4 millones 652 mil 538 pesos, y se est\u00e1n realizando las investigaciones correspondientes para determinar las causas y responsabilidades. Quiz\u00e1s por esta situaci\u00f3n de mal uso de recursos p\u00fablicos pueda entenderse la obstinaci\u00f3n del actual rector, quien no ha declinado a su pretensi\u00f3n de perpetuarse en el poder. Lo que requiere la Universidad es legitimidad y transparencia.<\/p>\n\n\n\n<p>Hasta el momento distintas autoridades han buscado contener el conflicto, no d\u00e1ndole mayor difusi\u00f3n y buscando esconder las distintas e importantes manifestaciones de repudio a la permanencia de Aguilar, y de esa manera est\u00e1n jugando y respaldando a Aguilar S\u00e1nchez, teniendo claro que no tiene las condiciones para repetir y seguir al frente.<\/p>\n\n\n\n<p>Los candidatos a suceder a Mart\u00edn Aguilar, hasta el momento son Jorge Manzo Denes, Rafael Vela Mart\u00ednez y Marisol Luna Leal, acad\u00e9micos con una amplia trayectoria en la UV, quienes est\u00e1n a la espera de la convocatoria para iniciar la consulta con la comunidad universitaria y esto ponga fin a la oscura y poco clara gesti\u00f3n al frente de la UV.<\/p>\n\n\n\n<p>El intento de perpetuar la gesti\u00f3n de Aguilar S\u00e1nchez, resulta poco conveniente para la m\u00e1xima casa de estudios del estado, quien por dignidad y falta de consenso entre los integrantes de la comunidad universitaria debiera renunciar, y retirarse incluso antes del lamentable fracaso de su exhibici\u00f3n de reelecci\u00f3n que no tiene las condiciones para mantenerse. Sin embargo el tren de la tosudez va en camino recto y como una locomotora a toda velocidad en donde no se observa la pertinencia, ni tampoco la sensibilidad para bajarse y permitir que se tome la decisi\u00f3n m\u00e1s sana y conveniente para la UV.<\/p>\n\n\n\n<p>Las preguntas que quedan por hacerse es quien respalda la permanencia de Mart\u00edn Aguilar?, y que oscuros intereses se quieren esconderse con su continuidad? Porqu\u00e9 raz\u00f3n no se han dado a conocer las razones de la renuncia de la Doctora Mar\u00eda Ang\u00e9lica Buend\u00eda Espinosa, como integrante de la Junta de Gobierno quien decidi\u00f3 apartarse del proceso interno de pr\u00f3rroga o sucesi\u00f3n rectoral de la UV?<\/p>\n\n\n\n<p>Por lo que se ve existe la firme intenci\u00f3n de imponer para un segundo mandato a Mart\u00edn Aguilar, la pregunta es a que precio y sobre todo si vale la pena hacerlo?, cu\u00e1ndo por lo que se est\u00e1 viendo no tendr\u00e1 las condiciones para integrar y cohesionar las distintas \u00e1reas de la Universidad, por lo cual veremos a una universidad paralizada y sin dar buenos resultados, tanto a estudiantes como a la sociedad veracruzana en lo general. Lo que est\u00e1 en juego es la defensa del futuro de la UV como una instituci\u00f3n promotora de cultura y garante de una educaci\u00f3n p\u00fablica con dignidad y legalidad, en donde se deje claro que el futuro se construye con participaci\u00f3n, creando consensos, con legalidad sin trucos legales. Esperamos que la Gobernadora se asome a este conflicto y no permita que se tome una decisi\u00f3n que claramente afectar\u00e1 el destino de la m\u00e1xima casa de estudios. Se debate el sentido mismo de la autonom\u00eda universitaria.<\/p>\n\n\n\n<p>cacostabravo@yahoo.com.mx<\/p>\n\n\n\n<p>*Maestro en comunicaci\u00f3n por la Universidad Iberoamericana. De la que ha formado parte del cuerpo de profesores de la licenciatura en comunicaci\u00f3n, as\u00ed como de la Universidad An\u00e1huac, camp\u00fas CDMX.<\/p>\n","protected":false},"excerpt":{"rendered":"<p>\u2002\u2002\u00danete a nuestro canal \u00a1LOS POL\u00cdTICOS VERACRUZ&nbsp;ya est\u00e1 en WhatsApp! Carlos Miguel Acosta Bravo* &nbsp;Impronta La pasada semana tuvieron lugar diferentes manifestaciones en las cinco regiones de la Universidad Veacruzana (UV) para hacer p\u00fablico el rechazo al intento del rector Mart\u00edn Aguilar S\u00e1nchez para reelegirse para un segundo mandato (2025-2029) de prolongar su gesti\u00f3n por [&hellip;]<\/p>\n","protected":false},"author":2,"featured_media":141377,"comment_status":"closed","ping_status":"closed","sticky":false,"template":"","format":"standard","meta":{"_jetpack_newsletter_access":"","_jetpack_dont_email_post_to_subs":false,"_jetpack_newsletter_tier_id":0,"_jetpack_memberships_contains_paywalled_content":false,"_jetpack_memberships_contains_paid_content":false,"footnotes":""},"categories":[70],"tags":[],"class_list":["post-147156","post","type-post","status-publish","format-standard","has-post-thumbnail","hentry","category-de-opinion"],"jetpack_featured_media_url":"https:\/\/lospoliticosveracruz.com.mx\/wp-content\/uploads\/2025\/04\/Carlos-Miguel-Acosta-Bravo.jpg","jetpack_sharing_enabled":true,"jetpack_shortlink":"https:\/\/wp.me\/p4Qcd3-Chu","_links":{"self":[{"href":"https:\/\/lospoliticosveracruz.com.mx\/index.php?rest_route=\/wp\/v2\/posts\/147156","targetHints":{"allow":["GET"]}}],"collection":[{"href":"https:\/\/lospoliticosveracruz.com.mx\/index.php?rest_route=\/wp\/v2\/posts"}],"about":[{"href":"https:\/\/lospoliticosveracruz.com.mx\/index.php?rest_route=\/wp\/v2\/types\/post"}],"author":[{"embeddable":true,"href":"https:\/\/lospoliticosveracruz.com.mx\/index.php?rest_route=\/wp\/v2\/users\/2"}],"replies":[{"embeddable":true,"href":"https:\/\/lospoliticosveracruz.com.mx\/index.php?rest_route=%2Fwp%2Fv2%2Fcomments&post=147156"}],"version-history":[{"count":1,"href":"https:\/\/lospoliticosveracruz.com.mx\/index.php?rest_route=\/wp\/v2\/posts\/147156\/revisions"}],"predecessor-version":[{"id":147157,"href":"https:\/\/lospoliticosveracruz.com.mx\/index.php?rest_route=\/wp\/v2\/posts\/147156\/revisions\/147157"}],"wp:featuredmedia":[{"embeddable":true,"href":"https:\/\/lospoliticosveracruz.com.mx\/index.php?rest_route=\/wp\/v2\/media\/141377"}],"wp:attachment":[{"href":"https:\/\/lospoliticosveracruz.com.mx\/index.php?rest_route=%2Fwp%2Fv2%2Fmedia&parent=147156"}],"wp:term":[{"taxonomy":"category","embeddable":true,"href":"https:\/\/lospoliticosveracruz.com.mx\/index.php?rest_route=%2Fwp%2Fv2%2Fcategories&post=147156"},{"taxonomy":"post_tag","embeddable":true,"href":"https:\/\/lospoliticosveracruz.com.mx\/index.php?rest_route=%2Fwp%2Fv2%2Ftags&post=147156"}],"curies":[{"name":"wp","href":"https:\/\/api.w.org\/{rel}","templated":true}]}}