{"id":147211,"date":"2025-06-16T19:03:16","date_gmt":"2025-06-17T00:03:16","guid":{"rendered":"https:\/\/lospoliticosveracruz.com.mx\/?p=147211"},"modified":"2025-06-16T19:03:25","modified_gmt":"2025-06-17T00:03:25","slug":"veracruz-ya-esta-de-moda","status":"publish","type":"post","link":"https:\/\/lospoliticosveracruz.com.mx\/?p=147211","title":{"rendered":"VERACRUZ (ya) EST\u00c1 DE MODA"},"content":{"rendered":"\n<p><strong><a href=\"https:\/\/whatsapp.com\/channel\/0029Va8zRWlEKyZIP3Z1dF0e\">\u2002\u2002<strong>\u00danete a nuestro canal<\/strong><\/a><\/strong><\/p>\n\n\n\n<p>\u00a1<strong>LOS POL\u00cdTICOS VERACRUZ<\/strong>&nbsp;HUELE A GAS! est\u00e1 en WhatsApp!<\/p>\n\n\n\n<p><strong>Juan Javier G\u00f3mez Cazar\u00edn<\/strong><\/p>\n\n\n\n<p><em>Lo que yo pienso<\/em><\/p>\n\n\n\n<p>Ayer domingo concluy\u00f3 el Salsa Fest 2025. \u00bfLa cifra de asistentes en tres d\u00edas? \u00a1600 mil personas!<\/p>\n\n\n\n<p>Ustedes saben que yo no soy salsero, sino cumbiero de coraz\u00f3n, pero aprecio una buena canci\u00f3n de salsa, esas de letra llegadora.<\/p>\n\n\n\n<p>Y me queda claro que el Salsa Fest este a\u00f1o se consolid\u00f3, gracias a la gobernadora Roc\u00edo Nahle, como una gran herramienta de promoci\u00f3n del Estado.<\/p>\n\n\n\n<p>Con la visi\u00f3n de la Gobernadora, en el primer a\u00f1o de su administraci\u00f3n, el Salsa Fest se proyect\u00f3 al cielo. \u00a1Fue todo un \u00e9xito!<\/p>\n\n\n\n<p>Y si no me creen, pregunten a los hoteleros, restauranteros, taxistas, vendedores ambulantes, operadores de viajes tur\u00edsticos, locatarios de plazas comerciales y dem\u00e1s beneficiados de la derrama econ\u00f3mica de estos tres d\u00edas.<\/p>\n\n\n\n<p>Y aqu\u00ed hay algo muy importante: miles de visitantes se fueron a sus casas hablando bien de Veracruz, de su comida, de la calidad de sus servicios, de lo bien que se la pasaron. Claro, ellos animar\u00e1n a m\u00e1s gente a venir a nuestra tierra.<\/p>\n\n\n\n<p>La gobernadora Roc\u00edo Nahle se propuso poner a Veracruz de moda y a pocos meses de su mandato lo ha logrado de manera indiscutible.<\/p>\n\n\n\n<p>No s\u00e9 a ustedes: pero a m\u00ed me emociona ver al Estado as\u00ed, de moda en M\u00e9xico y el mundo, con la determinaci\u00f3n de una gobernadora como Roc\u00edo Nahle.<\/p>\n\n\n\n<p>Me emociona verla trabajar con ese amor y dedicaci\u00f3n para dar resultados al pueblo de Veracruz.<\/p>\n\n\n\n<p>Y como la promoci\u00f3n tur\u00edstica no lo es todo, tambi\u00e9n le est\u00e1 echando mano a las carreteras, esas que recorre personalmente para verificar de manera directa las condiciones en que se encuentran (que no son muy buenas).<\/p>\n\n\n\n<p>\u00a1Tenemos a una gran Gobernadora y vamos por muy buen camino!<\/p>\n\n\n\n<p>Posdata.- El fin de semana anduve en la Cuenca del Papaloapan y ahora ando en el Totonacapan, chambe\u00e1ndole duro al tema de los comit\u00e9s de pueblos ind\u00edgenas que manejar\u00e1n recursos del Fondo de Aportaciones para la Infraestructura Social (FAIS).<\/p>\n\n\n\n<p>Me explico: el recurso le llegar\u00e1 a los comit\u00e9s ind\u00edgenas y ellos, dem(ocr\u00e1ticamente, decidir\u00e1n su destino. Sin mano negra de ning\u00fan funcionario, sin constructoras \u00abrecomendadas\u00bb, sin que nadie les diga a qu\u00e9 proveedor le tienen que comprar.<\/p>\n\n\n\n<p>Esos son los tiempos de la 4T, donde manda el pueblo y la palabra de la presidenta Claudia Sheinbaum se cumple, as\u00ed como nosotros cumplimos las instrucciones de la secretaria Ariadna Montiel, coordinados con la gobernadora Roc\u00edo Nahle.<\/p>\n\n\n\n<p>Posdata 2.- Muchas felicidades a todos los pap\u00e1s que me siguen. Mi abrazo con reconocimiento por su paternidad responsable y amorosa para con sus hijas e hijos.<\/p>\n","protected":false},"excerpt":{"rendered":"<p>\u2002\u2002\u00danete a nuestro canal \u00a1LOS POL\u00cdTICOS VERACRUZ&nbsp;HUELE A GAS! est\u00e1 en WhatsApp! Juan Javier G\u00f3mez Cazar\u00edn Lo que yo pienso Ayer domingo concluy\u00f3 el Salsa Fest 2025. \u00bfLa cifra de asistentes en tres d\u00edas? \u00a1600 mil personas! Ustedes saben que yo no soy salsero, sino cumbiero de coraz\u00f3n, pero aprecio una buena canci\u00f3n de salsa, [&hellip;]<\/p>\n","protected":false},"author":2,"featured_media":141393,"comment_status":"closed","ping_status":"closed","sticky":false,"template":"","format":"standard","meta":{"_jetpack_newsletter_access":"","_jetpack_dont_email_post_to_subs":false,"_jetpack_newsletter_tier_id":0,"_jetpack_memberships_contains_paywalled_content":false,"_jetpack_memberships_contains_paid_content":false,"footnotes":""},"categories":[70],"tags":[12695],"class_list":["post-147211","post","type-post","status-publish","format-standard","has-post-thumbnail","hentry","category-de-opinion","tag-juan-javier-gomez-cazarin"],"jetpack_featured_media_url":"https:\/\/lospoliticosveracruz.com.mx\/wp-content\/uploads\/2025\/04\/Juan-Javier-Gomez-Cazarin.jpg","jetpack_sharing_enabled":true,"jetpack_shortlink":"https:\/\/wp.me\/p4Qcd3-Cin","_links":{"self":[{"href":"https:\/\/lospoliticosveracruz.com.mx\/index.php?rest_route=\/wp\/v2\/posts\/147211","targetHints":{"allow":["GET"]}}],"collection":[{"href":"https:\/\/lospoliticosveracruz.com.mx\/index.php?rest_route=\/wp\/v2\/posts"}],"about":[{"href":"https:\/\/lospoliticosveracruz.com.mx\/index.php?rest_route=\/wp\/v2\/types\/post"}],"author":[{"embeddable":true,"href":"https:\/\/lospoliticosveracruz.com.mx\/index.php?rest_route=\/wp\/v2\/users\/2"}],"replies":[{"embeddable":true,"href":"https:\/\/lospoliticosveracruz.com.mx\/index.php?rest_route=%2Fwp%2Fv2%2Fcomments&post=147211"}],"version-history":[{"count":1,"href":"https:\/\/lospoliticosveracruz.com.mx\/index.php?rest_route=\/wp\/v2\/posts\/147211\/revisions"}],"predecessor-version":[{"id":147212,"href":"https:\/\/lospoliticosveracruz.com.mx\/index.php?rest_route=\/wp\/v2\/posts\/147211\/revisions\/147212"}],"wp:featuredmedia":[{"embeddable":true,"href":"https:\/\/lospoliticosveracruz.com.mx\/index.php?rest_route=\/wp\/v2\/media\/141393"}],"wp:attachment":[{"href":"https:\/\/lospoliticosveracruz.com.mx\/index.php?rest_route=%2Fwp%2Fv2%2Fmedia&parent=147211"}],"wp:term":[{"taxonomy":"category","embeddable":true,"href":"https:\/\/lospoliticosveracruz.com.mx\/index.php?rest_route=%2Fwp%2Fv2%2Fcategories&post=147211"},{"taxonomy":"post_tag","embeddable":true,"href":"https:\/\/lospoliticosveracruz.com.mx\/index.php?rest_route=%2Fwp%2Fv2%2Ftags&post=147211"}],"curies":[{"name":"wp","href":"https:\/\/api.w.org\/{rel}","templated":true}]}}