{"id":147285,"date":"2025-06-17T19:13:56","date_gmt":"2025-06-18T00:13:56","guid":{"rendered":"https:\/\/lospoliticosveracruz.com.mx\/?p=147285"},"modified":"2025-06-17T19:14:10","modified_gmt":"2025-06-18T00:14:10","slug":"ven-a-las-fiestas-de-santa-ana","status":"publish","type":"post","link":"https:\/\/lospoliticosveracruz.com.mx\/?p=147285","title":{"rendered":"VEN A LAS FIESTAS DE SANTA ANA!"},"content":{"rendered":"\n<p><\/p>\n\n\n\n<p>El Gobierno Municipal de Boca del R\u00edo, encabezado por el alcalde Juan Manuel Un\u00e1nue Abascal, present\u00f3 el programa de actividades que se llevar\u00e1n a cabo del 20 al 27 de julio en el marco de las fiestas patronales de nuestra Se\u00f1ora de Santa Ana 2025.<\/p>\n\n\n\n<p>Dicho programa contiene actividades deportivas, culturales, religiosas y art\u00edsticas de primer nivel y para todo p\u00fablico que podr\u00e1n disfrutar de manera gratuita.<\/p>\n\n\n\n<p>\u201cEsta fiesta pone en alto el nombre de Boca del R\u00edo y es tambi\u00e9n una pol\u00edtica p\u00fablica para reactivar la econom\u00eda local y apoyar a los prestadores de servicios\u201d, expres\u00f3 el mun\u00edcipe boque\u00f1o.<\/p>\n\n\n\n<p>Durante la presentaci\u00f3n estuvieron presentes la Presidenta del DIF Municipal, Melina Rivera de Un\u00e1nue y la Diputada Federal, Maryjose Gamboa Torales, as\u00ed como el cuerpo edilicio, representantes de c\u00e1maras empresariales y comercio local, as\u00ed como representantes de diferentes medios de comunicaci\u00f3n.<\/p>\n\n\n\n<p>Finalmente, el Presidente Municipal, Juan Manuel Un\u00e1nue Abascal, enfatiz\u00f3 que se trata de una celebraci\u00f3n de lujo que recuerda la herencia cultural de los boque\u00f1os y la modernidad de Boca del R\u00edo, \u00a1Lo mejor de Veracruz!<\/p>\n\n\n\n<p>Para mayor informaci\u00f3n pueden visitar las Redes Sociales Oficiales del Ayuntamiento: <strong><a href=\"http:\/\/www.facebook.com\/BocaLoMejorDeVeracruz\">www.facebook.com\/<em>BocaLoMejorDeVeracruz<\/em><\/a><\/strong>, Twitter: @_BocadelRio e Instagram: @bocadelrio.ver; as\u00ed como la p\u00e1gina oficial <em><strong><a href=\"http:\/\/www.fiesta-santa-ana.mx\">www.fiesta-santa-ana.mx<\/a><\/strong><\/em><\/p>\n\n\n\n<p><em><strong>PROGRAMA GENERAL DE ACTIVIDADES<\/strong><\/em><\/p>\n\n\n\n<p><em><strong>DOMINGO 20 DE JULIO<\/strong><\/em><br>**6:30 am Carrera Conmemorativa de Nuestra Se\u00f1ora de Santa Ana 2025 (4.\u00aa edici\u00f3n) \u2013 3k y 5k (bulevar Vicente Fox)<\/p>\n\n\n\n<p><em>MI\u00c9RCOLES 23 DE JULIO<\/em><br>**Concursos tradicionales desde las 9:30 am: Carrera de meseros, vencidas con cuerda, palo encebado, comelones, yardas y lanzamiento de atarrayas en el R\u00edo Jamapa.<br>**7 p.m. Verbena musical en el andador Revoluci\u00f3n (Col. Centro)<\/p>\n\n\n\n<p><em>JUEVES 24 DE JULIO<\/em><br>**9 pm Coronaci\u00f3n de la Corte Real 2025<br>**10 pm Concierto masivo: La Adictiva (Plaza C\u00edvica)<\/p>\n\n\n\n<p><em>VIERNES 25 DE JULIO<\/em><br>**8 am Confirmaciones en Casa Santa Ana<br>**3 pm Filete relleno de mariscos m\u00e1s grande del mundo (Av. Revoluci\u00f3n, Col. Centro)<br>**7 pm Procesi\u00f3n y serenata (De casa de la Cultura a Parroquia Santa Ana)<br>**9 pm Concierto masivo: Belinda (Plaza C\u00edvica)<\/p>\n\n\n\n<p><em>S\u00c1BADO 26 DE JULIO<\/em><br>**9 am Paseo acu\u00e1tico en el R\u00edo Jamapa y ofrenda floral<br>**12 pm Misa solemne (Parroquia Santa Ana)<br>**12 pm Tradicional Ba\u00f1o Popular con los Padrinos Liz Vega y Alfredo \u201cEl Pulpo) y sus teclados (Plaza C\u00edvica)<br>**7 pm Misa de clausura (Parroquia Santa Ana)<br>**9 pm Concierto masivo: Pepe Aguilar (Plaza C\u00edvica)<\/p>\n\n\n\n<p><em>DOMINGO 27 DE JULIO<\/em><br>**6 pm Tradicional Torito Gigante (Plaza C\u00edvica)<br>**9 pm Concierto de clausura: Edwin Luna y La Trakalosa de Monterrey (Plaza C\u00edvica)<\/p>\n","protected":false},"excerpt":{"rendered":"<p>El Gobierno Municipal de Boca del R\u00edo, encabezado por el alcalde Juan Manuel Un\u00e1nue Abascal, present\u00f3 el programa de actividades que se llevar\u00e1n a cabo del 20 al 27 de julio en el marco de las fiestas patronales de nuestra Se\u00f1ora de Santa Ana 2025. Dicho programa contiene actividades deportivas, culturales, religiosas y art\u00edsticas de [&hellip;]<\/p>\n","protected":false},"author":2,"featured_media":147286,"comment_status":"closed","ping_status":"closed","sticky":false,"template":"","format":"standard","meta":{"_jetpack_newsletter_access":"","_jetpack_dont_email_post_to_subs":false,"_jetpack_newsletter_tier_id":0,"_jetpack_memberships_contains_paywalled_content":false,"_jetpack_memberships_contains_paid_content":false,"footnotes":""},"categories":[73],"tags":[],"class_list":["post-147285","post","type-post","status-publish","format-standard","has-post-thumbnail","hentry","category-de-boleto"],"jetpack_featured_media_url":"https:\/\/lospoliticosveracruz.com.mx\/wp-content\/uploads\/2025\/06\/IMG_2568.jpeg","jetpack_sharing_enabled":true,"jetpack_shortlink":"https:\/\/wp.me\/p4Qcd3-Cjz","_links":{"self":[{"href":"https:\/\/lospoliticosveracruz.com.mx\/index.php?rest_route=\/wp\/v2\/posts\/147285","targetHints":{"allow":["GET"]}}],"collection":[{"href":"https:\/\/lospoliticosveracruz.com.mx\/index.php?rest_route=\/wp\/v2\/posts"}],"about":[{"href":"https:\/\/lospoliticosveracruz.com.mx\/index.php?rest_route=\/wp\/v2\/types\/post"}],"author":[{"embeddable":true,"href":"https:\/\/lospoliticosveracruz.com.mx\/index.php?rest_route=\/wp\/v2\/users\/2"}],"replies":[{"embeddable":true,"href":"https:\/\/lospoliticosveracruz.com.mx\/index.php?rest_route=%2Fwp%2Fv2%2Fcomments&post=147285"}],"version-history":[{"count":1,"href":"https:\/\/lospoliticosveracruz.com.mx\/index.php?rest_route=\/wp\/v2\/posts\/147285\/revisions"}],"predecessor-version":[{"id":147287,"href":"https:\/\/lospoliticosveracruz.com.mx\/index.php?rest_route=\/wp\/v2\/posts\/147285\/revisions\/147287"}],"wp:featuredmedia":[{"embeddable":true,"href":"https:\/\/lospoliticosveracruz.com.mx\/index.php?rest_route=\/wp\/v2\/media\/147286"}],"wp:attachment":[{"href":"https:\/\/lospoliticosveracruz.com.mx\/index.php?rest_route=%2Fwp%2Fv2%2Fmedia&parent=147285"}],"wp:term":[{"taxonomy":"category","embeddable":true,"href":"https:\/\/lospoliticosveracruz.com.mx\/index.php?rest_route=%2Fwp%2Fv2%2Fcategories&post=147285"},{"taxonomy":"post_tag","embeddable":true,"href":"https:\/\/lospoliticosveracruz.com.mx\/index.php?rest_route=%2Fwp%2Fv2%2Ftags&post=147285"}],"curies":[{"name":"wp","href":"https:\/\/api.w.org\/{rel}","templated":true}]}}