{"id":147288,"date":"2025-06-17T19:28:46","date_gmt":"2025-06-18T00:28:46","guid":{"rendered":"https:\/\/lospoliticosveracruz.com.mx\/?p=147288"},"modified":"2025-06-17T19:28:57","modified_gmt":"2025-06-18T00:28:57","slug":"maryjose-no-para","status":"publish","type":"post","link":"https:\/\/lospoliticosveracruz.com.mx\/?p=147288","title":{"rendered":"MARYJOSE NO PARA!"},"content":{"rendered":"\n<p><\/p>\n\n\n\n<p>Boca del R\u00edo: Maryjose Gamboa, alcaldesa electa de Boca del R\u00edo por el Partido Acci\u00f3n Nacional, reinici\u00f3 sus actividades en territorio, en las que ayuda a los sectores que m\u00e1s lo necesitan.<\/p>\n\n\n\n<p>\u201cHoy en la Colonia Guti\u00e9rrez Barrios reiniciamos los talleres de elaboraci\u00f3n de hojaldras.<\/p>\n\n\n\n<p>Ah\u00ed saludamos y platicamos con las boque\u00f1as que asistieron y con quienes pudimos platicar y apoyarlas para que emprendan y se autoempleen\u201d, public\u00f3 en sus redes sociales.<\/p>\n\n\n\n<p>Hay que recordar que Maryjose Gamboa lleva ya varios a\u00f1os trabajando en las colonias y fraccionamientos de Boca del R\u00edo, en donde implementa diversos talleres de apoyo a mujeres emprendedoras, entre otros sectores.<\/p>\n","protected":false},"excerpt":{"rendered":"<p>Boca del R\u00edo: Maryjose Gamboa, alcaldesa electa de Boca del R\u00edo por el Partido Acci\u00f3n Nacional, reinici\u00f3 sus actividades en territorio, en las que ayuda a los sectores que m\u00e1s lo necesitan. \u201cHoy en la Colonia Guti\u00e9rrez Barrios reiniciamos los talleres de elaboraci\u00f3n de hojaldras. Ah\u00ed saludamos y platicamos con las boque\u00f1as que asistieron y [&hellip;]<\/p>\n","protected":false},"author":2,"featured_media":147289,"comment_status":"closed","ping_status":"closed","sticky":false,"template":"","format":"standard","meta":{"_jetpack_newsletter_access":"","_jetpack_dont_email_post_to_subs":false,"_jetpack_newsletter_tier_id":0,"_jetpack_memberships_contains_paywalled_content":false,"_jetpack_memberships_contains_paid_content":false,"footnotes":""},"categories":[73],"tags":[],"class_list":["post-147288","post","type-post","status-publish","format-standard","has-post-thumbnail","hentry","category-de-boleto"],"jetpack_featured_media_url":"https:\/\/lospoliticosveracruz.com.mx\/wp-content\/uploads\/2025\/06\/IMG_2570.jpeg","jetpack_sharing_enabled":true,"jetpack_shortlink":"https:\/\/wp.me\/p4Qcd3-CjC","_links":{"self":[{"href":"https:\/\/lospoliticosveracruz.com.mx\/index.php?rest_route=\/wp\/v2\/posts\/147288","targetHints":{"allow":["GET"]}}],"collection":[{"href":"https:\/\/lospoliticosveracruz.com.mx\/index.php?rest_route=\/wp\/v2\/posts"}],"about":[{"href":"https:\/\/lospoliticosveracruz.com.mx\/index.php?rest_route=\/wp\/v2\/types\/post"}],"author":[{"embeddable":true,"href":"https:\/\/lospoliticosveracruz.com.mx\/index.php?rest_route=\/wp\/v2\/users\/2"}],"replies":[{"embeddable":true,"href":"https:\/\/lospoliticosveracruz.com.mx\/index.php?rest_route=%2Fwp%2Fv2%2Fcomments&post=147288"}],"version-history":[{"count":1,"href":"https:\/\/lospoliticosveracruz.com.mx\/index.php?rest_route=\/wp\/v2\/posts\/147288\/revisions"}],"predecessor-version":[{"id":147290,"href":"https:\/\/lospoliticosveracruz.com.mx\/index.php?rest_route=\/wp\/v2\/posts\/147288\/revisions\/147290"}],"wp:featuredmedia":[{"embeddable":true,"href":"https:\/\/lospoliticosveracruz.com.mx\/index.php?rest_route=\/wp\/v2\/media\/147289"}],"wp:attachment":[{"href":"https:\/\/lospoliticosveracruz.com.mx\/index.php?rest_route=%2Fwp%2Fv2%2Fmedia&parent=147288"}],"wp:term":[{"taxonomy":"category","embeddable":true,"href":"https:\/\/lospoliticosveracruz.com.mx\/index.php?rest_route=%2Fwp%2Fv2%2Fcategories&post=147288"},{"taxonomy":"post_tag","embeddable":true,"href":"https:\/\/lospoliticosveracruz.com.mx\/index.php?rest_route=%2Fwp%2Fv2%2Ftags&post=147288"}],"curies":[{"name":"wp","href":"https:\/\/api.w.org\/{rel}","templated":true}]}}