{"id":147311,"date":"2025-06-17T22:50:39","date_gmt":"2025-06-18T03:50:39","guid":{"rendered":"https:\/\/lospoliticosveracruz.com.mx\/?p=147311"},"modified":"2025-06-17T22:51:01","modified_gmt":"2025-06-18T03:51:01","slug":"censura","status":"publish","type":"post","link":"https:\/\/lospoliticosveracruz.com.mx\/?p=147311","title":{"rendered":"CENSURA"},"content":{"rendered":"\n<p><strong><a href=\"https:\/\/whatsapp.com\/channel\/0029Va8zRWlEKyZIP3Z1dF0e\">\u2002\u2002<strong>\u00danete a nuestro canal<\/strong><\/a><\/strong><\/p>\n\n\n\n<p>\u00a1<strong>LOS POL\u00cdTICOS VERACRUZ<\/strong>&nbsp;HUELE A GAS! est\u00e1 en WhatsApp!<\/p>\n\n\n\n<p><strong>Guadalupe H. Mar<\/strong><\/p>\n\n\n\n<p><em>Mira Pol\u00edtica&nbsp;<\/em><\/p>\n\n\n\n<p><strong>A MODO<\/strong> \u2026 Veracruz vuelve a ser noticia nacional, incluso allende nuestras fronteras y se mantiene a la moda, ahora por el caso que ventila la organizaci\u00f3n internacional Article 19, con relaci\u00f3n a las medidas cautelares que le impuso el Tribunal Electoral de Veracruz (TEV) a la acad\u00e9mica e investigadora Celia del Palacio Montiel, por supuesta violencia pol\u00edtica de g\u00e9nero en contra de quien en el 2021, fuera la candidata de Morena a la alcald\u00eda municipal de Teocelo, Veracruz, Mara Yamileth Chama Villa.<\/p>\n\n\n\n<p>La doctora en historia Celia del Palacio Montiel, con amplia trayectoria en Veracruz y en la Universidad Veracruzana (UV), es actualmente coordinadora del Observatorio y colaboradora en UDGTV Canal 44.<\/p>\n\n\n\n<p>En contra de ella, Mara Yamileth Chama Villa, quien fue candidata a ocupar la presidencia municipal de Teocelo, Veracruz en el proceso electoral 2020-2021 y una vez m\u00e1s en el proceso electoral de 2025, present\u00f3 una denuncia alegando violencia pol\u00edtica de g\u00e9nero supuestamente cometida por Celia del Palacio.<\/p>\n\n\n\n<p>Tras meses y meses que dur\u00f3 el proceso, finalmente el Tribunal Electoral de Veracruz dict\u00f3 diversas medidas cautelares, entre ellas ordenando a la UDGTV Canal 44, con sede en Guadalajara, la eliminaci\u00f3n de una publicaci\u00f3n del 26 de mayo del a\u00f1o en curso, donde informan que Mara Yamileth Chama, candidata en 2021 a edil en Teocelo, es hija del entonces alcalde Mario Chama D\u00edaz.<\/p>\n\n\n\n<p>La acad\u00e9mica y coordinadora del Observatorio de Libertad de Expresi\u00f3n y Violencia contra Periodistas de la Universidad de Guadalajara, del Palacio Montiel, dio a conocer que este tipo de medidas cautelares sustentadas en supuesta violencia de g\u00e9nero, las ha repetido en varias ocasiones el TEV, lo cual deja entrever el abuso de estas normativas contra periodistas.<\/p>\n\n\n\n<p>Por ello, en las \u00faltimas semanas esta organizaci\u00f3n ha tenido que emitir diversos comunicados por el abuso de las normativas electorales, en particular de violencia de g\u00e9nero.<\/p>\n\n\n\n<p>Por ello, la organizaci\u00f3n internacional Art\u00edculo 19 exigi\u00f3 al Tribunal Electoral de Veracruz, a no solo verificar la legalidad en el proceso que afecta los derechos electorales de la ciudadan\u00eda, sino a revisar la proporcionalidad de las medidas cautelares que dicte, as\u00ed como realizar ejercicios de ponderaci\u00f3n sobre derechos vulnerados en sus decisiones.<\/p>\n\n\n\n<p><strong>\u00bfCARNAVAL O FESTIVAL?<\/strong>&nbsp;\u2026 Todo est\u00e1 listo para el Festival Cervecero de Verano Veracruz 2025, mal llamado Carnaval, que se efectuar\u00e1 en la ciudad y puerto de Veracruz del 26 de junio al 2 de julio.<\/p>\n\n\n\n<p>Festival Cervecero de Verano 2025 y no Carnaval, porque este va ligado a las festividades religiosas de la Cuaresma.<\/p>\n\n\n\n<p>Festival porque el gobierno municipal dispuso quienes ser\u00edan los reyes de la festividad y no como tradicionalmente se hac\u00eda en la fiesta Carnestolendas.<\/p>\n\n\n\n<p>Hoy las empresas cerveceras tienen su festival de verano en Veracruz y usan el t\u00e9rmino Carnaval, una fiesta que alguna vez fue del pueblo y para el pueblo.<\/p>\n\n\n\n<p><strong>NO QUE NO, SI QUE SI<\/strong>&nbsp;\u2026Pues resulta amables lectoras y lectores que gran parte de la poblaci\u00f3n de Papantla, Veracruz, se ha sumado a Mariano Romero Gonz\u00e1lez, quien fuera candidato de Movimiento Ciudadano (MC) a la alcald\u00eda del lugar, electo como tal el pasado uno de junio, pero que fuerzas pol\u00edticas con el respaldo oficial pretenden arrebatarle su triunfo.<\/p>\n\n\n\n<p>Para demostrar que Romero Gonz\u00e1lez cuenta con el respaldo de gran parte de la poblaci\u00f3n, el pasado domingo sus seguidores de Movimiento Ciudadano salieron a la calle a exigir que se respete la voluntad popular.<\/p>\n\n\n\n<p>Se ha sumado tambi\u00e9n el coordinador estatal de Movimiento Ciudadano, Luis Carbonell, quien advirti\u00f3: \u201cEsta lucha no termina aqu\u00ed. Hay una campa\u00f1a permanente para defender lo que leg\u00edtimamente nos pertenece. No nos vamos a dejar. No exigimos m\u00e1s, pero tampoco permitiremos menos\u201d.<\/p>\n\n\n\n<p>Por su parte los Salsafesteros andan apurando las cosas para arrebatar triunfos en municipios peque\u00f1os con tal de subir la cifra de municipios de gobernar\u00e1n del 2025 al 2029, de entre los cuales es evidente que tendr\u00e1n que borrar el de Papantla.<\/p>\n\n\n\n<p>D\u00cdGALO SIN MIEDO \u2026 Al correo electr\u00f3nico guadalupehmar@gmail.com<\/p>\n","protected":false},"excerpt":{"rendered":"<p>\u2002\u2002\u00danete a nuestro canal \u00a1LOS POL\u00cdTICOS VERACRUZ&nbsp;HUELE A GAS! est\u00e1 en WhatsApp! Guadalupe H. Mar Mira Pol\u00edtica&nbsp; A MODO \u2026 Veracruz vuelve a ser noticia nacional, incluso allende nuestras fronteras y se mantiene a la moda, ahora por el caso que ventila la organizaci\u00f3n internacional Article 19, con relaci\u00f3n a las medidas cautelares que le [&hellip;]<\/p>\n","protected":false},"author":2,"featured_media":141398,"comment_status":"closed","ping_status":"closed","sticky":false,"template":"","format":"standard","meta":{"_jetpack_newsletter_access":"","_jetpack_dont_email_post_to_subs":false,"_jetpack_newsletter_tier_id":0,"_jetpack_memberships_contains_paywalled_content":false,"_jetpack_memberships_contains_paid_content":false,"footnotes":""},"categories":[70],"tags":[],"class_list":["post-147311","post","type-post","status-publish","format-standard","has-post-thumbnail","hentry","category-de-opinion"],"jetpack_featured_media_url":"https:\/\/lospoliticosveracruz.com.mx\/wp-content\/uploads\/2025\/04\/Lupita-H-Mar.jpg","jetpack_sharing_enabled":true,"jetpack_shortlink":"https:\/\/wp.me\/s4Qcd3-censura","_links":{"self":[{"href":"https:\/\/lospoliticosveracruz.com.mx\/index.php?rest_route=\/wp\/v2\/posts\/147311","targetHints":{"allow":["GET"]}}],"collection":[{"href":"https:\/\/lospoliticosveracruz.com.mx\/index.php?rest_route=\/wp\/v2\/posts"}],"about":[{"href":"https:\/\/lospoliticosveracruz.com.mx\/index.php?rest_route=\/wp\/v2\/types\/post"}],"author":[{"embeddable":true,"href":"https:\/\/lospoliticosveracruz.com.mx\/index.php?rest_route=\/wp\/v2\/users\/2"}],"replies":[{"embeddable":true,"href":"https:\/\/lospoliticosveracruz.com.mx\/index.php?rest_route=%2Fwp%2Fv2%2Fcomments&post=147311"}],"version-history":[{"count":1,"href":"https:\/\/lospoliticosveracruz.com.mx\/index.php?rest_route=\/wp\/v2\/posts\/147311\/revisions"}],"predecessor-version":[{"id":147312,"href":"https:\/\/lospoliticosveracruz.com.mx\/index.php?rest_route=\/wp\/v2\/posts\/147311\/revisions\/147312"}],"wp:featuredmedia":[{"embeddable":true,"href":"https:\/\/lospoliticosveracruz.com.mx\/index.php?rest_route=\/wp\/v2\/media\/141398"}],"wp:attachment":[{"href":"https:\/\/lospoliticosveracruz.com.mx\/index.php?rest_route=%2Fwp%2Fv2%2Fmedia&parent=147311"}],"wp:term":[{"taxonomy":"category","embeddable":true,"href":"https:\/\/lospoliticosveracruz.com.mx\/index.php?rest_route=%2Fwp%2Fv2%2Fcategories&post=147311"},{"taxonomy":"post_tag","embeddable":true,"href":"https:\/\/lospoliticosveracruz.com.mx\/index.php?rest_route=%2Fwp%2Fv2%2Ftags&post=147311"}],"curies":[{"name":"wp","href":"https:\/\/api.w.org\/{rel}","templated":true}]}}