{"id":147313,"date":"2025-06-17T22:58:39","date_gmt":"2025-06-18T03:58:39","guid":{"rendered":"https:\/\/lospoliticosveracruz.com.mx\/?p=147313"},"modified":"2025-06-17T22:59:02","modified_gmt":"2025-06-18T03:59:02","slug":"morena-y-su-canibalismo","status":"publish","type":"post","link":"https:\/\/lospoliticosveracruz.com.mx\/?p=147313","title":{"rendered":"MORENA Y SU \u00abCANIBALISMO\u00bb"},"content":{"rendered":"\n<p><strong><a href=\"https:\/\/whatsapp.com\/channel\/0029Va8zRWlEKyZIP3Z1dF0e\">\u2002\u2002<strong>\u00danete a nuestro canal<\/strong><\/a><\/strong><\/p>\n\n\n\n<p>\u00a1<strong>LOS POL\u00cdTICOS VERACRUZ<\/strong>&nbsp;HUELE A GAS! est\u00e1 en WhatsApp!<\/p>\n\n\n\n<p><strong>Ricardo Chua<\/strong><\/p>\n\n\n\n<p><em>Sale y Vale<\/em><\/p>\n\n\n\n<p>Es un hecho evidente en Veracruz, que el partido MORENA en la entidad, est\u00e1 viviendo la peor etapa en su unidad como organismo pol\u00edtico.. Ya que despu\u00e9s de los magros resultados de las elecciones a alcaldes, que se llevaron a cabo el 1 de junio, donde de 140 alcaldes, ahora tendr\u00e1n menos de 100 mun\u00edcipes compartidos con el PVEM.. Miembros y simpatizantes de este partido, generan escenarios para lograr un cambio en la presidencia estatal de MORENA&nbsp;&nbsp;y de esa manera Esteban Ram\u00edrez Zepeta, renuncie al cargo o el comit\u00e9 nacional haga ese relevo.. Motivo por el cual, en el Estado, ya se andan \u00abjaloneando\u00bb por la dirigencia del comit\u00e9 estatal..&nbsp;<\/p>\n\n\n\n<p>Por los hechos p\u00fablicos al interior de MORENA.. Se nota que el poderoso senador veracruzano, Manuel Huerta Ladr\u00f3n de Guevara, ya le \u00abech\u00f3 el carro\u00bb encima a Ram\u00edrez Zepeta para que este se vaya del CDE.. Mientras que el dirigente morenista acusa al senador, que desea su salida, porque la quiere entregar a \u00abuno de sus amigos los Yunes\u00bb, as\u00ed textual lo se\u00f1al\u00f3 el choapense.. Pero lo que Zepeta no midi\u00f3, es que no s\u00f3lo Huerta pide su salida.. Tambi\u00e9n al interior de este partido, se sabe que otros grupos pol\u00edticos est\u00e1n buscando lo mismo.. Quitarlo de la presidencia y ellos quedarse con la dirigencia estatal.. La lucha est\u00e1 muy \u00abcanija\u00bb para Zepeta..&nbsp;<\/p>\n\n\n\n<p>Ya que \u00abGarganta Profunda\u00bb inform\u00f3 que en MORENA, otro de los grupos que se anda moviendo para remover a Zepeta, es el de la presidenta del Congreso del Estado, la diputada local, Tania Carola Viveros.. Donde una de las principales operadores de ese grupo, Yazm\u00edn Ugalde, quien es la delegada del Instituto de Formaci\u00f3n Pol\u00edtica de MORENA en Veracruz.. Ya anda \u00ablevantando la mano\u00bb para quedarse ella con la presidencia del partido.. Todos se est\u00e1n moviendo por si hay ese cambio.. No sea que Huerta les vaya a \u00abcomer el mandado\u00bb, sobre todo por la presi\u00f3n que puedan hacer directamente a Luisa Alcalde o Andr\u00e9s Manuel L\u00f3pez Beltr\u00e1n, al\u00edas \u00abAndy\u00bb, y ah\u00ed las cosas pueden tomar otro rumbo..&nbsp;<\/p>\n\n\n\n<p>Sin embargo, esos mismos informantes le han comentado a \u00abGarganta Profunda\u00bb, que en este momento, se duda que la principal activo pol\u00edtico de MORENA en Veracruz, que es la gobernadora Roc\u00edo Nahle, vaya a permitir cambios en el CDE de este partido y as\u00ed se la van a llevar por lo menos de aqu\u00ed hasta mediados o finales del 2026, es decir, Zepeta se quedar\u00eda un a\u00f1o m\u00e1s.. Sobre todo porque esperaran a que el Comit\u00e9 Ejecutivo Nacional del partido, empiece a realizar cambios estructurales para la elecciones intermedias tanto para la c\u00e1mara de diputados federales como para el nuevo Congreso del Estado.. As\u00ed que podr\u00eda haber Zepeta para un a\u00f1o m\u00e1s.. Si es que no cambian de opini\u00f3n en Palacio de Gobierno en Xalapa..&nbsp;<\/p>\n\n\n\n<p>Por lo pronto, pese a estos rumores de que Zepeta no se va.. El senador, Manuel Huerta anda \u00abdesatado\u00bb con el tema del cambio de presidente de partido.. Y \u00e9l se anda moviendo con todo para primero poder -tumbar- a Zepeta.. Ya que aunque Huerta no tiene un \u00abgallo\u00bb visible en su grupo pol\u00edtico para impulsarlo a la dirigencia estatal, eso no es problema, Huerta siempre tiene \u00abases bajo la manga\u00bb.. Por lo pronto, con \u00e9l, la lucha sigue.. Adem\u00e1s este legislador a\u00fan se encuentra tambi\u00e9n concentrado en los resultados de las elecciones del Poder Judicial del Estado.. Donde s\u00ed se vio su operaci\u00f3n y va a poder colocar muchas piezas.. Por eso, ahora va por el partido MORENA.. Que fue suyo hace 7 a\u00f1os..&nbsp;<\/p>\n\n\n\n<p>No obstante, tambi\u00e9n \u00abGarganta Profunda\u00bb detall\u00f3 que al interior de MORENA en Veracruz.. Corren las versiones de que posiblemente para Roc\u00edo Nahle, a lo mejor Zepeta no sea la mejor opci\u00f3n, pero es lo que tiene.. Ya que \u00e9l, finalmente, en 2023 le ayud\u00f3 y le puso el partido de su lado para que le coordinara su pre y candidatura a gobernador, aunque eso fuera m\u00e1s una indicaci\u00f3n que una decisi\u00f3n.. Pero m\u00e1s all\u00e1 de eso, se rumora que en este momento hacer un cambio de dirigencia estatal, podr\u00eda DESATAR una \u00abguerra intestina\u00bb al interior de MORENA, que podr\u00eda PARALIZAR la agenda de la gobernadora.. Por estar atendiendo los conflictos en su partido.. Y eso no le conviene a ella..&nbsp;<\/p>\n\n\n\n<p><strong>EN S\u00cdNTESIS<\/strong>.. Todo hace parecer que Roc\u00edo Nahle prefiere la disciplina de un dirigente presuntamente desgastado pol\u00edticamente.. Antes que con un cambio llegue una persona con la eficacia de un perfil de mayor proyecci\u00f3n pol\u00edtica.. Que al paso del tiempo, cuando se vengan las elecciones, pudiera volverse en su contra.. Adem\u00e1s que al mismo tiempo, Esteban Ram\u00edrez Zepeta va a seguir cargando sobre sus hombros todo ese desgaste del gobierno de MORENA y su partido.. De modo que, llegado el momento, ser\u00e1 \u00e9l como dirigente quien quede expuesto y \u00abpague\u00bb las consecuencias.. En pocas palabras: Obediencia t\u00e1ctica sobre la iniciativa personal.. Esto es as\u00ed y as\u00ed ha sido siempre.. En MORENA no tendr\u00eda porque haber sido diferente.. AMEN\u00a0<\/p>\n\n\n\n<p><strong>BOCA DEL R\u00cdO Y LAS FIESTA DE \u00abSANTA ANA\u00bb.<\/strong>. Vaya \u00abhit\u00bb que se avent\u00f3 el alcalde de Boca del R\u00edo, Juan Maunel Unanue, ahora con la cartelera de primer nivel para las festividades patronales de \u00abNuestra Se\u00f1ora de Santa Ana\u00bb en este municipio boque\u00f1o.. Que, sin duda, en estos 4 a\u00f1os como presidente municipal Unanue, ha dejado la \u00abvara muy alta\u00bb para su sucesora, Maryjose Gamboa, con los elencos art\u00edsticos, que ha tra\u00eddo para estas festividad y provocan llenos descomunales en esta plaza central de este ayuntamiento, donde se llevan a cabo estos conciertos masivos.. Adem\u00e1s de las otras actividades religiosas, gastron\u00f3micas, art\u00edsticas y culturales..\u00a0 \u00a0<\/p>\n\n\n\n<p>S\u00f3lo hay que ver que esta festividad, que se llevar\u00e1 a cabo del 20 al 27 de julio pr\u00f3ximo.. Tendr\u00e1 artistas de la talla del grupo musical grupero \u00abLa Adictiva\u00bb, que estar\u00e1 present\u00e1ndose el jueves 24 de julio..&nbsp;&nbsp;Mientras que el viernes 25, se contar\u00e1 con la presencia de la famosa cantante, Belinda.. El s\u00e1bado continuar\u00e1n las celebraciones con el cantante ranchero, Pepe Aguilar y por la ma\u00f1ana en el \u00abba\u00f1o\u00bb estar\u00e1 de madrina, la actriz cubana, Liz Vega acompa\u00f1ada por Alfredo \u00abEl Pulpo\u00bb y sus teclados.. Para concluir el domingo 27 con el concierto de Edwin Luna y la Trakalosa de Monterrey.. Con el cual cerrar\u00e1 con \u00abbroche de oro\u00bb esta festividad.. La cual ser\u00e1 la \u00faltima como alcalde.. Unanue hizo las mejores fiestas de \u00abSanta Ana\u00bb en Boca del R\u00edo, eso ni dudarlo.. AMEN..<\/p>\n","protected":false},"excerpt":{"rendered":"<p>\u2002\u2002\u00danete a nuestro canal \u00a1LOS POL\u00cdTICOS VERACRUZ&nbsp;HUELE A GAS! est\u00e1 en WhatsApp! Ricardo Chua Sale y Vale Es un hecho evidente en Veracruz, que el partido MORENA en la entidad, est\u00e1 viviendo la peor etapa en su unidad como organismo pol\u00edtico.. Ya que despu\u00e9s de los magros resultados de las elecciones a alcaldes, que se [&hellip;]<\/p>\n","protected":false},"author":2,"featured_media":141434,"comment_status":"closed","ping_status":"closed","sticky":false,"template":"","format":"standard","meta":{"_jetpack_newsletter_access":"","_jetpack_dont_email_post_to_subs":false,"_jetpack_newsletter_tier_id":0,"_jetpack_memberships_contains_paywalled_content":false,"_jetpack_memberships_contains_paid_content":false,"footnotes":""},"categories":[70],"tags":[],"class_list":["post-147313","post","type-post","status-publish","format-standard","has-post-thumbnail","hentry","category-de-opinion"],"jetpack_featured_media_url":"https:\/\/lospoliticosveracruz.com.mx\/wp-content\/uploads\/2025\/04\/Chua-e1761364658706.jpg","jetpack_sharing_enabled":true,"jetpack_shortlink":"https:\/\/wp.me\/p4Qcd3-Ck1","_links":{"self":[{"href":"https:\/\/lospoliticosveracruz.com.mx\/index.php?rest_route=\/wp\/v2\/posts\/147313","targetHints":{"allow":["GET"]}}],"collection":[{"href":"https:\/\/lospoliticosveracruz.com.mx\/index.php?rest_route=\/wp\/v2\/posts"}],"about":[{"href":"https:\/\/lospoliticosveracruz.com.mx\/index.php?rest_route=\/wp\/v2\/types\/post"}],"author":[{"embeddable":true,"href":"https:\/\/lospoliticosveracruz.com.mx\/index.php?rest_route=\/wp\/v2\/users\/2"}],"replies":[{"embeddable":true,"href":"https:\/\/lospoliticosveracruz.com.mx\/index.php?rest_route=%2Fwp%2Fv2%2Fcomments&post=147313"}],"version-history":[{"count":2,"href":"https:\/\/lospoliticosveracruz.com.mx\/index.php?rest_route=\/wp\/v2\/posts\/147313\/revisions"}],"predecessor-version":[{"id":147315,"href":"https:\/\/lospoliticosveracruz.com.mx\/index.php?rest_route=\/wp\/v2\/posts\/147313\/revisions\/147315"}],"wp:featuredmedia":[{"embeddable":true,"href":"https:\/\/lospoliticosveracruz.com.mx\/index.php?rest_route=\/wp\/v2\/media\/141434"}],"wp:attachment":[{"href":"https:\/\/lospoliticosveracruz.com.mx\/index.php?rest_route=%2Fwp%2Fv2%2Fmedia&parent=147313"}],"wp:term":[{"taxonomy":"category","embeddable":true,"href":"https:\/\/lospoliticosveracruz.com.mx\/index.php?rest_route=%2Fwp%2Fv2%2Fcategories&post=147313"},{"taxonomy":"post_tag","embeddable":true,"href":"https:\/\/lospoliticosveracruz.com.mx\/index.php?rest_route=%2Fwp%2Fv2%2Ftags&post=147313"}],"curies":[{"name":"wp","href":"https:\/\/api.w.org\/{rel}","templated":true}]}}