{"id":147663,"date":"2025-06-24T07:40:52","date_gmt":"2025-06-24T12:40:52","guid":{"rendered":"https:\/\/lospoliticosveracruz.com.mx\/?p=147663"},"modified":"2025-06-24T07:41:08","modified_gmt":"2025-06-24T12:41:08","slug":"rosalba-jefa-del-poder-judicial","status":"publish","type":"post","link":"https:\/\/lospoliticosveracruz.com.mx\/?p=147663","title":{"rendered":"ROSALBA, JEFA DEL PODER JUDICIAL"},"content":{"rendered":"\n\n\n<p><br><strong>Fanny Y\u00e9pez<\/strong><br><em>La Columna<\/em><\/p>\n\n\n\n<p><br>Aunque se sigue discutiendo la forma, que no fue la adecuada, que dio como resultado la falta de transparencia en el proceso de elecci\u00f3n de los funcionarios del poder judicial, donde quiz\u00e1s algunos lleguen hasta la impugnaci\u00f3n, para otros el hecho ya est\u00e1 consumado.<br>Que fue un hecho hist\u00f3rico, esto tambi\u00e9n est\u00e1 en discusi\u00f3n, en tanto se ponen de acuerdo sobre esto, lo cierto es que se eligieron personas que ocuparan las 15 magistraturas para el Tribunal Superior de Justicia del Estado de Veracruz.<br>Rosalba Hern\u00e1ndez Hern\u00e1ndez, ser\u00e1 la pr\u00f3xima titular del Poder Judicial en Veracruz, es licenciada en Derecho, cuenta con grado de maestr\u00eda y doctorado, y posee un pos t\u00edtulo como experta en Derecho Ind\u00edgena y Cooperaci\u00f3n Internacional, otorgado por la Universidad Carlos III de Madrid, Espa\u00f1a.<br>Rosalba se convertir\u00e1 en la primera mujer de ra\u00edces ind\u00edgenas, emanada de la zona norte de la entidad, en ostentar dicho cargo, con la mayor cantidad de votos, la oriunda de Chicontepec, contabiliz\u00f3 276 mil 812 sufragios, por lo que es la virtual magistrada presidenta, solo falta de que el OPLE lo oficialice.<br>Desde muy joven, Rosalba mostr\u00f3 una inteligencia y disciplina sobresalientes. A los 10 a\u00f1os ya cursaba la secundaria en la escuela General L\u00e1zaro C\u00e1rdenas del R\u00edo, y a los 16 a\u00f1os ingres\u00f3 a la Facultad de Derecho de la Universidad Veracruzana, donde durante los ocho semestres obtuvo notas laudatorias, una distinci\u00f3n otorgada al alumnado con excelencia acad\u00e9mica.<br>Fue la mujer m\u00e1s votada de entre las candidatas a magistradas en lo Constitucional, mientras que por los hombres fue Jonathan M\u00e1ximo Lozano Ordo\u00f1ez, con 137, 705.<br>Para las magistraturas en lo Civil, result\u00f3 en primera posici\u00f3n Mirza Abilene Rodas Espejo con 166, 443, esto en el caso de las mujeres, mientras que Miguel Herrera Gonz\u00e1lez obtuvo 180, 688; Fabiola Argelia Mart\u00ednez Palma es la tercera triunfadora en esta categor\u00eda al registrar 131, 542 votos.<br>En lo Familiar, Silvia Clementina Ochoa Castillo y Liliana L\u00f3pez Colorado, con 115, 229 sufragios y 95, 438 respectivamente, son quienes obtuvieron un lugar en el Poder Judicial.<br>Emmanuel P\u00e9rez Espinoza y Carlos Antonio V\u00e1zquez Azuara triunfaron por los hombres en esta categor\u00eda, con 116, 621 votos y 111, 575 cada uno.<br>Finalmente, en la categor\u00eda de lo Penal, Lisbeth Aurelia Jim\u00e9nez Aguirre (106, 274), Olga Mariela Quintanar Rosa (99, 651) y Violeta Condado Zagada (74, 588) lograron una magistratura.<br>Por los caballeros, los vencedores fueron Jonathan Cortes Vargas (108, 295), Esteban Mart\u00ednez V\u00e1zquez (61, 141) y Arturo Sosa V\u00e1zquez (55,985).<br>La esperanza de muchos ciudadanos es que haya justicia pronta y expedita. Que se refiere al derecho fundamental de toda persona a que su caso sea resuelto por los tribunales de manera oportuna y sin obst\u00e1culos. Implica que los tribunales deben estar preparados y ser eficientes para impartir justicia dentro de los plazos y t\u00e9rminos establecidos por la ley.<br>Pronta:<br>Se refiere a la necesidad de que los procesos judiciales se resuelvan en un tiempo razonable, evitando dilaciones innecesarias que puedan perjudicar a las partes involucradas.<br>Expedita:<br>Implica que los tribunales deben estar preparados y contar con los recursos necesarios para resolver los casos de manera eficiente, sin obst\u00e1culos ni demoras indebidas.<br>Importancia de la justicia pronta y expedita:<br>Garantizar el acceso a la justicia:<br>Permite que las personas puedan obtener una resoluci\u00f3n a sus conflictos de manera oportuna, evitando que la espera afecte sus derechos o intereses.<br>Las manifestaciones van a continuar y ese es su derecho, pero el haber contabilizado todos esos votos, legitima esos nombramientos de personalidades que se han dedicado muchos a\u00f1os al estudio del Derecho y que hoy saben que tienen una gran oportunidad en sus manos.<\/p>\n","protected":false},"excerpt":{"rendered":"<p>Fanny Y\u00e9pezLa Columna Aunque se sigue discutiendo la forma, que no fue la adecuada, que dio como resultado la falta de transparencia en el proceso de elecci\u00f3n de los funcionarios del poder judicial, donde quiz\u00e1s algunos lleguen hasta la impugnaci\u00f3n, para otros el hecho ya est\u00e1 consumado.Que fue un hecho hist\u00f3rico, esto tambi\u00e9n est\u00e1 en [&hellip;]<\/p>\n","protected":false},"author":2,"featured_media":141383,"comment_status":"closed","ping_status":"closed","sticky":false,"template":"","format":"standard","meta":{"_jetpack_newsletter_access":"","_jetpack_dont_email_post_to_subs":false,"_jetpack_newsletter_tier_id":0,"_jetpack_memberships_contains_paywalled_content":false,"_jetpack_memberships_contains_paid_content":false,"footnotes":""},"categories":[70],"tags":[82,13664,195],"class_list":["post-147663","post","type-post","status-publish","format-standard","has-post-thumbnail","hentry","category-de-opinion","tag-poder-judicial","tag-rosalba-hernandez-hernandez","tag-veracruz"],"jetpack_featured_media_url":"https:\/\/lospoliticosveracruz.com.mx\/wp-content\/uploads\/2025\/04\/Fanny-Yepez-Luna.jpg","jetpack_sharing_enabled":true,"jetpack_shortlink":"https:\/\/wp.me\/p4Qcd3-CpF","_links":{"self":[{"href":"https:\/\/lospoliticosveracruz.com.mx\/index.php?rest_route=\/wp\/v2\/posts\/147663","targetHints":{"allow":["GET"]}}],"collection":[{"href":"https:\/\/lospoliticosveracruz.com.mx\/index.php?rest_route=\/wp\/v2\/posts"}],"about":[{"href":"https:\/\/lospoliticosveracruz.com.mx\/index.php?rest_route=\/wp\/v2\/types\/post"}],"author":[{"embeddable":true,"href":"https:\/\/lospoliticosveracruz.com.mx\/index.php?rest_route=\/wp\/v2\/users\/2"}],"replies":[{"embeddable":true,"href":"https:\/\/lospoliticosveracruz.com.mx\/index.php?rest_route=%2Fwp%2Fv2%2Fcomments&post=147663"}],"version-history":[{"count":1,"href":"https:\/\/lospoliticosveracruz.com.mx\/index.php?rest_route=\/wp\/v2\/posts\/147663\/revisions"}],"predecessor-version":[{"id":147664,"href":"https:\/\/lospoliticosveracruz.com.mx\/index.php?rest_route=\/wp\/v2\/posts\/147663\/revisions\/147664"}],"wp:featuredmedia":[{"embeddable":true,"href":"https:\/\/lospoliticosveracruz.com.mx\/index.php?rest_route=\/wp\/v2\/media\/141383"}],"wp:attachment":[{"href":"https:\/\/lospoliticosveracruz.com.mx\/index.php?rest_route=%2Fwp%2Fv2%2Fmedia&parent=147663"}],"wp:term":[{"taxonomy":"category","embeddable":true,"href":"https:\/\/lospoliticosveracruz.com.mx\/index.php?rest_route=%2Fwp%2Fv2%2Fcategories&post=147663"},{"taxonomy":"post_tag","embeddable":true,"href":"https:\/\/lospoliticosveracruz.com.mx\/index.php?rest_route=%2Fwp%2Fv2%2Ftags&post=147663"}],"curies":[{"name":"wp","href":"https:\/\/api.w.org\/{rel}","templated":true}]}}