{"id":147721,"date":"2025-06-24T19:32:52","date_gmt":"2025-06-25T00:32:52","guid":{"rendered":"https:\/\/lospoliticosveracruz.com.mx\/?p=147721"},"modified":"2025-06-24T19:33:02","modified_gmt":"2025-06-25T00:33:02","slug":"van-al-salon","status":"publish","type":"post","link":"https:\/\/lospoliticosveracruz.com.mx\/?p=147721","title":{"rendered":"VAN AL SAL\u00d3N!"},"content":{"rendered":"\n\n\n<p>Para fortalecer la presencia de las y los docentes en las aulas como pieza clave del proceso educativo, organizaciones sindicales del magisterio veracruzano se sumaron a la estrategia Maestro al Aula.<\/p>\n\n\n\n<p>En reuni\u00f3n con la Secretar\u00eda de Educaci\u00f3n de Veracruz (SEV), anunciaron su decisi\u00f3n de reincorporarse a sus funciones docentes, sin dejar de atender las responsabilidades propias de sus organizaciones.<\/p>\n\n\n\n<p>A la titular de la dependencia, Claudia Tello Espinosa, expresaron que esta iniciativa representa una oportunidad para dar ejemplo a las nuevas generaciones, al cumplir con lo establecido por la ley y dignificar el rol de los l\u00edderes magisteriales. En ese sentido,<\/p>\n\n\n\n<p>La Secretaria reconoci\u00f3 esta decisi\u00f3n como un acto de compromiso con la ni\u00f1ez y juventud veracruzana, destacando que ello fortalece las acciones educativas que promueve el gobierno de Roc\u00edo Nahle Garc\u00eda en la b\u00fasqueda de la excelencia educativa.<\/p>\n\n\n\n<p>Maestro al Aula tiene como prop\u00f3sito sensibilizar al magisterio sobre sus derechos y obligaciones laborales, promoviendo un mayor compromiso con la comunidad escolar y subrayando la importancia de la labor docente frente a grupo como elemento esencial del sistema educativo.<\/p>\n","protected":false},"excerpt":{"rendered":"<p>Para fortalecer la presencia de las y los docentes en las aulas como pieza clave del proceso educativo, organizaciones sindicales del magisterio veracruzano se sumaron a la estrategia Maestro al Aula. En reuni\u00f3n con la Secretar\u00eda de Educaci\u00f3n de Veracruz (SEV), anunciaron su decisi\u00f3n de reincorporarse a sus funciones docentes, sin dejar de atender las [&hellip;]<\/p>\n","protected":false},"author":2,"featured_media":147722,"comment_status":"closed","ping_status":"closed","sticky":false,"template":"","format":"standard","meta":{"_jetpack_newsletter_access":"","_jetpack_dont_email_post_to_subs":false,"_jetpack_newsletter_tier_id":0,"_jetpack_memberships_contains_paywalled_content":false,"_jetpack_memberships_contains_paid_content":false,"footnotes":""},"categories":[73],"tags":[],"class_list":["post-147721","post","type-post","status-publish","format-standard","has-post-thumbnail","hentry","category-de-boleto"],"jetpack_featured_media_url":"https:\/\/lospoliticosveracruz.com.mx\/wp-content\/uploads\/2025\/06\/IMG_2991.jpeg","jetpack_sharing_enabled":true,"jetpack_shortlink":"https:\/\/wp.me\/p4Qcd3-CqB","_links":{"self":[{"href":"https:\/\/lospoliticosveracruz.com.mx\/index.php?rest_route=\/wp\/v2\/posts\/147721","targetHints":{"allow":["GET"]}}],"collection":[{"href":"https:\/\/lospoliticosveracruz.com.mx\/index.php?rest_route=\/wp\/v2\/posts"}],"about":[{"href":"https:\/\/lospoliticosveracruz.com.mx\/index.php?rest_route=\/wp\/v2\/types\/post"}],"author":[{"embeddable":true,"href":"https:\/\/lospoliticosveracruz.com.mx\/index.php?rest_route=\/wp\/v2\/users\/2"}],"replies":[{"embeddable":true,"href":"https:\/\/lospoliticosveracruz.com.mx\/index.php?rest_route=%2Fwp%2Fv2%2Fcomments&post=147721"}],"version-history":[{"count":1,"href":"https:\/\/lospoliticosveracruz.com.mx\/index.php?rest_route=\/wp\/v2\/posts\/147721\/revisions"}],"predecessor-version":[{"id":147723,"href":"https:\/\/lospoliticosveracruz.com.mx\/index.php?rest_route=\/wp\/v2\/posts\/147721\/revisions\/147723"}],"wp:featuredmedia":[{"embeddable":true,"href":"https:\/\/lospoliticosveracruz.com.mx\/index.php?rest_route=\/wp\/v2\/media\/147722"}],"wp:attachment":[{"href":"https:\/\/lospoliticosveracruz.com.mx\/index.php?rest_route=%2Fwp%2Fv2%2Fmedia&parent=147721"}],"wp:term":[{"taxonomy":"category","embeddable":true,"href":"https:\/\/lospoliticosveracruz.com.mx\/index.php?rest_route=%2Fwp%2Fv2%2Fcategories&post=147721"},{"taxonomy":"post_tag","embeddable":true,"href":"https:\/\/lospoliticosveracruz.com.mx\/index.php?rest_route=%2Fwp%2Fv2%2Ftags&post=147721"}],"curies":[{"name":"wp","href":"https:\/\/api.w.org\/{rel}","templated":true}]}}