{"id":147724,"date":"2025-06-24T19:44:49","date_gmt":"2025-06-25T00:44:49","guid":{"rendered":"https:\/\/lospoliticosveracruz.com.mx\/?p=147724"},"modified":"2025-06-24T19:44:54","modified_gmt":"2025-06-25T00:44:54","slug":"wtc-sede-del-carnaval-mas-alegre-del-mundo","status":"publish","type":"post","link":"https:\/\/lospoliticosveracruz.com.mx\/?p=147724","title":{"rendered":"WTC, SEDE DEL CARNAVAL M\u00c1S ALEGRE DEL MUNDO!"},"content":{"rendered":"\n\n\n<p><\/p>\n\n\n\n<p>Veracruz: La alcaldesa Paty Lobeira inform\u00f3 que, debido a las condiciones meteorol\u00f3gicas que se han presentado en la regi\u00f3n, y con el compromiso de garantizar la seguridad de todas y todos los asistentes, se han realizado ajustes en la programaci\u00f3n del Carnaval de Veracruz 2025.<\/p>\n\n\n\n<p>Destac\u00f3 que la coronaci\u00f3n de la reina, Adriana Fonseca, y de la corte real, as\u00ed como los conciertos masivos, planeados originalmente en la Macroplaza del Malec\u00f3n, se llevar\u00e1n a cabo en el World Trade Center. Asimismo, dio a conocer que los tradicionales desfiles de carros aleg\u00f3ricos que se realizan sobre el Bulevar Manuel \u00c1vila Camacho, iniciar\u00e1n a las 17:00 horas.<\/p>\n\n\n\n<p><em>Programa actualizado:<\/em><\/p>\n\n\n\n<p><em>Jueves 26 de junio<\/em><\/p>\n\n\n\n<ul class=\"wp-block-list\">\n<li><em>17:30 Hrs.<\/em> Desfile Infantil en el bulevar \u00c1vila Camacho, del Hotel Mar y Tierra a la Escuela N\u00e1utica Mercante.<\/li>\n\n\n\n<li><em>20:30 Hrs.<\/em> Quema del Mal Humor en el Z\u00f3calo de la Ciudad.<\/li>\n<\/ul>\n\n\n\n<p><em>Viernes 27 de junio<\/em><\/p>\n\n\n\n<ul class=\"wp-block-list\">\n<li><em>21:00 Hrs.<\/em> Coronaci\u00f3n de la Reina Adriana Fonseca y de la Corte Real en el World Trade Center.<\/li>\n\n\n\n<li><em>21:30 Hrs.<\/em> Concierto de Juan Luis Guerra en el World Trade Center.<\/li>\n<\/ul>\n\n\n\n<p><em>S\u00e1bado 28 de junio<\/em><\/p>\n\n\n\n<ul class=\"wp-block-list\">\n<li><em>17:00 Hrs.<\/em> Primer desfile (Sur a Norte). Con la participaci\u00f3n de Daniel Elbittar y Paolita Su\u00e1rez.<\/li>\n\n\n\n<li><em>21:30 Hrs.<\/em> Concierto de Manuel Turizo en el World Trade Center.<\/li>\n<\/ul>\n\n\n\n<p><em>Domingo 29 de junio<\/em><\/p>\n\n\n\n<ul class=\"wp-block-list\">\n<li><em>17:00 Hrs.<\/em> Segundo desfile (Norte a Sur). Participaci\u00f3n de Nicolla Porcella y Briggitte Bozzo.<\/li>\n\n\n\n<li><em>21:30 Hrs.<\/em> Concierto de Los \u00c1ngeles Azules en el World Trade Center.<\/li>\n<\/ul>\n\n\n\n<p><em>Lunes 30 de junio<\/em><\/p>\n\n\n\n<ul class=\"wp-block-list\">\n<li><em>17:00 Hrs.<\/em> Tercer desfile (Sur a Norte). Con la presencia de Karime Pindter y Arap Bethke<\/li>\n<\/ul>\n\n\n\n<p><em>Martes 1 de julio<\/em><\/p>\n\n\n\n<ul class=\"wp-block-list\">\n<li><em>17:00 Hrs.<\/em> Cuarto y \u00faltimo desfile (Norte a Sur) con la presencia de Jos\u00e9 Ron y Marlene Favela<\/li>\n<\/ul>\n\n\n\n<p><em>Mi\u00e9rcoles 2 de julio<\/em><\/p>\n\n\n\n<ul class=\"wp-block-list\">\n<li><em>20:00 Hrs.<\/em> Entierro de Juan Carnaval en el Z\u00f3calo de la Ciudad.<\/li>\n<\/ul>\n\n\n\n<p>La alcaldesa Paty Lobeira asegur\u00f3 que el Carnaval de Veracruz mantiene viva su esencia, alegr\u00eda y tradici\u00f3n.<\/p>\n\n\n\n<p>Agradeci\u00f3 la comprensi\u00f3n y entusiasmo de los veracruzanos, reiterando la invitaci\u00f3n para asistir a estas festividades. \u201cEsta fiesta vive en el coraz\u00f3n de cada veracruzano, agradecemos su comprensi\u00f3n, apoyo y su alegr\u00eda para vivir este Carnaval de Veracruz, el m\u00e1s alegre del mundo\u201d, concluy\u00f3.<\/p>\n","protected":false},"excerpt":{"rendered":"<p>Veracruz: La alcaldesa Paty Lobeira inform\u00f3 que, debido a las condiciones meteorol\u00f3gicas que se han presentado en la regi\u00f3n, y con el compromiso de garantizar la seguridad de todas y todos los asistentes, se han realizado ajustes en la programaci\u00f3n del Carnaval de Veracruz 2025. Destac\u00f3 que la coronaci\u00f3n de la reina, Adriana Fonseca, y [&hellip;]<\/p>\n","protected":false},"author":2,"featured_media":147725,"comment_status":"closed","ping_status":"closed","sticky":false,"template":"","format":"standard","meta":{"_jetpack_newsletter_access":"","_jetpack_dont_email_post_to_subs":false,"_jetpack_newsletter_tier_id":0,"_jetpack_memberships_contains_paywalled_content":false,"_jetpack_memberships_contains_paid_content":false,"footnotes":""},"categories":[73],"tags":[42348],"class_list":["post-147724","post","type-post","status-publish","format-standard","has-post-thumbnail","hentry","category-de-boleto","tag-carnaval-de-veracruz-2025"],"jetpack_featured_media_url":"https:\/\/lospoliticosveracruz.com.mx\/wp-content\/uploads\/2025\/06\/IMG_2996.jpeg","jetpack_sharing_enabled":true,"jetpack_shortlink":"https:\/\/wp.me\/p4Qcd3-CqE","_links":{"self":[{"href":"https:\/\/lospoliticosveracruz.com.mx\/index.php?rest_route=\/wp\/v2\/posts\/147724","targetHints":{"allow":["GET"]}}],"collection":[{"href":"https:\/\/lospoliticosveracruz.com.mx\/index.php?rest_route=\/wp\/v2\/posts"}],"about":[{"href":"https:\/\/lospoliticosveracruz.com.mx\/index.php?rest_route=\/wp\/v2\/types\/post"}],"author":[{"embeddable":true,"href":"https:\/\/lospoliticosveracruz.com.mx\/index.php?rest_route=\/wp\/v2\/users\/2"}],"replies":[{"embeddable":true,"href":"https:\/\/lospoliticosveracruz.com.mx\/index.php?rest_route=%2Fwp%2Fv2%2Fcomments&post=147724"}],"version-history":[{"count":1,"href":"https:\/\/lospoliticosveracruz.com.mx\/index.php?rest_route=\/wp\/v2\/posts\/147724\/revisions"}],"predecessor-version":[{"id":147726,"href":"https:\/\/lospoliticosveracruz.com.mx\/index.php?rest_route=\/wp\/v2\/posts\/147724\/revisions\/147726"}],"wp:featuredmedia":[{"embeddable":true,"href":"https:\/\/lospoliticosveracruz.com.mx\/index.php?rest_route=\/wp\/v2\/media\/147725"}],"wp:attachment":[{"href":"https:\/\/lospoliticosveracruz.com.mx\/index.php?rest_route=%2Fwp%2Fv2%2Fmedia&parent=147724"}],"wp:term":[{"taxonomy":"category","embeddable":true,"href":"https:\/\/lospoliticosveracruz.com.mx\/index.php?rest_route=%2Fwp%2Fv2%2Fcategories&post=147724"},{"taxonomy":"post_tag","embeddable":true,"href":"https:\/\/lospoliticosveracruz.com.mx\/index.php?rest_route=%2Fwp%2Fv2%2Ftags&post=147724"}],"curies":[{"name":"wp","href":"https:\/\/api.w.org\/{rel}","templated":true}]}}