{"id":147773,"date":"2025-06-25T10:28:25","date_gmt":"2025-06-25T15:28:25","guid":{"rendered":"https:\/\/lospoliticosveracruz.com.mx\/?p=147773"},"modified":"2025-06-25T10:28:53","modified_gmt":"2025-06-25T15:28:53","slug":"el-madruguete-mama-de-la-teta-de-la-madre-nutricia","status":"publish","type":"post","link":"https:\/\/lospoliticosveracruz.com.mx\/?p=147773","title":{"rendered":"EL MADRUGUETE MAMA DE LA TETA DE LA MADRE NUTRICIA"},"content":{"rendered":"\n\n\n<p><strong>Manolo Victorio<\/strong><br><em>Carpe Diem<\/em><\/p>\n\n\n\n<p>La Universidad Veracruzana entr\u00f3 en una espiral retrograda, un escenario oscurantista donde se niega a s\u00ed misma.<\/p>\n\n\n\n<p>Es la madre nutricia alimentando con su teta de autonom\u00eda y libertades a varios Ca\u00ednes modernos que se hacen fuertes con la v\u00eda l\u00e1ctea de la \u00abLis de Veracruz\u00bb que pas\u00f3 de ser una&nbsp;vela, s\u00edmbolo que ilumina el camino del conocimiento y la verdad a un p\u00e1ramo donde reinan las pasiones humanas, relacionadas a mantener el poder por el poder, en puesta en escena de la pol\u00edtica chicharronera que hace a\u00f1icos el pensamiento universitario.<\/p>\n\n\n\n<p>Jos\u00e9 Luis Cuevas Gayosso, ex director de la facultad de Derecho de la Universidad Veracruzana, hace hincapi\u00e9 que el derecho del actual rector Martin Aguilar S\u00e1nchez, de conseguir una pr\u00f3rroga de una&nbsp;mutilada&nbsp;Junta de Gobierno, incompleta por las renuncias de las acad\u00e9micas Mar\u00eda Ang\u00e9lica Buend\u00eda Espinosa y&nbsp;Haydee Zizumbo Ram\u00edrez, lo que presupone un primer madruguete a la raz\u00f3n,&nbsp;porque este \u00f3rgano colegiado debi\u00f3 suplir a las renunciantes para que la prorroga estuviese revestida de legalidad, no es el procedimiento legal que debe caminarse.<\/p>\n\n\n\n<p>El procedimiento, basamentado en el art\u00edculo 8\u00ba de la Ley de Autonom\u00eda de la Universidad Veracruzana, se establece en el numeral&nbsp;\u00abI.&nbsp;El procedimiento y forma para elaborar la convocatoria y hacer la auscultaci\u00f3n en la comunidaduniversitaria para integrar las propuestas de candidatos a ocupar el cargo de Rector\u00bb.<\/p>\n\n\n\n<p>El procedimiento no es la prorroga irregular concedida por una Junta de Gobierno incompleta; sino la publicaci\u00f3n de la convocatoria para elegir nuevo rector(a), a m\u00e1s tardar este lunes 30 de junio, fecha fatal que tienen los integrantes de la JG de la UV para no incurrir en responsabilidades administrativas y\/o penales.<\/p>\n\n\n\n<p>Seg\u00fan la \u00f3ptica del doctor Gayosso, el procedimiento debi\u00f3 hacerse primero con la emisi\u00f3n de la convocatoria y despu\u00e9s con el derecho de Martin Aguilar S\u00e1nchez de intentar prorrogar su rectorado por cuatro a\u00f1os m\u00e1s.<\/p>\n\n\n\n<p>La lectura pol\u00edtica es que Martin Aguilar S\u00e1nchez dio un madruguete que no solo pone en duda la autonom\u00eda de la comunidad universitaria, sino la palabra empe\u00f1ada por la propia gobernadora Roc\u00edo Nahle Garc\u00eda, quien, en el terreno de la opini\u00f3n externa, dijo que la UV debiera respetar los procesos legales en la sucesi\u00f3n rectoral.<\/p>\n\n\n\n<p>Los estertores de junio podr\u00edan encerrar la fatalidad en la Universidad Veracruzana.<\/p>\n\n\n\n<p>La crisis que se gesta es innecesaria, pudo evitarse si el procedimiento se hubiese respetado como lo dicta la legislaci\u00f3n universitaria.<\/p>\n\n\n\n<p>La&nbsp;renuncia de&nbsp;Mar\u00eda Ang\u00e9lica Buend\u00eda Espinosa, profesora-investigadora de la Universidad Aut\u00f3noma Metropolitana (UAM) y secretaria de la Unidad Xochimilco,&nbsp;quien&nbsp;fue&nbsp;la primera en&nbsp;renunciar como integrante de&nbsp;la Junta de Gobierno de la UV,&nbsp;lo que debi\u00f3 encender las alarmas respecto a este deslinde frente a las presiones internas que enfrenta este cuerpo colegiado.<\/p>\n\n\n\n<p>La doctora Haydee Zizumbo Ram\u00edrez&nbsp;tambi\u00e9n decidi\u00f3 dar un paso de costado, al presentar su renuncia irrevocable como integrante de la Honorable Junta de Gobierno de la Universidad Veracruzana (UV), lo cual, al parecer, se deriv\u00f3de las presiones que este cuerpo colegiado para aprobar la pr\u00f3rroga de la gesti\u00f3n del actual rector Mart\u00edn Aguilar S\u00e1nchez.<\/p>\n\n\n\n<p>Las renuncias no motivaron siquiera a la redacci\u00f3n de un bolet\u00edn informativo, abonado al \u00absospechosismo\u00bb Creeliano de que algo turbio se mov\u00eda en el coraz\u00f3n de la m\u00e1xima casa de estudios de los veracruzanos.<\/p>\n\n\n\n<p>Nada pas\u00f3.<\/p>\n\n\n\n<p>Por eso, ya entrado en gastos, Martin Aguilar S\u00e1nchez se avent\u00f3 la puntada hacer una consulta expr\u00e9s de cuatro d\u00edas para validar en la opini\u00f3n p\u00fablica que la reelecci\u00f3n disfrazada de prorroga se ajusta a la legalidad, en&nbsp;un raqu\u00edtico universo de 3 mil personas consultadas, porcentaje min\u00fasculo en una universidad que tiene una poblaci\u00f3n de&nbsp;95mil&nbsp;534 estudiantes en el ciclo escolar 2024-2025.&nbsp;<\/p>\n\n\n\n<p>Esta matr\u00edcula incluye estudiantes de nivel t\u00e9cnico superior universitario, licenciatura, especialidad, maestr\u00eda y doctorado, tanto en educaci\u00f3n formal como no formal, seg\u00fan informaci\u00f3n de la UV, m\u00e1s los 4 mil&nbsp;119&nbsp;catedr\u00e1ticos, que representan un n\u00famero mucho mayor que los encuestados que ofrecen su apoyo a la intentona reeleccionista del rector.<\/p>\n\n\n\n<p>En franca oposici\u00f3n a los vicios de procedimiento en la sucesi\u00f3n universitaria, el acad\u00e9mico y aspirante a rector de la Universidad Veracruzana, Jorge Manzo Denes, plante\u00f3 que el Consejo Universitario General (CUG) destituya a todos los integrantes que quedan de la Junta de Gobierno y&nbsp;que,&nbsp;en esa purga,&nbsp;revoque la pr\u00f3rroga ilegal concedida a Mart\u00edn Aguilar S\u00e1nchez.<\/p>\n\n\n\n<p>\u00abHoy, solo siete -de nueve- personas integran la Junta, tras la renuncia digna de dos mujeres que, con integridad, se negaron a participar en el atropello a la legalidad. Lo que hicieron los siete que permanecen no fue una decisi\u00f3n \u00e9tica ni jur\u00eddica: fue una traici\u00f3n a nuestra querida UV\u00bb, sostiene Manzo Denes.<\/p>\n\n\n\n<p>Compar\u00f3 a la Junta de Gobierno con un grup\u00fasculo de iluminados que atentan contra la autonom\u00eda de la UV, porque al perseguir intereses diametralmente opuestos a la grandeza universitaria, radicada en sus libertades como casa de estudios, \u00abha fallado gravemente a la confianza de la comunidad universitaria\u00bb.<\/p>\n\n\n\n<p>Jorge Manzo Denes&nbsp;exhort\u00f3 a la comunidad universitaria a convocar con car\u00e1cter de urgente a una sesi\u00f3n extraordinaria del Consejo Universitario General (CUG), sin la presencia de las actuales autoridades universitarias, dado que \u00e9stas provocaron la crisis institucional por la que atraviesa la UV, para&nbsp;\u00abproceder a la destituci\u00f3n inmediata de los siete integrantes actuales de la Junta de Gobierno, por no ser dignos de representar a nuestra universidad\u00bb.<\/p>\n\n\n\n<p>Un golpe de estado basado en la raz\u00f3n l\u00f3gica.<\/p>\n\n\n\n<p>Una adecuaci\u00f3n acad\u00e9mica y filos\u00f3fica de \u00abal diablo con las instituciones\u00bb cuando estas han sido tomadas por asalto para el uso y disfrute de una mayor\u00eda.<\/p>\n\n\n\n<p>El exordio de que \u00abla Universidad Veracruzana no es propiedad de unos cuantos. Es de todas y todos. Hoy m\u00e1s que nunca, la comunidad universitaria debe ejercer su soberan\u00eda colectiva y su responsabilidad hist\u00f3rica. Es momento de reorganizar, sanar y reconstruir desde los principios de legalidad y dignidad universitaria\u00bb, se da en tiempo de ex\u00e1menes extraordinarios, ausente la masa estudiantil de la pol\u00edtica intramuros que puede salirse de madre en la UV.<\/p>\n\n\n\n<p>Hasta la ma\u00f1ana de este viernes 25 de junio, la petici\u00f3n&nbsp;\u00a1Exigimos la disoluci\u00f3n de la Junta de Gobierno de la Universidad Veracruzana!&nbsp;registraba 504 firmas registradas y validadas por la plataforma change.org, por la causa:<\/p>\n\n\n\n<p>1.&nbsp;La Junta de Gobierno de la Universidad Veracruzana (UV) ha aprobado una pr\u00f3rroga ilegal e ileg\u00edtima para que el rector Mart\u00edn Gerardo Aguilar S\u00e1nchez permanezca en el cargo hasta 2029, a pesar de que ya ha superado la edad l\u00edmite establecida y sin respetar el procedimiento ordinario de renovaci\u00f3n rectoral que debe incluir convocatoria abierta y participaci\u00f3n plural.<\/p>\n\n\n\n<p>2.&nbsp;Esta decisi\u00f3n se tom\u00f3 en medio de opacidad, falta de transparencia y sin la consulta real y democr\u00e1tica de la comunidad universitaria, generando un clima de desconfianza, divisi\u00f3n y crisis institucional. Adem\u00e1s, existen denuncias sobre el manejo opaco de recursos y la percepci\u00f3n de que el rector busca \u00fanicamente jubilarse con el salario de rector, sin un verdadero compromiso con la universidad.<\/p>\n\n\n\n<p>3.&nbsp;La pr\u00f3rroga viola los principios b\u00e1sicos de autonom\u00eda universitaria porque limita la pluralidad, la rendici\u00f3n de cuentas y la participaci\u00f3n democr\u00e1tica, poniendo en riesgo la estabilidad y el prestigio de nuestra m\u00e1xima casa de estudios.<\/p>\n\n\n\n<p>La exigencia de la petici\u00f3n se radica en:<\/p>\n\n\n\n<p>A.&nbsp;El art\u00edculo 3\u00b0 constitucional, fracci\u00f3n VII, reconoce la autonom\u00eda de las universidades p\u00fablicas para gobernarse a s\u00ed mismas, pero esta autonom\u00eda debe ejercerse conforme a la ley, con respeto a principios democr\u00e1ticos, transparencia y legalidad.<\/p>\n\n\n\n<p>B.&nbsp;La&nbsp;Ley General de Educaci\u00f3n Superior establece que las universidades aut\u00f3nomas deben respetar sus leyes org\u00e1nicas y normatividad interna, y que los procesos legislativos relacionados deben respetar irrestrictamente su facultad de autogobierno.<\/p>\n\n\n\n<p>C.&nbsp;La Junta&nbsp;de Gobierno es un \u00f3rgano interno de autogobierno responsable de nombrar y remover al rector, pero debe hacerlo mediante procesos incluyentes, participativos y transparentes; cuando falla en estas funciones, pone en riesgo la autonom\u00eda y la estabilidad institucional.<\/p>\n\n\n\n<p>D.&nbsp;La&nbsp;autonom\u00eda universitaria no ampara actos arbitrarios ni ilegales. En casos de violaciones graves a la ley o a la autonom\u00eda, el Congreso del Estado tiene facultades para legislar y supervisar la organizaci\u00f3n universitaria, incluyendo la posibilidad de modificar o disolver \u00f3rganos que vulneren la normatividad y el inter\u00e9s p\u00fablico universitario.<\/p>\n\n\n\n<p>La lectura pol\u00edtica es que la ley y el orden no importa a quienes desean prorrogar un mandato descafeinado, incoloro, inodoro e ins\u00edpido.<\/p>\n\n\n\n<p>La lectura pol\u00edtica en la turbulencia universitaria, la impronta de la comunidad y la opini\u00f3n p\u00fablica es que se consumar\u00e1 un madruguete que desaf\u00eda a la autoridad y a la diplomacia que debe existir entre la universidad publica y los poderes del Estado de Veracruz de Ignacio de la Llave.<\/p>\n\n\n\n<p>La pol\u00edtica, como arte para la soluci\u00f3n de conflictos, como mediadora para evitar una crisis en la m\u00e1xima casa de estudios, habr\u00e1 fallado, otra vez.<\/p>\n\n\n\n<p>Quiz\u00e1 haga falta un golpe sobre el escritorio.<\/p>\n\n\n\n<p><em>columnacarpediem@gmail.com<\/em><\/p>\n","protected":false},"excerpt":{"rendered":"<p>Manolo VictorioCarpe Diem La Universidad Veracruzana entr\u00f3 en una espiral retrograda, un escenario oscurantista donde se niega a s\u00ed misma. Es la madre nutricia alimentando con su teta de autonom\u00eda y libertades a varios Ca\u00ednes modernos que se hacen fuertes con la v\u00eda l\u00e1ctea de la \u00abLis de Veracruz\u00bb que pas\u00f3 de ser una&nbsp;vela, s\u00edmbolo [&hellip;]<\/p>\n","protected":false},"author":2,"featured_media":141399,"comment_status":"closed","ping_status":"closed","sticky":false,"template":"","format":"standard","meta":{"_jetpack_newsletter_access":"","_jetpack_dont_email_post_to_subs":false,"_jetpack_newsletter_tier_id":0,"_jetpack_memberships_contains_paywalled_content":false,"_jetpack_memberships_contains_paid_content":false,"footnotes":""},"categories":[70],"tags":[44162,8398,44125,29146,195],"class_list":["post-147773","post","type-post","status-publish","format-standard","has-post-thumbnail","hentry","category-de-opinion","tag-haydee-zizumbo-ramirez","tag-junta-de-gobierno","tag-maria-angelica-buendia-espinosa","tag-martin-aguilar-sanchez-2","tag-veracruz"],"jetpack_featured_media_url":"https:\/\/lospoliticosveracruz.com.mx\/wp-content\/uploads\/2025\/04\/Manolo-Victorio-Valle.jpg","jetpack_sharing_enabled":true,"jetpack_shortlink":"https:\/\/wp.me\/p4Qcd3-Crr","_links":{"self":[{"href":"https:\/\/lospoliticosveracruz.com.mx\/index.php?rest_route=\/wp\/v2\/posts\/147773","targetHints":{"allow":["GET"]}}],"collection":[{"href":"https:\/\/lospoliticosveracruz.com.mx\/index.php?rest_route=\/wp\/v2\/posts"}],"about":[{"href":"https:\/\/lospoliticosveracruz.com.mx\/index.php?rest_route=\/wp\/v2\/types\/post"}],"author":[{"embeddable":true,"href":"https:\/\/lospoliticosveracruz.com.mx\/index.php?rest_route=\/wp\/v2\/users\/2"}],"replies":[{"embeddable":true,"href":"https:\/\/lospoliticosveracruz.com.mx\/index.php?rest_route=%2Fwp%2Fv2%2Fcomments&post=147773"}],"version-history":[{"count":2,"href":"https:\/\/lospoliticosveracruz.com.mx\/index.php?rest_route=\/wp\/v2\/posts\/147773\/revisions"}],"predecessor-version":[{"id":147775,"href":"https:\/\/lospoliticosveracruz.com.mx\/index.php?rest_route=\/wp\/v2\/posts\/147773\/revisions\/147775"}],"wp:featuredmedia":[{"embeddable":true,"href":"https:\/\/lospoliticosveracruz.com.mx\/index.php?rest_route=\/wp\/v2\/media\/141399"}],"wp:attachment":[{"href":"https:\/\/lospoliticosveracruz.com.mx\/index.php?rest_route=%2Fwp%2Fv2%2Fmedia&parent=147773"}],"wp:term":[{"taxonomy":"category","embeddable":true,"href":"https:\/\/lospoliticosveracruz.com.mx\/index.php?rest_route=%2Fwp%2Fv2%2Fcategories&post=147773"},{"taxonomy":"post_tag","embeddable":true,"href":"https:\/\/lospoliticosveracruz.com.mx\/index.php?rest_route=%2Fwp%2Fv2%2Ftags&post=147773"}],"curies":[{"name":"wp","href":"https:\/\/api.w.org\/{rel}","templated":true}]}}