{"id":147792,"date":"2025-06-25T13:08:18","date_gmt":"2025-06-25T18:08:18","guid":{"rendered":"https:\/\/lospoliticosveracruz.com.mx\/?p=147792"},"modified":"2025-06-25T13:08:31","modified_gmt":"2025-06-25T18:08:31","slug":"pide-ceapp-dar-responsables","status":"publish","type":"post","link":"https:\/\/lospoliticosveracruz.com.mx\/?p=147792","title":{"rendered":"PIDE CEAPP DAR RESPONSABLES!"},"content":{"rendered":"\n<p>La Comisi\u00f3n Estatal para la Atenci\u00f3n y Protecci\u00f3n de los Periodistas (CEAPP) lamenta el sensible fallecimiento del compa\u00f1ero proyectista Jos\u00e9 Antonio Miranda Garc\u00eda ocurrido la madrugada de este mi\u00e9rcoles.<\/p>\n\n\n\n<p>Desde la CEAPP expresamos nuestras m\u00e1s sinceras condolencias a sus familiares, amistades y colegas, reconociendo su trayectoria y compromiso con los derechos humanos y la labor period\u00edstica en Veracruz.<\/p>\n\n\n\n<p>Este Organismo Aut\u00f3nomo expresa su respeto hacia la labor del compa\u00f1ero y garantiza el acompa\u00f1amiento institucional para sus seres queridos.<\/p>\n\n\n\n<p>Asimismo se informa que, hasta el momento, no existe evidencia, ni constancia que apunte que su deceso est\u00e9 relacionado con la labor que desempe\u00f1aba en esta Comisi\u00f3n.<\/p>\n\n\n\n<p>La CEAPP exhorta a las autoridades correspondientes a realizar las investigaciones necesarias para dar con los responsables de este lamentable hecho.<\/p>\n","protected":false},"excerpt":{"rendered":"<p>La Comisi\u00f3n Estatal para la Atenci\u00f3n y Protecci\u00f3n de los Periodistas (CEAPP) lamenta el sensible fallecimiento del compa\u00f1ero proyectista Jos\u00e9 Antonio Miranda Garc\u00eda ocurrido la madrugada de este mi\u00e9rcoles. Desde la CEAPP expresamos nuestras m\u00e1s sinceras condolencias a sus familiares, amistades y colegas, reconociendo su trayectoria y compromiso con los derechos humanos y la labor [&hellip;]<\/p>\n","protected":false},"author":2,"featured_media":147793,"comment_status":"closed","ping_status":"closed","sticky":false,"template":"","format":"standard","meta":{"_jetpack_newsletter_access":"","_jetpack_dont_email_post_to_subs":false,"_jetpack_newsletter_tier_id":0,"_jetpack_memberships_contains_paywalled_content":false,"_jetpack_memberships_contains_paid_content":false,"footnotes":""},"categories":[73],"tags":[],"class_list":["post-147792","post","type-post","status-publish","format-standard","has-post-thumbnail","hentry","category-de-boleto"],"jetpack_featured_media_url":"https:\/\/lospoliticosveracruz.com.mx\/wp-content\/uploads\/2025\/06\/IMG_3024.jpeg","jetpack_sharing_enabled":true,"jetpack_shortlink":"https:\/\/wp.me\/p4Qcd3-CrK","_links":{"self":[{"href":"https:\/\/lospoliticosveracruz.com.mx\/index.php?rest_route=\/wp\/v2\/posts\/147792","targetHints":{"allow":["GET"]}}],"collection":[{"href":"https:\/\/lospoliticosveracruz.com.mx\/index.php?rest_route=\/wp\/v2\/posts"}],"about":[{"href":"https:\/\/lospoliticosveracruz.com.mx\/index.php?rest_route=\/wp\/v2\/types\/post"}],"author":[{"embeddable":true,"href":"https:\/\/lospoliticosveracruz.com.mx\/index.php?rest_route=\/wp\/v2\/users\/2"}],"replies":[{"embeddable":true,"href":"https:\/\/lospoliticosveracruz.com.mx\/index.php?rest_route=%2Fwp%2Fv2%2Fcomments&post=147792"}],"version-history":[{"count":1,"href":"https:\/\/lospoliticosveracruz.com.mx\/index.php?rest_route=\/wp\/v2\/posts\/147792\/revisions"}],"predecessor-version":[{"id":147794,"href":"https:\/\/lospoliticosveracruz.com.mx\/index.php?rest_route=\/wp\/v2\/posts\/147792\/revisions\/147794"}],"wp:featuredmedia":[{"embeddable":true,"href":"https:\/\/lospoliticosveracruz.com.mx\/index.php?rest_route=\/wp\/v2\/media\/147793"}],"wp:attachment":[{"href":"https:\/\/lospoliticosveracruz.com.mx\/index.php?rest_route=%2Fwp%2Fv2%2Fmedia&parent=147792"}],"wp:term":[{"taxonomy":"category","embeddable":true,"href":"https:\/\/lospoliticosveracruz.com.mx\/index.php?rest_route=%2Fwp%2Fv2%2Fcategories&post=147792"},{"taxonomy":"post_tag","embeddable":true,"href":"https:\/\/lospoliticosveracruz.com.mx\/index.php?rest_route=%2Fwp%2Fv2%2Ftags&post=147792"}],"curies":[{"name":"wp","href":"https:\/\/api.w.org\/{rel}","templated":true}]}}