{"id":147870,"date":"2025-06-26T18:48:21","date_gmt":"2025-06-26T23:48:21","guid":{"rendered":"https:\/\/lospoliticosveracruz.com.mx\/?p=147870"},"modified":"2025-06-26T18:48:32","modified_gmt":"2025-06-26T23:48:32","slug":"todo-en-orden-con-ana-karen","status":"publish","type":"post","link":"https:\/\/lospoliticosveracruz.com.mx\/?p=147870","title":{"rendered":"TODO EN ORDEN CON ANA KAREN!"},"content":{"rendered":"\n<p><\/p>\n\n\n\n<p>La Presidenta del Consejo Municipal del OPLE en Boca del R\u00edo, Ana Karen Fern\u00e1ndez Peguero, cumpli\u00f3 todo los requisitos que establece la ley cuando ingres\u00f3 formalmente a ese \u00f3rgano electoral a fines del 2023.<\/p>\n\n\n\n<p>Las diversas instancias y \u00e1reas del Consejo General revisaron que la actual presidenta del Consejo Municipal en Boca del R\u00edo cumpliera con los requisitos, como el no formar parte de alg\u00fan gobierno ya sea federal, estatal o municipal, entre otros.<\/p>\n\n\n\n<p>Esto viene a desmentir afirmaciones falsas y dolosas que circulan en redes sociales y que tienen como finalidad desvirtuar que los boque\u00f1os le dijeron que NO a Morena y a la 4 Transformaci\u00f3n.<\/p>\n\n\n\n<p>Morena y su candidata han evidenciado que no saben perder y ante la derrota circulan falsedades, como el dichoso recibo de cobro de la funcionaria del OPLE, que es del a\u00f1o 2023.<\/p>\n","protected":false},"excerpt":{"rendered":"<p>La Presidenta del Consejo Municipal del OPLE en Boca del R\u00edo, Ana Karen Fern\u00e1ndez Peguero, cumpli\u00f3 todo los requisitos que establece la ley cuando ingres\u00f3 formalmente a ese \u00f3rgano electoral a fines del 2023. Las diversas instancias y \u00e1reas del Consejo General revisaron que la actual presidenta del Consejo Municipal en Boca del R\u00edo cumpliera [&hellip;]<\/p>\n","protected":false},"author":2,"featured_media":147871,"comment_status":"closed","ping_status":"closed","sticky":false,"template":"","format":"standard","meta":{"_jetpack_newsletter_access":"","_jetpack_dont_email_post_to_subs":false,"_jetpack_newsletter_tier_id":0,"_jetpack_memberships_contains_paywalled_content":false,"_jetpack_memberships_contains_paid_content":false,"footnotes":""},"categories":[72],"tags":[],"class_list":["post-147870","post","type-post","status-publish","format-standard","has-post-thumbnail","hentry","category-palomazos"],"jetpack_featured_media_url":"https:\/\/lospoliticosveracruz.com.mx\/wp-content\/uploads\/2025\/06\/IMG_3095.jpeg","jetpack_sharing_enabled":true,"jetpack_shortlink":"https:\/\/wp.me\/p4Qcd3-Ct0","_links":{"self":[{"href":"https:\/\/lospoliticosveracruz.com.mx\/index.php?rest_route=\/wp\/v2\/posts\/147870","targetHints":{"allow":["GET"]}}],"collection":[{"href":"https:\/\/lospoliticosveracruz.com.mx\/index.php?rest_route=\/wp\/v2\/posts"}],"about":[{"href":"https:\/\/lospoliticosveracruz.com.mx\/index.php?rest_route=\/wp\/v2\/types\/post"}],"author":[{"embeddable":true,"href":"https:\/\/lospoliticosveracruz.com.mx\/index.php?rest_route=\/wp\/v2\/users\/2"}],"replies":[{"embeddable":true,"href":"https:\/\/lospoliticosveracruz.com.mx\/index.php?rest_route=%2Fwp%2Fv2%2Fcomments&post=147870"}],"version-history":[{"count":1,"href":"https:\/\/lospoliticosveracruz.com.mx\/index.php?rest_route=\/wp\/v2\/posts\/147870\/revisions"}],"predecessor-version":[{"id":147872,"href":"https:\/\/lospoliticosveracruz.com.mx\/index.php?rest_route=\/wp\/v2\/posts\/147870\/revisions\/147872"}],"wp:featuredmedia":[{"embeddable":true,"href":"https:\/\/lospoliticosveracruz.com.mx\/index.php?rest_route=\/wp\/v2\/media\/147871"}],"wp:attachment":[{"href":"https:\/\/lospoliticosveracruz.com.mx\/index.php?rest_route=%2Fwp%2Fv2%2Fmedia&parent=147870"}],"wp:term":[{"taxonomy":"category","embeddable":true,"href":"https:\/\/lospoliticosveracruz.com.mx\/index.php?rest_route=%2Fwp%2Fv2%2Fcategories&post=147870"},{"taxonomy":"post_tag","embeddable":true,"href":"https:\/\/lospoliticosveracruz.com.mx\/index.php?rest_route=%2Fwp%2Fv2%2Ftags&post=147870"}],"curies":[{"name":"wp","href":"https:\/\/api.w.org\/{rel}","templated":true}]}}