{"id":147875,"date":"2025-06-26T20:00:41","date_gmt":"2025-06-27T01:00:41","guid":{"rendered":"https:\/\/lospoliticosveracruz.com.mx\/?p=147875"},"modified":"2025-06-26T20:01:08","modified_gmt":"2025-06-27T01:01:08","slug":"la-nueva-integracion-del-poder-judicial-en-veracruz","status":"publish","type":"post","link":"https:\/\/lospoliticosveracruz.com.mx\/?p=147875","title":{"rendered":"LA NUEVA INTEGRACI\u00d3N DEL PODER JUDICIAL EN VERACRUZ"},"content":{"rendered":"\n\n\n<p><strong>Mara Iliana Cruz Pastrana<\/strong><\/p>\n\n\n\n<p>La elecci\u00f3n reciente de magistradas y magistrados en Veracruz ha marcado un punto de inflexi\u00f3n en la escena judicial, con una participaci\u00f3n significativa, se ha dado un paso importante hacia la consolidaci\u00f3n de un sistema justo y transparente.<\/p>\n\n\n\n<p>El Tribunal Superior de Justicia de Veracruz estar\u00e1&nbsp;complementado con la elecci\u00f3n de&nbsp;15&nbsp;nuevas&nbsp;magistraturas, de las cuales 8 ser\u00e1n ocupadas por mujeres y 7 por hombres. De estos, 4 son reelectos y 11 ocupar\u00e1n por vez primera la distinci\u00f3n judicial. A continuaci\u00f3n,&nbsp;comparto los nombres y votaciones que se observaron en&nbsp;la elecci\u00f3n&nbsp;reciente del 1\u00b0 de junio:<\/p>\n\n\n\n<p><strong>Magistradas<\/strong><\/p>\n\n\n\n<p>\u2022&nbsp;<strong>Rosalba Hern\u00e1ndez&nbsp;<\/strong><strong>Hern\u00e1ndez<\/strong>: Reelegida con 276 mil 812 votos, se perfila como la pr\u00f3xima Presidenta del Poder Judicial de Veracruz.<\/p>\n\n\n\n<p>\u2022&nbsp;<strong>Mirza Abilene Rodas Espejo<\/strong>: Obtuvo 166 mil 433 votos.<\/p>\n\n\n\n<p>\u2022&nbsp;<strong>Fabiola Argelia Mart\u00ednez Palma<\/strong>:&nbsp;Logr\u00f3&nbsp;131 mil 542 votos.<\/p>\n\n\n\n<p>\u2022&nbsp;<strong>Silvia Clementina Ochoa Castillo<\/strong>: Obtuvo 115 mil 229 votos.<\/p>\n\n\n\n<p>\u2022&nbsp;<strong>Lizbeth Aurelia Jim\u00e9nez Aguirre<\/strong>: Reelegida con 106 mil 274 votos.<\/p>\n\n\n\n<p>\u2022&nbsp;<strong>Olga Mariela Quintanar Sosa<\/strong>: Logr\u00f3 99 mil 651 votos.<\/p>\n\n\n\n<p>\u2022&nbsp;<strong>Violeta Condado&nbsp;<\/strong><strong>Zagada<\/strong>: Obtuvo 74 mil 588 votos.<\/p>\n\n\n\n<p>\u2022&nbsp;<strong>Liliana L\u00f3pez Coronado<\/strong>: Logr\u00f3 95 mil 438 votos.<\/p>\n\n\n\n<p><strong>Magistrados<\/strong><\/p>\n\n\n\n<p>\u2022&nbsp;<strong>Miguel Herrera Gonz\u00e1lez<\/strong>: Obtuvo 180 mil 688 votos.<\/p>\n\n\n\n<p>\u2022&nbsp;<strong>Jonathan M\u00e1ximo Lozano Ord\u00f3\u00f1ez<\/strong>: Logr\u00f3 137 mil 705 votos.<\/p>\n\n\n\n<p>\u2022&nbsp;<strong>Emmanuel P\u00e9rez Espinosa<\/strong>: Obtuvo 116 mil 621 votos.<\/p>\n\n\n\n<p>\u2022&nbsp;<strong>Carlos Antonio V\u00e1zquez Azuara<\/strong>: Logr\u00f3 111 mil 575 votos.<\/p>\n\n\n\n<p>\u2022&nbsp;<strong>Jonathan Cort\u00e9s Vargas<\/strong>: Obtuvo 108 mil 295 votos.<\/p>\n\n\n\n<p>\u2022&nbsp;<strong>Esteban Mart\u00ednez V\u00e1zquez<\/strong>: Logr\u00f3 61 mil 141 votos.<\/p>\n\n\n\n<p>\u2022&nbsp;<strong>Arturo Sosa V\u00e1zquez<\/strong>: Reelegido con 55 mil 985 votos.<\/p>\n\n\n\n<p>Asignaci\u00f3n de Salas<\/p>\n\n\n\n<p>Las salas del Tribunal Superior de Justicia de Veracruz se asignar\u00e1n de la siguiente manera:<\/p>\n\n\n\n<p>\u2022&nbsp;<strong>Sala Constitucional<\/strong>: Rosalba Hern\u00e1ndez&nbsp;Hern\u00e1ndez&nbsp;y Jonathan M\u00e1ximo Lozano Ord\u00f3\u00f1ez.<\/p>\n\n\n\n<p>\u2022&nbsp;<strong>Sala Penal<\/strong>: Lizbeth Aurelia Jim\u00e9nez Aguirre, Olga Mariela Quintanar Sosa, Violeta Condado&nbsp;Zagada, Jonathan Cort\u00e9s Vargas, Esteban Mart\u00ednez V\u00e1zquez y Arturo Sosa V\u00e1zquez.<\/p>\n\n\n\n<p>\u2022&nbsp;<strong>Sala Civil<\/strong>: Mirza Abilene Rodas Espejo, Fabiola Argelia Mart\u00ednez Palma y Miguel Herrera Gonz\u00e1lez.<\/p>\n\n\n\n<p>\u2022&nbsp;<strong>Sala Familiar<\/strong>: Silvia Clementina Ochoa Castillo, Liliana L\u00f3pez Coronado, Emmanuel P\u00e9rez Espinosa y Carlos Antonio V\u00e1zquez Azuara.<\/p>\n\n\n\n<p>Recientemente, el Congreso de Veracruz aprob\u00f3 una&nbsp;reforma a la&nbsp;Ley Org\u00e1nica del Poder Judicial, que busca fortalecer la disciplina judicial y promover la transparencia y la justicia en el estado. Algunas de las reformas clave incluyen&nbsp;<\/p>\n\n\n\n<p>\u2022&nbsp;La creaci\u00f3n del \u00d3rgano de Administraci\u00f3n Judicialque ser\u00e1 el encargado&nbsp;de organizar y proveer los recursos necesarios para el funcionamiento de los \u00f3rganos jurisdiccionales.<\/p>\n\n\n\n<p>\u2022&nbsp;Se crea el&nbsp;Tribunal de Disciplina Judicial&nbsp;que ahora ser\u00e1 el encargado de investigar y sancionar conductas irregulares del personal judicial. Los magistrados integrantes:&nbsp;<strong>Paulina Elizabeth Ahumada Santana<\/strong>&nbsp;y&nbsp;<strong>Humberto de Jes\u00fas&nbsp;<\/strong><strong>Sulvar\u00e1n<\/strong><strong>&nbsp;L\u00f3pez<\/strong>, fueron electos de igual manera el 1\u00b0 de junio.<\/p>\n\n\n\n<p>\u2022&nbsp;Se aprueban evaluaciones peri\u00f3dicas&nbsp;paraincentivar la actualizaci\u00f3n permanente del personal jurisdiccional.<\/p>\n\n\n\n<p>Las magistradas y los magistrados, juezas y&nbsp;jueces permanecer\u00e1n en el cargo durante 9 a\u00f1os, con posibilidad de&nbsp;una&nbsp;reelecci\u00f3n, lo que busca garantizar la estabilidad y la independencia del Poder Judicial. Sin embargo, los miembros del Tribunal de Disciplina Judicial durar\u00e1n 6 a\u00f1os en su encargo y no podr\u00e1n ser&nbsp;reelectos para un nuevo periodo.<\/p>\n\n\n\n<p>La nueva integraci\u00f3n del Poder Judicial en Veracruz enfrenta desaf\u00edos importantes, como&nbsp;lo es&nbsp;consolidar un sistema judicial transparente y justo, y responder a las demandas ciudadanas de equidad y justicia.&nbsp;<\/p>\n\n\n\n<p>La reforma al Poder Judicial en M\u00e9xico ha generado diversas reacciones cr\u00edticas por parte de sociedad civil, c\u00e1maras empresariales y expertos,&nbsp;algunas de&nbsp;las opiniones cr\u00edticas m\u00e1s relevantes&nbsp;son&nbsp;que la reforma plantea la elecci\u00f3n de ministros, magistrados y jueces mediante voto popular, lo que podr\u00eda comprometer la independencia judicial y politizar el sistema de justicia,&nbsp;la reforma podr\u00eda generar incertidumbre y volatilidad en los mercados, afectando la inversi\u00f3n y el crecimiento econ\u00f3mico&nbsp;y&nbsp;contravenir los acuerdos del Tratado entre M\u00e9xico,&nbsp;Estados Unidos y Canad\u00e1 en materia de integraci\u00f3n comercial y laboral, entre otros.<\/p>\n\n\n\n<p>La integraci\u00f3n del Poder Judicial en Veracruz enfrenta varios retos y perspectivas en el contexto actual de M\u00e9xico. Algunos de los desaf\u00edos clave incluyen:<\/p>\n\n\n\n<p>o&nbsp;Fortalecer la independencia judicial: La designaci\u00f3n de ministros y magistrados es un tema delicado, con debates sobre si deber\u00eda ser mediante voto popular o a trav\u00e9s de un proceso de selecci\u00f3n m\u00e1s especializado. La independencia judicial es crucial para garantizar la imparcialidad y legitimidad de las resoluciones&nbsp;judiciales.Mejorarla eficiencia administrativa: El Poder Judicial Federal tiene un rezago significativo en la resoluci\u00f3n de casos.&nbsp;<\/p>\n\n\n\n<p>o&nbsp;Los tribunales colegiados de circuito y unitarios de circuito tambi\u00e9n enfrentan desaf\u00edos en la gesti\u00f3n de su carga de trabajo.<\/p>\n\n\n\n<p>o&nbsp;Ampliar la justicia constitucional: La justicia constitucional en M\u00e9xico tiene limitaciones relevantes que impiden una justicia plena. Es necesario fortalecer las instituciones y mecanismos para garantizar la protecci\u00f3n de los derechos humanos y la supremac\u00eda constitucional.<\/p>\n\n\n\n<p>o&nbsp;Garantizar la transparencia y la rendici\u00f3n de cuentas: La administraci\u00f3n del Poder Judicial debe ser transparente y&nbsp;responsable&nbsp;para mantener la confianza de la sociedad en el sistema de justicia.<\/p>\n\n\n\n<p>&#8211;&nbsp;Abordar la complejidad de la justicia: La justicia constitucional implica una serie de desaf\u00edos complejos, desde la interpretaci\u00f3n de la Constituci\u00f3n hasta la aplicaci\u00f3n de los derechos humanos en casos concretos.<\/p>\n\n\n\n<p>Pero es importante considerar&nbsp;que:<\/p>\n\n\n\n<p>+&nbsp;Las&nbsp;reformas al Poder Judicial pueden ser una oportunidad para fortalecer la independencia judicial y mejorar la eficiencia administrativa.<\/p>\n\n\n\n<p>+&nbsp;La capacitaci\u00f3n y profesionalizaci\u00f3n de los jueces y personal del Poder Judicial pueden mejorar la calidad de la justicia y la eficiencia en la resoluci\u00f3n de casos.<\/p>\n\n\n\n<p>+&nbsp;La&nbsp;colaboraci\u00f3n entre el Poder Judicial y otras instituciones, como la sociedad civil y la academia, puede ser fundamental para abordar los desaf\u00edos complejos de la justicia constitucional.<\/p>\n\n\n\n<p>La magistrada Rosalba Hern\u00e1ndez&nbsp;Hern\u00e1ndez, ha sido electa&nbsp;ya&nbsp;y fue quien mayor votaci\u00f3n obtuvo, de acuerdo con lo que establecen&nbsp;la Constituci\u00f3n del Estado&nbsp;y&nbsp;la Ley Org\u00e1nica del Poder Judicial&nbsp;en&nbsp;relaci\u00f3n&nbsp;con quienes integrar\u00e1n<a><\/a>&nbsp;el Pleno,&nbsp;se perfilapara presidir&nbsp;el Tribunal Superior de Justicia&nbsp;de la entidad. Su designaci\u00f3n ha generado expectativas y debates:<\/p>\n\n\n\n<p>\u2713&nbsp;Rosalba Hern\u00e1ndez&nbsp;Hern\u00e1ndez&nbsp;tiene experiencia en derecho laboral y ha demostrado su capacidad para resolver conflictos y promover la justicia en este \u00e1mbito.<\/p>\n\n\n\n<p>\u2713&nbsp;Su compromiso con la justicia social y la protecci\u00f3n de los derechos de los trabajadores es fundamental para garantizar que el Poder Judicial en Veracruz sea m\u00e1s accesible y equitativo para todos.<\/p>\n\n\n\n<p>\u2713&nbsp;Su capacidad para liderar y gestionar el Poder Judicial en Veracruz ser\u00e1 crucial para implementar cambios y mejoras en el sistema de justicia del estado.<\/p>\n\n\n\n<p>\u2713&nbsp;Su&nbsp;designaci\u00f3n como presidenta del Poder Judicial en Veracruz puede generar expectativas de cambio y mejora en el sistema de justicia del estado.<\/p>\n\n\n\n<p>\u2713&nbsp;Su liderazgo puede enfrentar desaf\u00edos, como la implementaci\u00f3n de reformas y la gesti\u00f3n de recursos, pero tambi\u00e9n puede ser una oportunidad para promover la justicia y la igualdad en el estado.<\/p>\n\n\n\n<p>\u2713&nbsp;Es fundamental que Rosalba Hern\u00e1ndez&nbsp;Hern\u00e1ndez&nbsp;mantenga la imparcialidad y la independencia en sus decisiones, para garantizar la confianza de la sociedad en el Poder Judicial.<\/p>\n\n\n\n<p>Todo cambio es mejor que seguir en la inmovilidad de un sistema que ya ol\u00eda a antiguo. Al tiempo queridos lectores.<\/p>\n","protected":false},"excerpt":{"rendered":"<p>Mara Iliana Cruz Pastrana La elecci\u00f3n reciente de magistradas y magistrados en Veracruz ha marcado un punto de inflexi\u00f3n en la escena judicial, con una participaci\u00f3n significativa, se ha dado un paso importante hacia la consolidaci\u00f3n de un sistema justo y transparente. El Tribunal Superior de Justicia de Veracruz estar\u00e1&nbsp;complementado con la elecci\u00f3n de&nbsp;15&nbsp;nuevas&nbsp;magistraturas, de [&hellip;]<\/p>\n","protected":false},"author":2,"featured_media":141401,"comment_status":"closed","ping_status":"closed","sticky":false,"template":"","format":"standard","meta":{"_jetpack_newsletter_access":"","_jetpack_dont_email_post_to_subs":false,"_jetpack_newsletter_tier_id":0,"_jetpack_memberships_contains_paywalled_content":false,"_jetpack_memberships_contains_paid_content":false,"footnotes":""},"categories":[70],"tags":[82,195],"class_list":["post-147875","post","type-post","status-publish","format-standard","has-post-thumbnail","hentry","category-de-opinion","tag-poder-judicial","tag-veracruz"],"jetpack_featured_media_url":"https:\/\/lospoliticosveracruz.com.mx\/wp-content\/uploads\/2025\/04\/Mara-Cruz-Pastrana.jpg","jetpack_sharing_enabled":true,"jetpack_shortlink":"https:\/\/wp.me\/p4Qcd3-Ct5","_links":{"self":[{"href":"https:\/\/lospoliticosveracruz.com.mx\/index.php?rest_route=\/wp\/v2\/posts\/147875","targetHints":{"allow":["GET"]}}],"collection":[{"href":"https:\/\/lospoliticosveracruz.com.mx\/index.php?rest_route=\/wp\/v2\/posts"}],"about":[{"href":"https:\/\/lospoliticosveracruz.com.mx\/index.php?rest_route=\/wp\/v2\/types\/post"}],"author":[{"embeddable":true,"href":"https:\/\/lospoliticosveracruz.com.mx\/index.php?rest_route=\/wp\/v2\/users\/2"}],"replies":[{"embeddable":true,"href":"https:\/\/lospoliticosveracruz.com.mx\/index.php?rest_route=%2Fwp%2Fv2%2Fcomments&post=147875"}],"version-history":[{"count":1,"href":"https:\/\/lospoliticosveracruz.com.mx\/index.php?rest_route=\/wp\/v2\/posts\/147875\/revisions"}],"predecessor-version":[{"id":147876,"href":"https:\/\/lospoliticosveracruz.com.mx\/index.php?rest_route=\/wp\/v2\/posts\/147875\/revisions\/147876"}],"wp:featuredmedia":[{"embeddable":true,"href":"https:\/\/lospoliticosveracruz.com.mx\/index.php?rest_route=\/wp\/v2\/media\/141401"}],"wp:attachment":[{"href":"https:\/\/lospoliticosveracruz.com.mx\/index.php?rest_route=%2Fwp%2Fv2%2Fmedia&parent=147875"}],"wp:term":[{"taxonomy":"category","embeddable":true,"href":"https:\/\/lospoliticosveracruz.com.mx\/index.php?rest_route=%2Fwp%2Fv2%2Fcategories&post=147875"},{"taxonomy":"post_tag","embeddable":true,"href":"https:\/\/lospoliticosveracruz.com.mx\/index.php?rest_route=%2Fwp%2Fv2%2Ftags&post=147875"}],"curies":[{"name":"wp","href":"https:\/\/api.w.org\/{rel}","templated":true}]}}