{"id":148116,"date":"2025-07-01T20:48:15","date_gmt":"2025-07-02T01:48:15","guid":{"rendered":"https:\/\/lospoliticosveracruz.com.mx\/?p=148116"},"modified":"2025-07-01T20:48:44","modified_gmt":"2025-07-02T01:48:44","slug":"ambrosio-2","status":"publish","type":"post","link":"https:\/\/lospoliticosveracruz.com.mx\/?p=148116","title":{"rendered":"AMBROSIO"},"content":{"rendered":"\n\n\n<p><strong>Guadalupe H. Mar<br><\/strong><em>Mira Pol\u00edtica<\/em><\/p>\n\n\n\n<p>Y SU CARABINA \u2026 No obstante que no se especifica ante qu\u00e9 instancia judicial, la actual administraci\u00f3n estatal present\u00f3 una denuncia en contra de la m\u00e9dica cirujana Guadalupe D\u00edaz del Castillo Flores, quien fuera una de las titulares de la Secretar\u00eda de Salud del gobierno del estado de Veracruz, en el sexenio del ingeniero mec\u00e1nico electricista Cuitl\u00e1huac Garc\u00eda Jim\u00e9nez, la noticia ha generado mucho revuelo sobre todo porque fue confirmada por la propia gobernadora de la entidad veracruzana, la ingeniera qu\u00edmica Norma Roc\u00edo Nahle Garc\u00eda.<br>A la m\u00e9dica con especialidad en epidemiolog\u00eda, se le se\u00f1ala de un presunto uso inadecuado de los recursos econ\u00f3micos que la federaci\u00f3n destin\u00f3 en 2023, al estado de Veracruz, dineros que se canalizaron a presuntas empresas fantasma y de reciente creaci\u00f3n, pero que estaban avaladas por la Secretar\u00eda de Finanzas y nada de Planeaci\u00f3n (Sefiplan) y por ende aparec\u00edan en su padr\u00f3n de proveedores.<br>La viga de los presuntos desv\u00edos econ\u00f3micos y malos manejos de los presupuestos del sexenio pasado, se la est\u00e1n cargando a la m\u00e9dica cirujana Guadalupe D\u00edaz del Castillo Flores, la tercera secretaria de Salud de la administraci\u00f3n del ingeniero mec\u00e1nico electricista Cuitl\u00e1huac Garc\u00eda Jim\u00e9nez y as\u00ed lo destac\u00f3 la mandataria estatal veracruzana al se\u00f1alar en su acostumbrada conferencia de prensa xalape\u00f1a, que no hay se\u00f1alamientos ni denuncias activas en contra de secretar\u00edas de despacho como la de Infraestructura y Obras P\u00fablicas (SIOP) y la de Desarrollo Agropecuario, Rural y Pesca (Sedarpa).<br>Medi\u00e1ticamente amables lectoras y lectores, la denuncia ante no se sabe qu\u00e9 instancia judicial presentada en contra de la \u00faltima de los tres secretarios de Salud que hubo en el sexenio pasado, ha ocupado importantes espacios en los medios impresos, electr\u00f3nicos y digitales, llegando a especularse que la ex secretaria estatal de Salud ya casi tiene su espacio reservado en Pacho Viejo.<br>Tanto se ha insistido al respecto, que la m\u00e9dica cirujana Guadalupe D\u00edaz del Castillo Flores ya obtuvo un amparo federal para no ser aprehendida, ni retenida para comparecer o ser presentada ante alguna instancia judicial.<br>Insistimos, medi\u00e1ticamente la presunta denuncia por el presunto desvi\u00f3 de recursos econ\u00f3micos de la tercera ex secretaria de Salud del sexenio estatal pasado, ya hace ver a esta recluida en Pacho Viejo.<br>Sin embargo, ese tipo de denuncias y la carabina de Ambrosio, son muy similares.<br>Para no darle vueltas a lo redondo le explicamos r\u00e1pidamente: de las casi 90 denuncias presentadas ante la Fiscal\u00eda General de la Rep\u00fablica (FGR) por supuesto da\u00f1o patrimonial en los gobiernos estatales de Fidel Herrera Beltr\u00e1n, Javier Duarte de Ochoa y parte del bienio de Miguel \u00c1ngel Yunes Linares, solo 17 de ellas, poquito m\u00e1s del 20 por ciento, fueron judicializadas.<br>En el \u00e1mbito estatal, el \u00d3rgano de Fiscalizaci\u00f3n Superior en Veracruz (Orfis), present\u00f3 entre el 2018 y el 2022, 110 denuncias por presunto da\u00f1o patrimonial, de las cuales, con el argumento de que no se puede dar informaci\u00f3n al respecto para no entorpecer las investigaciones, poco o nada se conoce de esos procedimientos y mucho menos si esas querellas han llevado a alguien a Pacho Viejo.<br>Por ello amables lectoras y lectores, esas denuncias por presuntos desv\u00edos de recursos econ\u00f3micos y presuntos da\u00f1os patrimoniales, nos hacen recordar a la abuela Nila quien dec\u00eda, mucho ruido y pocas nueces, sobre todo porque despu\u00e9s de este golpe medi\u00e1tico el tema se disipar\u00e1 y obviamente olvidar\u00e1, como las cientos de supuestas denuncias que han presentado la ASF y el Orfis Veracruz. S\u00ed, mientras Cuitl\u00e1huac como Don Sebas.<br>SE EST\u00c1N TARDANDO \u2026 Diversos sectores de la sociedad veracruzana, sobre todo los dedicados a la prestaci\u00f3n de servicios tur\u00edsticos, pugnan porque las fiestas carnestolendas regresen a sus fechas tradicionales, 40 d\u00edas antes de la Semana Santa, por lo que el Carnaval de Veracruz se celebraba entre febrero y marzo de cada a\u00f1o.<br>En el 2021, se determin\u00f3 diferir el Carnaval al verano argumentando que as\u00ed se evitar\u00eda el contagio por Coronavirus y, sobre todo, el riesgo sanitario.<br>A cuatro a\u00f1os de eso, ya se vio que no fue buena idea diferir el Carnaval al mes de junio y julio, pues resulta que es cuando inicia la temporada de lluvias y si bien los comparseros y patrocinadores de los carros aleg\u00f3ricos realizan los paseos llueva a o truene, el p\u00fablico no asiste, generando severas p\u00e9rdidas econ\u00f3micas.<br>El pr\u00f3ximo a\u00f1o, en 2026, la ciudad de Veracruz tendr\u00e1 nueva presidenta municipal, a Rosa Hern\u00e1ndez Espejo, quien podr\u00eda gestionar que las fiestas carnestolendas regresen a sus fechas tradicionales, antes de la Cuaresma, aunque no guste a las empresas cerveceras que ya se apropiaron de esta festividad.<br>D\u00cdGALO SIN MIEDO \u2026 Al correo electr\u00f3nico guadalupehmar@gmail.com<\/p>\n","protected":false},"excerpt":{"rendered":"<p>Guadalupe H. MarMira Pol\u00edtica Y SU CARABINA \u2026 No obstante que no se especifica ante qu\u00e9 instancia judicial, la actual administraci\u00f3n estatal present\u00f3 una denuncia en contra de la m\u00e9dica cirujana Guadalupe D\u00edaz del Castillo Flores, quien fuera una de las titulares de la Secretar\u00eda de Salud del gobierno del estado de Veracruz, en el [&hellip;]<\/p>\n","protected":false},"author":2,"featured_media":141398,"comment_status":"closed","ping_status":"closed","sticky":false,"template":"","format":"standard","meta":{"_jetpack_newsletter_access":"","_jetpack_dont_email_post_to_subs":false,"_jetpack_newsletter_tier_id":0,"_jetpack_memberships_contains_paywalled_content":false,"_jetpack_memberships_contains_paid_content":false,"footnotes":""},"categories":[70],"tags":[1026,3578,195],"class_list":["post-148116","post","type-post","status-publish","format-standard","has-post-thumbnail","hentry","category-de-opinion","tag-morena","tag-rocio-nahle","tag-veracruz"],"jetpack_featured_media_url":"https:\/\/lospoliticosveracruz.com.mx\/wp-content\/uploads\/2025\/04\/Lupita-H-Mar.jpg","jetpack_sharing_enabled":true,"jetpack_shortlink":"https:\/\/wp.me\/p4Qcd3-CwY","_links":{"self":[{"href":"https:\/\/lospoliticosveracruz.com.mx\/index.php?rest_route=\/wp\/v2\/posts\/148116","targetHints":{"allow":["GET"]}}],"collection":[{"href":"https:\/\/lospoliticosveracruz.com.mx\/index.php?rest_route=\/wp\/v2\/posts"}],"about":[{"href":"https:\/\/lospoliticosveracruz.com.mx\/index.php?rest_route=\/wp\/v2\/types\/post"}],"author":[{"embeddable":true,"href":"https:\/\/lospoliticosveracruz.com.mx\/index.php?rest_route=\/wp\/v2\/users\/2"}],"replies":[{"embeddable":true,"href":"https:\/\/lospoliticosveracruz.com.mx\/index.php?rest_route=%2Fwp%2Fv2%2Fcomments&post=148116"}],"version-history":[{"count":1,"href":"https:\/\/lospoliticosveracruz.com.mx\/index.php?rest_route=\/wp\/v2\/posts\/148116\/revisions"}],"predecessor-version":[{"id":148119,"href":"https:\/\/lospoliticosveracruz.com.mx\/index.php?rest_route=\/wp\/v2\/posts\/148116\/revisions\/148119"}],"wp:featuredmedia":[{"embeddable":true,"href":"https:\/\/lospoliticosveracruz.com.mx\/index.php?rest_route=\/wp\/v2\/media\/141398"}],"wp:attachment":[{"href":"https:\/\/lospoliticosveracruz.com.mx\/index.php?rest_route=%2Fwp%2Fv2%2Fmedia&parent=148116"}],"wp:term":[{"taxonomy":"category","embeddable":true,"href":"https:\/\/lospoliticosveracruz.com.mx\/index.php?rest_route=%2Fwp%2Fv2%2Fcategories&post=148116"},{"taxonomy":"post_tag","embeddable":true,"href":"https:\/\/lospoliticosveracruz.com.mx\/index.php?rest_route=%2Fwp%2Fv2%2Ftags&post=148116"}],"curies":[{"name":"wp","href":"https:\/\/api.w.org\/{rel}","templated":true}]}}