{"id":148363,"date":"2025-07-04T17:16:01","date_gmt":"2025-07-04T22:16:01","guid":{"rendered":"https:\/\/lospoliticosveracruz.com.mx\/?p=148363"},"modified":"2025-07-04T17:16:14","modified_gmt":"2025-07-04T22:16:14","slug":"pare-de-sufrir-2","status":"publish","type":"post","link":"https:\/\/lospoliticosveracruz.com.mx\/?p=148363","title":{"rendered":"PARE DE SUFRIR!"},"content":{"rendered":"\n\n\n<p><\/p>\n\n\n\n<p>El Instituto Mexicano del Seguro Social (IMSS) en Veracruz Norte destaca la importancia de atender las molestias f\u00edsicas de manera temprana, pues en etapas iniciales se pueden prevenir complicaciones con un cambio en el estilo de vida.<\/p>\n\n\n\n<p>En este sentido, el terapista f\u00edsico de la Unidad de Medicina Familiar (UMF) No. 61, Agust\u00edn Manuel Salazar Liz\u00e1rraga, explic\u00f3 que \u201cel m\u00e9dico rehabilitador es quien eval\u00faa si la molestia es constante, aguda, reciente o cr\u00f3nica, entre otros factores, con el fin de determinar el tratamiento correcto\u201d.<\/p>\n\n\n\n<p>\u201cLa terapia f\u00edsica es un campo multidisciplinario que atiende pacientes referidos por padecimientos de otras especialidades como son: Traumatolog\u00eda y Ortopedia, Neurolog\u00eda, Geriatr\u00eda, Cardiolog\u00eda y Neurocirug\u00eda, entre otras, pero espec\u00edficamente en la UMF No. 61 reciben pacientes derivados del servicio de Traumatolog\u00eda y Ortopedia del Hospital General de Zona (HGZ) No. 71\u201d, agreg\u00f3.<\/p>\n\n\n\n<p>En la mayor\u00eda de las unidades de rehabilitaci\u00f3n, los padecimientos m\u00e1s comunes que se atienden son: trastornos y lesiones musculoesquel\u00e9ticas o neurol\u00f3gicas; enfermedades cardiovasculares y pulmonares; condiciones pedi\u00e1tricas o geri\u00e1tricas; lesiones deportivas y rehabilitaci\u00f3n despu\u00e9s de alguna cirug\u00eda.<\/p>\n\n\n\n<p>\u201cEn esta unidad, atendemos \u00fanicamente pacientes con diagn\u00f3sticos relacionados a par\u00e1lisis facial, s\u00edndrome de hombro doloroso, s\u00edndrome doloroso cervical, fractura de tercio distal del antebrazo (fractura de colles), lesiones traum\u00e1ticas de mano, osteoartrosis de cadera, osteoartrosis de rodilla, esguince de tobillo y lumbalgia\u201d, explic\u00f3 Salazar Liz\u00e1rraga.<\/p>\n\n\n\n<p>El terapista enfatiz\u00f3 que es primordial la atenci\u00f3n con terapia f\u00edsica a nivel sensorial, estructural y funcional, por lo que buscan la rehabilitaci\u00f3n, a trav\u00e9s de las estrategias necesarias para el bienestar del paciente, con las mejores condiciones de salud posibles, priorizando su funcionalidad y capacidad de independencia.<\/p>\n","protected":false},"excerpt":{"rendered":"<p>El Instituto Mexicano del Seguro Social (IMSS) en Veracruz Norte destaca la importancia de atender las molestias f\u00edsicas de manera temprana, pues en etapas iniciales se pueden prevenir complicaciones con un cambio en el estilo de vida. En este sentido, el terapista f\u00edsico de la Unidad de Medicina Familiar (UMF) No. 61, Agust\u00edn Manuel Salazar [&hellip;]<\/p>\n","protected":false},"author":2,"featured_media":148364,"comment_status":"closed","ping_status":"closed","sticky":false,"template":"","format":"standard","meta":{"_jetpack_newsletter_access":"","_jetpack_dont_email_post_to_subs":false,"_jetpack_newsletter_tier_id":0,"_jetpack_memberships_contains_paywalled_content":false,"_jetpack_memberships_contains_paid_content":false,"footnotes":""},"categories":[73],"tags":[],"class_list":["post-148363","post","type-post","status-publish","format-standard","has-post-thumbnail","hentry","category-de-boleto"],"jetpack_featured_media_url":"https:\/\/lospoliticosveracruz.com.mx\/wp-content\/uploads\/2025\/07\/WhatsApp-Image-2025-07-04-at-16.12.09.jpeg","jetpack_sharing_enabled":true,"jetpack_shortlink":"https:\/\/wp.me\/p4Qcd3-CAX","_links":{"self":[{"href":"https:\/\/lospoliticosveracruz.com.mx\/index.php?rest_route=\/wp\/v2\/posts\/148363","targetHints":{"allow":["GET"]}}],"collection":[{"href":"https:\/\/lospoliticosveracruz.com.mx\/index.php?rest_route=\/wp\/v2\/posts"}],"about":[{"href":"https:\/\/lospoliticosveracruz.com.mx\/index.php?rest_route=\/wp\/v2\/types\/post"}],"author":[{"embeddable":true,"href":"https:\/\/lospoliticosveracruz.com.mx\/index.php?rest_route=\/wp\/v2\/users\/2"}],"replies":[{"embeddable":true,"href":"https:\/\/lospoliticosveracruz.com.mx\/index.php?rest_route=%2Fwp%2Fv2%2Fcomments&post=148363"}],"version-history":[{"count":2,"href":"https:\/\/lospoliticosveracruz.com.mx\/index.php?rest_route=\/wp\/v2\/posts\/148363\/revisions"}],"predecessor-version":[{"id":148366,"href":"https:\/\/lospoliticosveracruz.com.mx\/index.php?rest_route=\/wp\/v2\/posts\/148363\/revisions\/148366"}],"wp:featuredmedia":[{"embeddable":true,"href":"https:\/\/lospoliticosveracruz.com.mx\/index.php?rest_route=\/wp\/v2\/media\/148364"}],"wp:attachment":[{"href":"https:\/\/lospoliticosveracruz.com.mx\/index.php?rest_route=%2Fwp%2Fv2%2Fmedia&parent=148363"}],"wp:term":[{"taxonomy":"category","embeddable":true,"href":"https:\/\/lospoliticosveracruz.com.mx\/index.php?rest_route=%2Fwp%2Fv2%2Fcategories&post=148363"},{"taxonomy":"post_tag","embeddable":true,"href":"https:\/\/lospoliticosveracruz.com.mx\/index.php?rest_route=%2Fwp%2Fv2%2Ftags&post=148363"}],"curies":[{"name":"wp","href":"https:\/\/api.w.org\/{rel}","templated":true}]}}