{"id":148367,"date":"2025-07-04T20:56:59","date_gmt":"2025-07-05T01:56:59","guid":{"rendered":"https:\/\/lospoliticosveracruz.com.mx\/?p=148367"},"modified":"2025-07-04T20:57:19","modified_gmt":"2025-07-05T01:57:19","slug":"gira-presidencial-una-extension-de-campana","status":"publish","type":"post","link":"https:\/\/lospoliticosveracruz.com.mx\/?p=148367","title":{"rendered":"GIRA PRESIDENCIAL, UNA EXTENSI\u00d3N DE CAMPA\u00d1A"},"content":{"rendered":"\n\n\n<p><strong>Jos\u00e9 Luis Enr\u00edquez Ambell<br><\/strong><em>Caf\u00e9 de Ma\u00f1ana<br><\/em><\/p>\n\n\n\n<p>Las giras Presidenciales por el interior del pa\u00eds- hist\u00f3ricamente en M\u00e9xico &#8211; son una especie de extensi\u00f3n de una campa\u00f1a pol\u00edtica, en este caso de la Presidenta Claudia Sheinbaum.<\/p>\n\n\n\n<p>Y es que ha estas alturas del sexenio &#8211; y casi de la mano con el sexenio de la Gobernadora Nahle &#8211; apenas comienza a verse la inversi\u00f3n p\u00fablica en lo federal y estatal, pues a\u00fan no se logran apreciar obras de gran dimensi\u00f3n como en su momento el Presidente L\u00f3pez Obrador lo hizo con las emblem\u00e1ticas del Aeropuerto en Santa Lucia, Refiner\u00eda Dos Bocas y Tren Maya.<\/p>\n\n\n\n<p>Este fin de semana &#8211; en unas horas &#8211; la Se\u00f1ora Presidenta acompa\u00f1ada por la Gobernadora, se dice que habr\u00e1n de encabezar la inauguraci\u00f3n del Hospital Materno Infantil en Coatzacoalcos y adem\u00e1s, participar en una asamblea del Fondo de Aportaciones para la Infraestructura Social para los Pueblos y Comunidades Ind\u00edgenas (FAISPIAM) en Acayucan.<\/p>\n\n\n\n<p>Lo anterior, sin omitir que en toda gira pueden darse cambios en la log\u00edstica y operaci\u00f3n del programa predise\u00f1ado por el Estado Mayor Presidencial (EMP) junto con los sectores del gabinete que participen, y la opini\u00f3n propuesta en este caso de la anfitriona Gobernadora.<\/p>\n\n\n\n<p>Y es que siempre estar\u00e1 latente en toda gira presidencial los proyectos de mayor inversi\u00f3n de obras, servicios y acciones en lo econ\u00f3mico y social, y sobre la marcha altera y enriquece la visita de la m\u00e1xima personalidad de M\u00e9xico en el interior del pa\u00eds, como ahora en Veracruz.<\/p>\n\n\n\n<p>As\u00ed pues, igual ante los anuncios que entorno a obras carreteras e hidr\u00e1ulicas se han dicho por la Dra. Sheinbaum e Ing. Nahle, de no moverse la agenda preliminar de ahora, en este verano volver\u00eda a visitar la entidad la Presidenta, y as\u00ed estar en otras zonas del centro y norte.<\/p>\n\n\n\n<p>Un factor relevante en una gira presidencial es el que &#8211; en este caso &#8211; la Presidenta responda en t\u00e9rminos de soluci\u00f3n a demandas que en su etapa de campa\u00f1a le plantearon, y en d\u00f3nde lo carretero, hidr\u00e1ulico, salud, educaci\u00f3n y el medio ambiente junto con seguridad y empleo sobresalen, y es que habr\u00e1 de reconocerse al r\u00e9gimen,- federal y local,- m\u00e1s de Territorio que de Escritorio, y se nota, pues los recorridos de ambas mujeres del poder son frecuentes en sus \u00e1mbitos de cobertura.<\/p>\n\n\n\n<p>Lo anterior, nos lleva a suponer que pronto se pueden ver escuelas nuevas, puentes y pasos superiores vehiculares &#8211; uno empieza frente a Tamsa y Maseca en Veracruz &#8211; carreteras y hospitales, redes de agua y drenaje, obras de mejora en la red de energ\u00eda el\u00e9ctrica as\u00ed como, hidr\u00e1ulica, entre otras.<\/p>\n\n\n\n<p><strong>DE SOBREMESA<\/strong><\/p>\n\n\n\n<p>Cabe destacar que sin caer en la forma de las primeras giras Presidenciales de Amlo y quien se traslado solo por la v\u00eda a\u00e9rea comercial, la Presidenta Sheinbaum, \u00abse encuentra lejos de los excesos de Pe\u00f1a Nieto&nbsp;en vuelos oficiales\u00bb. pero est\u00e1 ocupando los veh\u00edculos oficiales del gobierno de la rep\u00fablica como lo que es y debe ser para todos; comandante suprema de las fuerzas armadas.<\/p>\n\n\n\n<p><strong>UN CAF\u00c9 LECHERO LIGHT<\/strong><\/p>\n\n\n\n<p>La interrelaci\u00f3n de la Oficina de la Presidencia de la Rep\u00fablica&nbsp;con el EMP (Estado Mayor Presidencial), administrativamente siempre se han coordinado, \u00aby ahora parece que de una manera menos extensa, pero tampoco en una mal entendida pol\u00edtica p\u00fablica en materia de austeridad\u00bb, e igualmente se observa en ese rengl\u00f3n en el staff y estructura de la Ingeniera Roc\u00edo Nahle, situaci\u00f3n que garantiza eventos seguros y acordes a la realidad.<\/p>\n\n\n\n<p><strong>UN CAF\u00c9 DE OLLA DE BARRO<\/strong><\/p>\n\n\n\n<p>El EMP nunca desapareci\u00f3 como se dijo en 2018 \u00aby m\u00e1s bien durante un tiempo estuvo en receso\u00bb, categor\u00eda especial que as\u00ed se conoce en el medio militar y \u00e1rea de giras.<\/p>\n\n\n\n<p>Y es que legalmente, el (EMP) Estado Mayor Presidencial, y a cuyos integrantes se les conoce como los militares de terciopelo o de primer nivel, no se extingui\u00f3 nunca, e incluso<br>desde octubre en el a\u00f1o 2019 la iniciativa de reformas a la Ley Org\u00e1nica del Ej\u00e9rcito y Fuerza A\u00e9rea Mexicanos fue \u201ccongelada\u201d por \u201crazones pol\u00edticas\u201d en el Congreso de la Uni\u00f3n, a pesar de que el grupo de legisladores de Morena siempre ha contado con los votos necesarios para aprobarla cuando lo desee, pero no lo han querido por alguna raz\u00f3n, \u00aby que bueno para bien de la seguridad del Pa\u00eds a trav\u00e9s de la figura Presidencial\u00bb.<\/p>\n\n\n\n<p>\u00a1ES CUANTO!<\/p>\n\n\n\n<p>enriquezambell@gmail.com;<br>enamjl62@gmail.com<\/p>\n","protected":false},"excerpt":{"rendered":"<p>Jos\u00e9 Luis Enr\u00edquez AmbellCaf\u00e9 de Ma\u00f1ana Las giras Presidenciales por el interior del pa\u00eds- hist\u00f3ricamente en M\u00e9xico &#8211; son una especie de extensi\u00f3n de una campa\u00f1a pol\u00edtica, en este caso de la Presidenta Claudia Sheinbaum. Y es que ha estas alturas del sexenio &#8211; y casi de la mano con el sexenio de la Gobernadora [&hellip;]<\/p>\n","protected":false},"author":2,"featured_media":141435,"comment_status":"closed","ping_status":"closed","sticky":false,"template":"","format":"standard","meta":{"_jetpack_newsletter_access":"","_jetpack_dont_email_post_to_subs":false,"_jetpack_newsletter_tier_id":0,"_jetpack_memberships_contains_paywalled_content":false,"_jetpack_memberships_contains_paid_content":false,"footnotes":""},"categories":[70],"tags":[],"class_list":["post-148367","post","type-post","status-publish","format-standard","has-post-thumbnail","hentry","category-de-opinion"],"jetpack_featured_media_url":"https:\/\/lospoliticosveracruz.com.mx\/wp-content\/uploads\/2025\/04\/Ambell.jpg","jetpack_sharing_enabled":true,"jetpack_shortlink":"https:\/\/wp.me\/p4Qcd3-CB1","_links":{"self":[{"href":"https:\/\/lospoliticosveracruz.com.mx\/index.php?rest_route=\/wp\/v2\/posts\/148367","targetHints":{"allow":["GET"]}}],"collection":[{"href":"https:\/\/lospoliticosveracruz.com.mx\/index.php?rest_route=\/wp\/v2\/posts"}],"about":[{"href":"https:\/\/lospoliticosveracruz.com.mx\/index.php?rest_route=\/wp\/v2\/types\/post"}],"author":[{"embeddable":true,"href":"https:\/\/lospoliticosveracruz.com.mx\/index.php?rest_route=\/wp\/v2\/users\/2"}],"replies":[{"embeddable":true,"href":"https:\/\/lospoliticosveracruz.com.mx\/index.php?rest_route=%2Fwp%2Fv2%2Fcomments&post=148367"}],"version-history":[{"count":2,"href":"https:\/\/lospoliticosveracruz.com.mx\/index.php?rest_route=\/wp\/v2\/posts\/148367\/revisions"}],"predecessor-version":[{"id":148376,"href":"https:\/\/lospoliticosveracruz.com.mx\/index.php?rest_route=\/wp\/v2\/posts\/148367\/revisions\/148376"}],"wp:featuredmedia":[{"embeddable":true,"href":"https:\/\/lospoliticosveracruz.com.mx\/index.php?rest_route=\/wp\/v2\/media\/141435"}],"wp:attachment":[{"href":"https:\/\/lospoliticosveracruz.com.mx\/index.php?rest_route=%2Fwp%2Fv2%2Fmedia&parent=148367"}],"wp:term":[{"taxonomy":"category","embeddable":true,"href":"https:\/\/lospoliticosveracruz.com.mx\/index.php?rest_route=%2Fwp%2Fv2%2Fcategories&post=148367"},{"taxonomy":"post_tag","embeddable":true,"href":"https:\/\/lospoliticosveracruz.com.mx\/index.php?rest_route=%2Fwp%2Fv2%2Ftags&post=148367"}],"curies":[{"name":"wp","href":"https:\/\/api.w.org\/{rel}","templated":true}]}}