{"id":148378,"date":"2025-07-04T23:17:16","date_gmt":"2025-07-05T04:17:16","guid":{"rendered":"https:\/\/lospoliticosveracruz.com.mx\/?p=148378"},"modified":"2025-07-04T23:17:51","modified_gmt":"2025-07-05T04:17:51","slug":"la-disyuntiva-de-zenyazen-rocio-o-ricardo","status":"publish","type":"post","link":"https:\/\/lospoliticosveracruz.com.mx\/?p=148378","title":{"rendered":"LA DISYUNTIVA DE ZENYAZEN: ROC\u00cdO O RICARDO"},"content":{"rendered":"\n\n\n<p><br><strong>Ricardo Chua<\/strong><\/p>\n\n\n\n<p><em>Sale y Vale<\/em> <\/p>\n\n\n\n<p>Esta semana, que hay un torneo cuadrangular de f\u00fatbol profesional entre equipos mexicanos y argentinos, en el \u00abremodelado\u00bb estadio \u00abLuis Pirata Fuentes\u00bb de Boca del R\u00edo.. La obra insigne del ex gobernador, Cuitl\u00e1huac Garc\u00eda, que DEJ\u00d3 INCONCLUSA.. Al coordinador de la bancada de MORENA de diputados federales de Veracruz, Zenyazen Escobar Garc\u00eda, se le OCURRI\u00d3 echarle \u00abporras\u00bb por esta obra a ex funcionarios estatales como Jos\u00e9 Luis Lima Franco, ex titular de SEFIPLAN, a su ex director de Espacios Educativos.. Y de pas\u00f3 al ex mandatario estatal por esta \u00abMAGNA\u00bb OBRA.. Pero a la actual gobernadora Roc\u00edo Nahle, ni la mencion\u00f3.. LA FORMA ES FONDO Zen..<\/p>\n\n\n\n<p>Sobre todo porque Nahle Garc\u00eda RECIBI\u00d3 la obra sin terminar.. Por lo menos, ella merec\u00eda ese reconocimiento.. Que por \u00f3rdenes de Palacio Nacional o no.. La gobernadora recibi\u00f3 esa obra inconclusa de su antecesor de MORENA (OJO obra que a\u00fan no terminan porque no tiene listos, ni los vestidores de los equipos, los tuvieron que mandar a cambiar su ropa en carpas acondicionadas, el pasado jueves.. Que verg\u00fcenza).. Y todav\u00eda el cordob\u00e9s cacareando ese estadio que no tiene para cu\u00e1ndo terminarlo y como ya no hay Instituto de Transparencia, no se sabe si hayan existido otras licitaciones para acabar de construirlo.. As\u00ed como est\u00e1 es una verg\u00fcenza para el aficionado..<\/p>\n\n\n\n<p>El tema es que todo este fin de semana, en los c\u00edrculos pol\u00edticos de Veracruz, se estuvo hablando del inicio de una \u00abrebeli\u00f3n\u00bb al interior de MORENA en contra de los que ahora ejercen el poder pol\u00edtico en Veracruz.. Tanto de los grupos antag\u00f3nicos que tiene Roc\u00edo Nahle en CDMX y Veracruz.. Como de muchos ex funcionarios que no encontraron cabida en su administraci\u00f3n estatal, pero que se \u00abenraizan\u00bb muy fuerte en Veracruz en el sexenio de Cuitl\u00e1huac Garc\u00eda Jim\u00e9nez.. Por ello, es que empezaron a correr las versiones de que ahora que Zenyazen Escobar P\u00e9rez est\u00e1 en CDMX en la c\u00e1mara de diputados federales.. Ya sus PACTOS son otros en la capital del pa\u00eds, muy distintos a los pactos que ten\u00eda en Veracruz..<\/p>\n\n\n\n<p>\u00abGarganta Profunda\u00bb revel\u00f3 que al interior del Palacio de Gobierno en Xalapa.. Hay una parte de la estructura pol\u00edtica, que tiene la idea de que varios legisladores federales veracruzanos, que llegaron al Congreso de la Uni\u00f3n en 2024.. Ya est\u00e1n PACTANDO con las c\u00fapulas de MORENA de CDMX.. Ya importando poco lo que puedan decir ac\u00e1 en Veracruz.. Sobre todo despu\u00e9s de los resultados electorales en la elecci\u00f3n a las alcald\u00edas en la entidad.. Pero que adem\u00e1s el propio Zenyazen ya tiene un gran poder dentro de la bancada veracruzana.. Ya que consigui\u00f3 la lealtad de la gran mayor\u00eda de ellos.. Jalan a donde \u00e9l les diga..<\/p>\n\n\n\n<p>Al final muchos legisladores federales de MORENA, se expresan que ellos son diputados de la \u00abPresidenta\u00bb Claudia Shienbaum.. Y hacen caso a lo que ella dice y les pide.. Algo que seguramente no les cabe en la cabeza a muchos personajes al interior de Palacio de Gobierno.. Que es finalmente lo que pasa con Manuel Huerta como senador.. \u00c9l le es leal a su bancada y a su coordinador, Ad\u00e1n Augusto L\u00f3pez Hern\u00e1ndez.. As\u00ed que poco le importa lo que le digan aqu\u00ed en Veracruz o en el comit\u00e9 estatal de MORENA.. Estando bien con \u00abDios\u00bb, no le importan los \u00ab\u00c1ngeles\u00bb.. Eso mismo dicen que le puede estar pasando a Zenyazen..<\/p>\n\n\n\n<p>Por eso, al interior de MORENA en Veracruz, se\u00f1alan que es f\u00e1cil darse cuenta, que ahora a Zenyazen Escobar, ya \u00abcome de la mano\u00bb del coordinador de la bancada de MORENA en la c\u00e1mara de diputados federales, Ricardo Monreal \u00c1vila y de su principal operador pol\u00edtico, el l\u00edder sindical, Pedro Haces.. Adem\u00e1s muchos morenos \u00abjarochos\u00bb recuerdan que el ex titular de la SEV fue el \u00fanico que dijo que el tema de Manuel Huerta, con su presunto intento de expulsi\u00f3n de MORENA, era una completa vacilada y que fue un tema medi\u00e1tico, ya que nunca fue un asunto que estuviera a discusi\u00f3n dentro de partido.. Algunos lo tomaron a mal, pero al final el cordob\u00e9s ten\u00eda raz\u00f3n..<\/p>\n\n\n\n<p>OJO Pero Zenyazen Escobar no es el \u00fanico personaje que se anda paseando en Veracruz, con personajes innombrables para el actual gobierno estatal como lo es Jos\u00e9 Luis Lima Franco, que seg\u00fan el columnista pol\u00edtico tuxtleco, Iv\u00e1n Calder\u00f3n, se\u00f1ala que a Lima lo tienen considerado en Palacio de Gobierno como un traidor.. Ya que le \u00abjug\u00f3\u00bb las contras en Poza Rica a la candidata de MORENA a la alcald\u00eda y que por eso perdi\u00f3 la elecci\u00f3n.. Ya que uno m\u00e1s que ya se anda dejando ver en Veracruz, es el diputado federal minatitleco, Sergio Guti\u00e9rrez Luna, presidente de la mesa directiva de la c\u00e1mara baja del Congreso de la Uni\u00f3n.. Hay que recordar que Guti\u00e9rrez Luna no fue invitado a la toma de protesta de Roc\u00edo Nahle como gobernadora..<\/p>\n\n\n\n<p>Sin embargo, pareciera que ahora se le aparecen todos los \u00abfantasmas\u00bb del pasado a la actual mandataria.. Cuando se supone, ya estaban \u00abexiliados\u00bb pol\u00edticamente de Veracruz. Pero bien dicen, que no hay mejor \u00abelixir\u00bb para un contrincante, que la derrota de un enemigo.. Y todo indica que por ello, empiezan a dejarse ver personajes, que hace unos tres meses, ni por la mente les pasaba venir al Estado, ni a darse la vuelta o a una fiesta de cumplea\u00f1os.. Pero los tiempos cambian.. Y los \u00abpadrinos\u00bb se vuelven m\u00e1s poderosos cada d\u00eda.. Y ya encumbrados en CDMX como legisladores.. Ya tienen una \u00ablectura\u00bb pol\u00edtica.. Muy distinta a la del \u00ablocalismo empobrecedor\u00bb.. Los que se fueron ya tienen mundo.. \u00bfAcaso esperaban flores?<\/p>\n\n\n\n<p>REFLEXI\u00d3N.. En Veracruz, los cercanos a Roc\u00edo Nahle tomaron el v\u00eddeo de Zenyazen agradeciendo a Cuitl\u00e1huac por el estadio de f\u00fatbol, como una afrenta.. Pero tambi\u00e9n es una realidad que la gobernadora no tiene amigos o personajes leales que tengan un poco de sentido com\u00fan en cuestiones de pol\u00edtica.. Ya que no conocen a los actores, ni el funcionamiento pol\u00edtico, menos van a conocer a quienes son sus enemigos o adversarios, ni como operan.. Adem\u00e1s ven al gobierno con una debilidad y una Secretar\u00eda de Gobiern extraviada que en nada ayuda.. Menos se van a dar cuenta si ya hay grupos adversos de CDMX en MORENA operando en Veracruz.. EL QUE ENTENDI\u00d3, LO ENTENDI\u00d3..<\/p>\n","protected":false},"excerpt":{"rendered":"<p>Ricardo Chua Sale y Vale Esta semana, que hay un torneo cuadrangular de f\u00fatbol profesional entre equipos mexicanos y argentinos, en el \u00abremodelado\u00bb estadio \u00abLuis Pirata Fuentes\u00bb de Boca del R\u00edo.. La obra insigne del ex gobernador, Cuitl\u00e1huac Garc\u00eda, que DEJ\u00d3 INCONCLUSA.. Al coordinador de la bancada de MORENA de diputados federales de Veracruz, Zenyazen [&hellip;]<\/p>\n","protected":false},"author":2,"featured_media":141434,"comment_status":"closed","ping_status":"closed","sticky":false,"template":"","format":"standard","meta":{"_jetpack_newsletter_access":"","_jetpack_dont_email_post_to_subs":false,"_jetpack_newsletter_tier_id":0,"_jetpack_memberships_contains_paywalled_content":false,"_jetpack_memberships_contains_paid_content":false,"footnotes":""},"categories":[70],"tags":[1850,1026,3578,195],"class_list":["post-148378","post","type-post","status-publish","format-standard","has-post-thumbnail","hentry","category-de-opinion","tag-manuel-huerta-ladron-de-guevara","tag-morena","tag-rocio-nahle","tag-veracruz"],"jetpack_featured_media_url":"https:\/\/lospoliticosveracruz.com.mx\/wp-content\/uploads\/2025\/04\/Chua-e1761364658706.jpg","jetpack_sharing_enabled":true,"jetpack_shortlink":"https:\/\/wp.me\/p4Qcd3-CBc","_links":{"self":[{"href":"https:\/\/lospoliticosveracruz.com.mx\/index.php?rest_route=\/wp\/v2\/posts\/148378","targetHints":{"allow":["GET"]}}],"collection":[{"href":"https:\/\/lospoliticosveracruz.com.mx\/index.php?rest_route=\/wp\/v2\/posts"}],"about":[{"href":"https:\/\/lospoliticosveracruz.com.mx\/index.php?rest_route=\/wp\/v2\/types\/post"}],"author":[{"embeddable":true,"href":"https:\/\/lospoliticosveracruz.com.mx\/index.php?rest_route=\/wp\/v2\/users\/2"}],"replies":[{"embeddable":true,"href":"https:\/\/lospoliticosveracruz.com.mx\/index.php?rest_route=%2Fwp%2Fv2%2Fcomments&post=148378"}],"version-history":[{"count":2,"href":"https:\/\/lospoliticosveracruz.com.mx\/index.php?rest_route=\/wp\/v2\/posts\/148378\/revisions"}],"predecessor-version":[{"id":148380,"href":"https:\/\/lospoliticosveracruz.com.mx\/index.php?rest_route=\/wp\/v2\/posts\/148378\/revisions\/148380"}],"wp:featuredmedia":[{"embeddable":true,"href":"https:\/\/lospoliticosveracruz.com.mx\/index.php?rest_route=\/wp\/v2\/media\/141434"}],"wp:attachment":[{"href":"https:\/\/lospoliticosveracruz.com.mx\/index.php?rest_route=%2Fwp%2Fv2%2Fmedia&parent=148378"}],"wp:term":[{"taxonomy":"category","embeddable":true,"href":"https:\/\/lospoliticosveracruz.com.mx\/index.php?rest_route=%2Fwp%2Fv2%2Fcategories&post=148378"},{"taxonomy":"post_tag","embeddable":true,"href":"https:\/\/lospoliticosveracruz.com.mx\/index.php?rest_route=%2Fwp%2Fv2%2Ftags&post=148378"}],"curies":[{"name":"wp","href":"https:\/\/api.w.org\/{rel}","templated":true}]}}