{"id":148581,"date":"2025-07-09T16:29:25","date_gmt":"2025-07-09T21:29:25","guid":{"rendered":"https:\/\/lospoliticosveracruz.com.mx\/?p=148581"},"modified":"2025-07-09T16:29:42","modified_gmt":"2025-07-09T21:29:42","slug":"los-dirigentes-partidistas-se-lamentan-porque-te-vas","status":"publish","type":"post","link":"https:\/\/lospoliticosveracruz.com.mx\/?p=148581","title":{"rendered":"LOS DIRIGENTES PARTIDISTAS SE LAMENTAN: \u00bfPORQUE TE VAS?"},"content":{"rendered":"\n\n\n<p><strong>Vicente Luna Hern\u00e1ndez<\/strong><\/p>\n\n\n\n<p>Un dirigente partidista lanz\u00f3 un clamor al cielo y otro dirigente pidi\u00f3 respeto para sus alcaldes impulsados con sus siglas, otro independiente corri\u00f3 como galgo, la realidad es que m\u00e1s alcaldes electos se ponen el chaleco color guinda, \u00bfque se pude hacer al respecto?<\/p>\n\n\n\n<p>Ayer como candidatos ped\u00edan el voto para un partido diferente a morena y hoy posan sonrientes al lado del dirigente estatal del partido guinda, ayer los dirigentes del PT y del PAN los impulsaban y se mostraban abrazados de ellos, hoy tomar\u00e1n caf\u00e9 en mesas diferentes, la realidad es que despu\u00e9s de un proceso electoral ocurre un juego donde todos ganan:<\/p>\n\n\n\n<p>1.- El gobierno ampl\u00eda su n\u00famero de alcaldesas y alcaldes aliados.<\/p>\n\n\n\n<p>2.- El partido en el poder presume gobernar mayor territorio.<\/p>\n\n\n\n<p>3.- Las alcaldes y alcaldes que deciden vestirse de guinda se cobijan bajo la sombra del partido en el poder.<\/p>\n\n\n\n<p>4.- Los dirigentes partidistas que los impulsaron tuvieron tiempo suficiente para presumir un n\u00famero mayor de municipios ganados.<\/p>\n\n\n\n<p>5.- Los partidos pol\u00edticos al obtener un mayor n\u00famero de votos que ten\u00edan ayer, cuentan hoy con un n\u00famero mayor de prerrogativas.<\/p>\n\n\n\n<p>La realidad es que los dirigentes del PAN y PT coordinados \u2013 que no se conf\u00eden los del Verde y MC &#8211; y con un dejo de tristeza le cantan a los que se fueron: \u00bfPorque te vas?:<\/p>\n\n\n\n<p>Hoy en mi ventana brilla el sol<\/p>\n\n\n\n<p>Y el coraz\u00f3n<\/p>\n\n\n\n<p>Se pone triste contemplando la ciudad<\/p>\n\n\n\n<p>Porque te vas\/<\/p>\n\n\n\n<p>Como cada noche despert\u00e9<\/p>\n\n\n\n<p>Pensando en ti<\/p>\n\n\n\n<p>Y en mi reloj todas las horas vi pasar<\/p>\n\n\n\n<p>Porque te vas\/<\/p>\n\n\n\n<p>Todas las promesas de mi amor se ir\u00e1n contigo<\/p>\n\n\n\n<p>Me olvidar\u00e1s<\/p>\n\n\n\n<p>Me olvidar\u00e1s<\/p>\n\n\n\n<p>Junto a la estaci\u00f3n hoy llorar\u00e9 igual que un ni\u00f1o<\/p>\n\n\n\n<p>Porque te vas<\/p>\n\n\n\n<p>Porque te vas<\/p>\n\n\n\n<p>Porque te vas<\/p>\n\n\n\n<p>Porque te vas\/<\/p>\n\n\n\n<p>Bajo la penumbra de un farol<\/p>\n\n\n\n<p>Se dormir\u00e1n<\/p>\n\n\n\n<p>Todas las cosas que quedaron por decir<\/p>\n\n\n\n<p>Se dormir\u00e1n\/<\/p>\n\n\n\n<p>Junto a las manillas de un reloj<\/p>\n\n\n\n<p>Esperar\u00e1n<\/p>\n\n\n\n<p>Todas las horas que quedaron por vivir<\/p>\n\n\n\n<p>Esperar\u00e1n\/<\/p>\n\n\n\n<p>Todas las promesas de mi amor se ir\u00e1n contigo<\/p>\n\n\n\n<p>Me olvidar\u00e1s<\/p>\n\n\n\n<p>Me olvidar\u00e1s<\/p>\n\n\n\n<p>Junto a la estaci\u00f3n hoy llorar\u00e9 igual que un ni\u00f1o<\/p>\n\n\n\n<p>Porque te vas<\/p>\n\n\n\n<p>Porque te vas<\/p>\n\n\n\n<p>Porque te vas<\/p>\n\n\n\n<p>Porque te vas\/<\/p>\n\n\n\n<p>Lo cierto es que los alcaldes y alcaldes electos se llevan los votos pero las dirigencias partidistas\u2026se llevan el dinero:<\/p>\n\n\n\n<p>Con el \u00e1nimo que el cambio de camiseta de los que se van sea en beneficio de sus respectivos municipios\u2026Escribir\u00e9 otro d\u00eda.<\/p>\n","protected":false},"excerpt":{"rendered":"<p>Vicente Luna Hern\u00e1ndez Un dirigente partidista lanz\u00f3 un clamor al cielo y otro dirigente pidi\u00f3 respeto para sus alcaldes impulsados con sus siglas, otro independiente corri\u00f3 como galgo, la realidad es que m\u00e1s alcaldes electos se ponen el chaleco color guinda, \u00bfque se pude hacer al respecto? Ayer como candidatos ped\u00edan el voto para un [&hellip;]<\/p>\n","protected":false},"author":2,"featured_media":141415,"comment_status":"closed","ping_status":"closed","sticky":false,"template":"","format":"standard","meta":{"_jetpack_newsletter_access":"","_jetpack_dont_email_post_to_subs":false,"_jetpack_newsletter_tier_id":0,"_jetpack_memberships_contains_paywalled_content":false,"_jetpack_memberships_contains_paid_content":false,"footnotes":""},"categories":[70],"tags":[],"class_list":["post-148581","post","type-post","status-publish","format-standard","has-post-thumbnail","hentry","category-de-opinion"],"jetpack_featured_media_url":"https:\/\/lospoliticosveracruz.com.mx\/wp-content\/uploads\/2025\/04\/Vicente-Luna-Hernandez.jpg","jetpack_sharing_enabled":true,"jetpack_shortlink":"https:\/\/wp.me\/p4Qcd3-CEt","_links":{"self":[{"href":"https:\/\/lospoliticosveracruz.com.mx\/index.php?rest_route=\/wp\/v2\/posts\/148581","targetHints":{"allow":["GET"]}}],"collection":[{"href":"https:\/\/lospoliticosveracruz.com.mx\/index.php?rest_route=\/wp\/v2\/posts"}],"about":[{"href":"https:\/\/lospoliticosveracruz.com.mx\/index.php?rest_route=\/wp\/v2\/types\/post"}],"author":[{"embeddable":true,"href":"https:\/\/lospoliticosveracruz.com.mx\/index.php?rest_route=\/wp\/v2\/users\/2"}],"replies":[{"embeddable":true,"href":"https:\/\/lospoliticosveracruz.com.mx\/index.php?rest_route=%2Fwp%2Fv2%2Fcomments&post=148581"}],"version-history":[{"count":2,"href":"https:\/\/lospoliticosveracruz.com.mx\/index.php?rest_route=\/wp\/v2\/posts\/148581\/revisions"}],"predecessor-version":[{"id":148583,"href":"https:\/\/lospoliticosveracruz.com.mx\/index.php?rest_route=\/wp\/v2\/posts\/148581\/revisions\/148583"}],"wp:featuredmedia":[{"embeddable":true,"href":"https:\/\/lospoliticosveracruz.com.mx\/index.php?rest_route=\/wp\/v2\/media\/141415"}],"wp:attachment":[{"href":"https:\/\/lospoliticosveracruz.com.mx\/index.php?rest_route=%2Fwp%2Fv2%2Fmedia&parent=148581"}],"wp:term":[{"taxonomy":"category","embeddable":true,"href":"https:\/\/lospoliticosveracruz.com.mx\/index.php?rest_route=%2Fwp%2Fv2%2Fcategories&post=148581"},{"taxonomy":"post_tag","embeddable":true,"href":"https:\/\/lospoliticosveracruz.com.mx\/index.php?rest_route=%2Fwp%2Fv2%2Ftags&post=148581"}],"curies":[{"name":"wp","href":"https:\/\/api.w.org\/{rel}","templated":true}]}}