{"id":148584,"date":"2025-07-09T17:50:07","date_gmt":"2025-07-09T22:50:07","guid":{"rendered":"https:\/\/lospoliticosveracruz.com.mx\/?p=148584"},"modified":"2025-07-09T17:50:20","modified_gmt":"2025-07-09T22:50:20","slug":"ya-lleva-7","status":"publish","type":"post","link":"https:\/\/lospoliticosveracruz.com.mx\/?p=148584","title":{"rendered":"YA LLEVA 7!"},"content":{"rendered":"\n<p><strong>Karla M\u00e9ndez&nbsp;<\/strong><\/p>\n\n\n\n<p>El dirigente estatal de MORENA, Esteban Ram\u00edrez Zepeta,&nbsp;&nbsp;dio a conocer que ya son 7 las alcadesas y alcaldes electos de otras fracciones que se suman al proyecto de la cuarta transformaci\u00f3n.<\/p>\n\n\n\n<p>En entrevista posterior a la reuni\u00f3n sostenida con alcaldesas y alcaldes electos con la gobernadora Roc\u00edo Nahle Garc\u00eda, el dirigente de MORENA mencion\u00f3 que hasta el momento se tienen alcaldes del PT, PAN, PRI e independiente que decidieron de manera personal formar parte del proyecto que encabeza la mandataria estatal.<\/p>\n\n\n\n<p>\u00abFue un acercamiento ya para irse preparando, entre la gobernadora y alcaldes electos&#8230; Con los compa\u00f1eros que se han sumado. Hasta el d\u00eda de hoy van siete compa\u00f1eros y una compa\u00f1era.. Del PT y uno independiente, el otro del PAN y uno del PRI. Pero el PRI, la verdad, lo tengo que&#8230; Que particip\u00f3 con el PRI, que tambi\u00e9n se registr\u00f3 por Morena, pero le dieron la postulaci\u00f3n por el PRI y que ahorita, pues, voy a platicar porque estuvo presente hoy en la&#8230; Ozuluama y el PAN de Chumatl\u00e1n, me parece.\u00bb<\/p>\n\n\n\n<p>En ese sentido, mencion\u00f3 que su partido no ha quitado a ning\u00fan alcalde al PT, sino aclar\u00f3 que fueron otras circunstancias, ya que algunos de ellos se hab\u00edan registrado por las siglas de MORENA y al no quedar electos en la encuesta de pasaron al PT, pero volvieron a tener acercamiento con el movimiento.<\/p>\n\n\n\n<p>\u00abNo, pues es que no le estamos quitando a los alcaldes. Ustedes conocen bien las circunstancias de c\u00f3mo fueron candidatos y candidatas. Entonces, pues, los compa\u00f1eros, compa\u00f1eras que fueron incluso siglados por otro instituto pol\u00edtico, que se registraron dentro del proceso interno de Morena, pues, est\u00e1n teniendo un acercamiento con nosotros. Un servidor, pues, hemos mantenido esa comunicaci\u00f3n y ahorita, pues, les he&#8230; Hemos estado platicando con ellos.\u00bb<\/p>\n\n\n\n<p>As\u00ed mismo, Esteban Ram\u00edrez, puntualiz\u00f3 que sigue sin saber a qu\u00e9 partido pertenece el Senador Manuel Huerta Ladr\u00f3n de Guevara, ya que se le ha visto con el PT y el Verde, pero si est\u00e1 afiliado a MORENA puede participar en la pr\u00f3xima reuni\u00f3n del Consejo Nacional a celebrarse el 20 de julio.&nbsp;<\/p>\n\n\n\n<p>\u00abPues, ha de referirse a un consejo nacional que es el pr\u00f3ximo 20 de julio, pero pues \u00e9l ir\u00eda como senador, si est\u00e1 invitado, no s\u00e9 si est\u00e1 invitado o no. Pues es que, la verdad, no s\u00e9 si sea del PT, del verde o de Morena, pues ya es que ha podido haber dos candidatos&#8230; Pues, si est\u00e1 afiliado, ah\u00ed debe estar afiliado, lo que pasa es que no sabemos si es del PT o del verde o de Morena.\u00bb<\/p>\n\n\n\n<p>Finalmente, Ramirez Zepeta dijo que hasta el momento ning\u00fan alcalde electo de Movimiento Ciudadano se ha acercado para formar parte del proyecto de la cuarta transformaci\u00f3n.<\/p>\n","protected":false},"excerpt":{"rendered":"<p>Karla M\u00e9ndez&nbsp; El dirigente estatal de MORENA, Esteban Ram\u00edrez Zepeta,&nbsp;&nbsp;dio a conocer que ya son 7 las alcadesas y alcaldes electos de otras fracciones que se suman al proyecto de la cuarta transformaci\u00f3n. En entrevista posterior a la reuni\u00f3n sostenida con alcaldesas y alcaldes electos con la gobernadora Roc\u00edo Nahle Garc\u00eda, el dirigente de MORENA [&hellip;]<\/p>\n","protected":false},"author":2,"featured_media":142085,"comment_status":"closed","ping_status":"closed","sticky":false,"template":"","format":"standard","meta":{"_jetpack_newsletter_access":"","_jetpack_dont_email_post_to_subs":false,"_jetpack_newsletter_tier_id":0,"_jetpack_memberships_contains_paywalled_content":false,"_jetpack_memberships_contains_paid_content":false,"footnotes":""},"categories":[6446],"tags":[],"class_list":["post-148584","post","type-post","status-publish","format-standard","has-post-thumbnail","hentry","category-la-nota"],"jetpack_featured_media_url":"https:\/\/lospoliticosveracruz.com.mx\/wp-content\/uploads\/2025\/04\/Morena-Esteban-Ramirez-Zepeta.jpg","jetpack_sharing_enabled":true,"jetpack_shortlink":"https:\/\/wp.me\/p4Qcd3-CEw","_links":{"self":[{"href":"https:\/\/lospoliticosveracruz.com.mx\/index.php?rest_route=\/wp\/v2\/posts\/148584","targetHints":{"allow":["GET"]}}],"collection":[{"href":"https:\/\/lospoliticosveracruz.com.mx\/index.php?rest_route=\/wp\/v2\/posts"}],"about":[{"href":"https:\/\/lospoliticosveracruz.com.mx\/index.php?rest_route=\/wp\/v2\/types\/post"}],"author":[{"embeddable":true,"href":"https:\/\/lospoliticosveracruz.com.mx\/index.php?rest_route=\/wp\/v2\/users\/2"}],"replies":[{"embeddable":true,"href":"https:\/\/lospoliticosveracruz.com.mx\/index.php?rest_route=%2Fwp%2Fv2%2Fcomments&post=148584"}],"version-history":[{"count":2,"href":"https:\/\/lospoliticosveracruz.com.mx\/index.php?rest_route=\/wp\/v2\/posts\/148584\/revisions"}],"predecessor-version":[{"id":148586,"href":"https:\/\/lospoliticosveracruz.com.mx\/index.php?rest_route=\/wp\/v2\/posts\/148584\/revisions\/148586"}],"wp:featuredmedia":[{"embeddable":true,"href":"https:\/\/lospoliticosveracruz.com.mx\/index.php?rest_route=\/wp\/v2\/media\/142085"}],"wp:attachment":[{"href":"https:\/\/lospoliticosveracruz.com.mx\/index.php?rest_route=%2Fwp%2Fv2%2Fmedia&parent=148584"}],"wp:term":[{"taxonomy":"category","embeddable":true,"href":"https:\/\/lospoliticosveracruz.com.mx\/index.php?rest_route=%2Fwp%2Fv2%2Fcategories&post=148584"},{"taxonomy":"post_tag","embeddable":true,"href":"https:\/\/lospoliticosveracruz.com.mx\/index.php?rest_route=%2Fwp%2Fv2%2Ftags&post=148584"}],"curies":[{"name":"wp","href":"https:\/\/api.w.org\/{rel}","templated":true}]}}