{"id":148812,"date":"2025-07-14T14:03:07","date_gmt":"2025-07-14T19:03:07","guid":{"rendered":"https:\/\/lospoliticosveracruz.com.mx\/?p=148812"},"modified":"2025-07-14T14:03:25","modified_gmt":"2025-07-14T19:03:25","slug":"pt-nueva-dirigencia-nuevas-estrategias","status":"publish","type":"post","link":"https:\/\/lospoliticosveracruz.com.mx\/?p=148812","title":{"rendered":"PT: NUEVA DIRIGENCIA, NUEVAS ESTRATEGIAS"},"content":{"rendered":"\n<p><\/p>\n\n\n\n<p><strong>Vicente Luna Hern\u00e1ndez<\/strong><\/p>\n\n\n\n<p>Es cierto que a la luz de los n\u00fameros al Partido del Trabajo de Veracruz le fue muy ben en la elecci\u00f3n para presidentes municipales, despu\u00e9s de los festejos y las celebraciones seguro se hizo el an\u00e1lisis de las circunstancias pol\u00edticas del momento, varios factores influyeron y las cosas se dieron a su favor, sin embargo, \u00bfqu\u00e9 hubiese pasado si segu\u00edan en la alianza encabezada por morena misma que era su inter\u00e9s principal?<\/p>\n\n\n\n<p>La realidad es que muchos buscaron ser candidatos de morena y al no ser elegidos vieron con ojos de amor al PT y el PT vio con miradas coquetas a muchos aspirantes que buscaron ser candidatos del partido en el poder, todos presumen ser de la 4 transformaci\u00f3n pero lo cierto es que los intereses no son los mismos \u00bfla votaci\u00f3n obtenida es la verdadera fuerza territorial del PT?<\/p>\n\n\n\n<p>Lo cierto es que ante el resultado electoral y las alcald\u00edas ganadas hacen ver m\u00e1s atractivo al partido de izquierda para el siguiente proceso electoral, lo cierto es \u2013 m\u00e1s all\u00e1 de que mantenga a los alcaldes en sus filas \u2013 que el partido est\u00e1 en condiciones de ampliar su estructura territorial si decide de manera inteligente invertir recursos econ\u00f3micos y humanos en contar con una estructura operativa en todo el Estado m\u00e1s all\u00e1 de las conferencias de prensa.<\/p>\n\n\n\n<p>Es hora que los partidos pol\u00edticos \u2013 como lo se\u00f1ala el art\u00edculo 41 constitucional \u2013 cumplan sus funciones esenciales que son su raz\u00f3n de ser:<\/p>\n\n\n\n<p>Art\u00edculo 41:<\/p>\n\n\n\n<p>I.- Los partidos pol\u00edticos son entidades de inter\u00e9s p\u00fablico; la ley determinar\u00e1 las normas y requisitos para su registro legal, las formas espec\u00edficas de su intervenci\u00f3n en el proceso electoral y los derechos, obligaciones y prerrogativas que les corresponden. En la postulaci\u00f3n de sus candidaturas, se observar\u00e1 el principio de paridad de g\u00e9nero.<\/p>\n\n\n\n<p>Los partidos pol\u00edticos tienen como fin promover la participaci\u00f3n del pueblo en la vida democr\u00e1tica, fomentar el principio de paridad de g\u00e9nero, contribuir a la integraci\u00f3n de los \u00f3rganos de representaci\u00f3n pol\u00edtica, y como organizaciones ciudadanas, hacer posible su acceso al ejercicio del poder p\u00fablico, de acuerdo con los programas, principios e ideas que postulan y mediante el sufragio universal, libre, secreto y directo, as\u00ed como con las reglas que marque la ley electoral para garantizar la paridad de g\u00e9nero, en las candidaturas a los distintos cargos de elecci\u00f3n popular<\/p>\n\n\n\n<p>Es hora que las dirigencias partidistas cumplan al pie de la letra el fin principal de su responsabilidad: \u201cLos partidos pol\u00edticos tienen como fin promover la participaci\u00f3n del pueblo en la vida democr\u00e1tica\u201d y lleven a cabo un trabajo pol\u00edtico serio y profesional para fomentar la mayor participaci\u00f3n social en sus filas y no solo esperen el inicio del pr\u00f3ximo proceso electoral para hacer acto de presencia en los temas de inter\u00e9s p\u00fablico, es la hora que los recursos econ\u00f3micos y materiales se pongan al servicio de lograr una mayor y mejor cultura democr\u00e1tica, esto es, no solo invitar a los ciudadanos a participar en las elecciones sino involucrarlos en la construcci\u00f3n de una mejor democracia en todos los \u00e1mbitos de la vida p\u00fablica, \u00bfa qu\u00e9 le tienen miedo los partidos pol\u00edticos?<\/p>\n\n\n\n<p>Es la hora de visitar universidades, centros de trabajo, organismos empresariales, organizaciones de trabajadores, clubes deportivos, visitar a ex agentes y sub agentes municipales, ex comisariados ejidales, liderazgos municipales que \u2013 seguro \u2013 tienen mucho que aportar en el desarrollo de sus respectivos campos de acci\u00f3n, la m\u00e1xima que debe impulsar la pr\u00f3xima dirigencia del PT \u2013 y de todos los partidos pol\u00edticos \u2013 debe ser: m\u00e1s territorio y menos escritorio.<\/p>\n\n\n\n<p>Reconozco que hoy morena hace lo que ayer hizo el PRI: \u201cIntegrar, capacitar y en su momento\u2026movilizar estructura\u201d \u00bfacaso no queda claro que la militancia y simpatizantes son el alma de todo partido?<\/p>\n\n\n\n<p>Las presiones a las y los alcaldes que ganaron impulsados por un color diferente al guinda continuar\u00e1n, ya sea por voluntad propia, por presiones o invitaciones amables pero es probable que m\u00e1s alcaldesas y alcaldes se sumen a la transformaci\u00f3n impulsada por morena y abandonen la transformaci\u00f3n impulsada por los partidos aliados, \u00bfacaso no es la misma transformaci\u00f3n?<\/p>\n\n\n\n<p>Lo importante no es quienes se van, lo que importa a la pr\u00f3xima dirigencia del PT es quienes se quedan y para qu\u00e9 se quedan, habr\u00e1 algunos que se quedan para disfrutar los privilegios y las prerrogativas que aumentaron de manera significativa y habr\u00e1 otros que se quedan para realmente contribuir al fortalecimiento de las estructuras y la presencia territorial y medi\u00e1tica del PT en el escenario pol\u00edtico estatal y nacional, \u00bfqui\u00e9n alza la mano?<\/p>\n\n\n\n<p>Ante la fuerza pol\u00edtica y el trabajo territorial \u2013 hay que reconocerlo &#8211; de morena y ante la soberbia que suele caer, es necesario que todos los partidos, &#8211; aliados y opositores a la 4T -, pongan sus barbas a remojar e inviertan los recursos econ\u00f3micos verdaderamente en lo que los deben de invertir, \u00bfacaso esperar\u00e1n sentados a que les lleguen aspirantes rechazados por morena y hacerlos candidatas y candidatos?<\/p>\n\n\n\n<p>P.D.- Con el \u00e1nimo que las dirigencias partidistas realmente quieran transformar la cultura democr\u00e1tica de Veracruz\u2026Escribir\u00e9 otro d\u00eda.<\/p>\n","protected":false},"excerpt":{"rendered":"<p>Vicente Luna Hern\u00e1ndez Es cierto que a la luz de los n\u00fameros al Partido del Trabajo de Veracruz le fue muy ben en la elecci\u00f3n para presidentes municipales, despu\u00e9s de los festejos y las celebraciones seguro se hizo el an\u00e1lisis de las circunstancias pol\u00edticas del momento, varios factores influyeron y las cosas se dieron a [&hellip;]<\/p>\n","protected":false},"author":2,"featured_media":141415,"comment_status":"closed","ping_status":"closed","sticky":false,"template":"","format":"standard","meta":{"_jetpack_newsletter_access":"","_jetpack_dont_email_post_to_subs":false,"_jetpack_newsletter_tier_id":0,"_jetpack_memberships_contains_paywalled_content":false,"_jetpack_memberships_contains_paid_content":false,"footnotes":""},"categories":[70],"tags":[15667],"class_list":["post-148812","post","type-post","status-publish","format-standard","has-post-thumbnail","hentry","category-de-opinion","tag-vicente-luna-hernandez"],"jetpack_featured_media_url":"https:\/\/lospoliticosveracruz.com.mx\/wp-content\/uploads\/2025\/04\/Vicente-Luna-Hernandez.jpg","jetpack_sharing_enabled":true,"jetpack_shortlink":"https:\/\/wp.me\/p4Qcd3-CIc","_links":{"self":[{"href":"https:\/\/lospoliticosveracruz.com.mx\/index.php?rest_route=\/wp\/v2\/posts\/148812","targetHints":{"allow":["GET"]}}],"collection":[{"href":"https:\/\/lospoliticosveracruz.com.mx\/index.php?rest_route=\/wp\/v2\/posts"}],"about":[{"href":"https:\/\/lospoliticosveracruz.com.mx\/index.php?rest_route=\/wp\/v2\/types\/post"}],"author":[{"embeddable":true,"href":"https:\/\/lospoliticosveracruz.com.mx\/index.php?rest_route=\/wp\/v2\/users\/2"}],"replies":[{"embeddable":true,"href":"https:\/\/lospoliticosveracruz.com.mx\/index.php?rest_route=%2Fwp%2Fv2%2Fcomments&post=148812"}],"version-history":[{"count":1,"href":"https:\/\/lospoliticosveracruz.com.mx\/index.php?rest_route=\/wp\/v2\/posts\/148812\/revisions"}],"predecessor-version":[{"id":148813,"href":"https:\/\/lospoliticosveracruz.com.mx\/index.php?rest_route=\/wp\/v2\/posts\/148812\/revisions\/148813"}],"wp:featuredmedia":[{"embeddable":true,"href":"https:\/\/lospoliticosveracruz.com.mx\/index.php?rest_route=\/wp\/v2\/media\/141415"}],"wp:attachment":[{"href":"https:\/\/lospoliticosveracruz.com.mx\/index.php?rest_route=%2Fwp%2Fv2%2Fmedia&parent=148812"}],"wp:term":[{"taxonomy":"category","embeddable":true,"href":"https:\/\/lospoliticosveracruz.com.mx\/index.php?rest_route=%2Fwp%2Fv2%2Fcategories&post=148812"},{"taxonomy":"post_tag","embeddable":true,"href":"https:\/\/lospoliticosveracruz.com.mx\/index.php?rest_route=%2Fwp%2Fv2%2Ftags&post=148812"}],"curies":[{"name":"wp","href":"https:\/\/api.w.org\/{rel}","templated":true}]}}