{"id":148916,"date":"2025-07-16T09:04:39","date_gmt":"2025-07-16T14:04:39","guid":{"rendered":"https:\/\/lospoliticosveracruz.com.mx\/?p=148916"},"modified":"2025-07-16T09:05:06","modified_gmt":"2025-07-16T14:05:06","slug":"la-agenda-ambiental-de-la-capital-veracruzana","status":"publish","type":"post","link":"https:\/\/lospoliticosveracruz.com.mx\/?p=148916","title":{"rendered":"LA AGENDA AMBIENTAL DE LA CAPITAL VERACRUZANA"},"content":{"rendered":"\n\n\n<p><br><strong>Yamiri Rodr\u00edguez Madrid<\/strong><\/p>\n\n\n\n<p><em>La vuelta a Veracruz en un teclazo<\/em><\/p>\n\n\n\n<p>Si algo nos ha quedado m\u00e1s que claro es que en Xalapa no existe una agenda ambiental. Primero fue el Lago de las \u00c1nimas; ahora es el R\u00edo Carneros. Un grupo de ambientalistas ha denunciado las condiciones en que se encuentra este afluente: lleno de espuma y con bacterias sumamente peligrosas para la salud humana. Desafortunadamente, los \u00faltimos en enterarse de esta situaci\u00f3n \u2013 para no variar -, son los del Ayuntamiento de Xalapa, cuya \u00e1rea de Ecolog\u00eda y Medio Ambiente parece desaparecida.<\/p>\n\n\n\n\n\n<p>Tan solo en recursos h\u00eddricos, por la capital del estado y la regi\u00f3n pasan 7 r\u00edos: el Sede\u00f1o, el Carneros; el R\u00edo Sordo, el R\u00edo Santiago; Zapotillo; Castillo y Coapexpan.&nbsp;&nbsp;Hay 5 manantiales: Chiltoyac, \u00c1nimas, Xallitic, Techacapan, Tlalmecapan y es parte de la Cuenca del Pixquiac, fundamental para el abastecimiento, con m\u00faltiples afluentes, pero no listada como r\u00edo urbano.&nbsp;&nbsp;Tan solo la cuenca del r\u00edo Pixquiac ha sufrido una ca\u00edda de caudal por desforestaci\u00f3n del bosque mes\u00f3filo de monta\u00f1a (desde 1992), desv\u00edos y cambio clim\u00e1tico; varias zonas han padecido cortes prolongados de agua; as\u00ed como \u201caguachicoleo\u201d, que es la extracci\u00f3n no regulada de manantiales y arroyos (como en El Castillo), contaminaci\u00f3n con aguas negras, pero en casi 4 a\u00f1os el ayuntamiento no ha informado qu\u00e9 ha hecho para remediarlo.<\/p>\n\n\n\n<p>A estos males ambientales sumemos la calidad del aire. Durante a\u00f1os, los especialistas de la Universidad Veracruzana (UV) han advertido sobre la presencia de polvo urbano \u2013part\u00edculas suspendidas en el aire\u2013, que supera ocasionalmente los l\u00edmites anuales, en parte debido al tr\u00e1fico vehicular y la operaci\u00f3n de camiones pesados.&nbsp;&nbsp;&nbsp;Tampoco se sabe de los planes de acci\u00f3n municipales.<\/p>\n\n\n\n<p>E igual de grave es que la r\u00e1pida urbanizaci\u00f3n ha reducido cobertura forestal, afectando el clima urbano con la creaci\u00f3n de islas de calor; se nos fue el chipi-chipi desde hace a\u00f1os, el term\u00f3metro supera los 30 grados, pero seguimos de brazos cruzados.<\/p>\n\n\n\n<p>Y como no hay una agenda ambiental, muchos menos hay coordinaci\u00f3n con los municipios de la regi\u00f3n ya que para ninguna de estas administraciones municipales que ya se van, ha sido una prioridad.<\/p>\n\n\n\n<p>Esperemos que los que llegan, vengan con el chip verde; de lo contrario, seguiremos en las mismas.<\/p>\n\n\n\n<p>@YamiriRodriguez<\/p>\n","protected":false},"excerpt":{"rendered":"<p>Yamiri Rodr\u00edguez Madrid La vuelta a Veracruz en un teclazo Si algo nos ha quedado m\u00e1s que claro es que en Xalapa no existe una agenda ambiental. Primero fue el Lago de las \u00c1nimas; ahora es el R\u00edo Carneros. Un grupo de ambientalistas ha denunciado las condiciones en que se encuentra este afluente: lleno de [&hellip;]<\/p>\n","protected":false},"author":2,"featured_media":141413,"comment_status":"closed","ping_status":"closed","sticky":false,"template":"","format":"standard","meta":{"_jetpack_newsletter_access":"","_jetpack_dont_email_post_to_subs":false,"_jetpack_newsletter_tier_id":0,"_jetpack_memberships_contains_paywalled_content":false,"_jetpack_memberships_contains_paid_content":false,"footnotes":""},"categories":[70],"tags":[42407],"class_list":["post-148916","post","type-post","status-publish","format-standard","has-post-thumbnail","hentry","category-de-opinion","tag-yamiri-rodriguez-madrid"],"jetpack_featured_media_url":"https:\/\/lospoliticosveracruz.com.mx\/wp-content\/uploads\/2025\/04\/Yamiri-Rodriguez-Madrid.jpg","jetpack_sharing_enabled":true,"jetpack_shortlink":"https:\/\/wp.me\/p4Qcd3-CJS","_links":{"self":[{"href":"https:\/\/lospoliticosveracruz.com.mx\/index.php?rest_route=\/wp\/v2\/posts\/148916","targetHints":{"allow":["GET"]}}],"collection":[{"href":"https:\/\/lospoliticosveracruz.com.mx\/index.php?rest_route=\/wp\/v2\/posts"}],"about":[{"href":"https:\/\/lospoliticosveracruz.com.mx\/index.php?rest_route=\/wp\/v2\/types\/post"}],"author":[{"embeddable":true,"href":"https:\/\/lospoliticosveracruz.com.mx\/index.php?rest_route=\/wp\/v2\/users\/2"}],"replies":[{"embeddable":true,"href":"https:\/\/lospoliticosveracruz.com.mx\/index.php?rest_route=%2Fwp%2Fv2%2Fcomments&post=148916"}],"version-history":[{"count":1,"href":"https:\/\/lospoliticosveracruz.com.mx\/index.php?rest_route=\/wp\/v2\/posts\/148916\/revisions"}],"predecessor-version":[{"id":148917,"href":"https:\/\/lospoliticosveracruz.com.mx\/index.php?rest_route=\/wp\/v2\/posts\/148916\/revisions\/148917"}],"wp:featuredmedia":[{"embeddable":true,"href":"https:\/\/lospoliticosveracruz.com.mx\/index.php?rest_route=\/wp\/v2\/media\/141413"}],"wp:attachment":[{"href":"https:\/\/lospoliticosveracruz.com.mx\/index.php?rest_route=%2Fwp%2Fv2%2Fmedia&parent=148916"}],"wp:term":[{"taxonomy":"category","embeddable":true,"href":"https:\/\/lospoliticosveracruz.com.mx\/index.php?rest_route=%2Fwp%2Fv2%2Fcategories&post=148916"},{"taxonomy":"post_tag","embeddable":true,"href":"https:\/\/lospoliticosveracruz.com.mx\/index.php?rest_route=%2Fwp%2Fv2%2Ftags&post=148916"}],"curies":[{"name":"wp","href":"https:\/\/api.w.org\/{rel}","templated":true}]}}