{"id":149042,"date":"2025-07-18T06:58:21","date_gmt":"2025-07-18T11:58:21","guid":{"rendered":"https:\/\/lospoliticosveracruz.com.mx\/?p=149042"},"modified":"2025-07-18T06:58:39","modified_gmt":"2025-07-18T11:58:39","slug":"nahle-y-la-gratuidad-en-educacion","status":"publish","type":"post","link":"https:\/\/lospoliticosveracruz.com.mx\/?p=149042","title":{"rendered":"NAHLE Y LA GRATUIDAD EN EDUCACI\u00d3N"},"content":{"rendered":"\n\n\n<p><br><strong>Ricardo Chua<\/strong><\/p>\n\n\n\n<p><em>Sale y Vale<\/em><\/p>\n\n\n\n<p>Nos cuentan en EXCLUSIVA que el pr\u00f3ximo lunes, en su rueda de prensa, posiblemente, la gobernadora Roc\u00edo Nahle Garc\u00eda anuncie que para el pr\u00f3ximo ciclo escolar en Veracruz.. Las escuelas p\u00fablicas en Veracruz, no van a cobrar ni un s\u00f3lo peso de inscripci\u00f3n en todos los niveles educativos, que sean p\u00fablicos, a los alumnos para que inicien el periodo escolar 2025-2026.. Y que es una decisi\u00f3n tomada ya y que no tiene vuelta de hoja.. Que la educaci\u00f3n p\u00fablica ser\u00e1 gratuita..<\/p>\n\n\n\n\n\n<p>Esto se puede tomar como una buena medida de pol\u00edticas p\u00fablicas y que la gobernadora y su administraci\u00f3n estatal, quieren ayudar a la econom\u00eda de las familias veracruzanas.. Vamos, no van a pagar ni cuotas de la sociedad de padres de familia.. TODO ESO QUEDAR\u00c1 CANCELADO.. Una acci\u00f3n que parece alentadora de \u00abprimero los pobres\u00bb estudiantes.. Una pol\u00edtica de izquierda, que est\u00e1 a punto de aplicarse en Veracruz.. Hasta ah\u00ed todo bien porque es una decisi\u00f3n que ayuda a familias de escasos recursos.. AS\u00cd PARECIERA,,<\/p>\n\n\n\n<p>En ese anuncio del lunes pr\u00f3ximo, la gobernadora dir\u00e1 que todo los gastos que se generen en la escuela, tanto material en infraestructura como humana, ahora van a correr a cuenta de la Secretar\u00eda de Finanzas y Planeaci\u00f3n (Sefiplan), es decir, todos esos gastos ahora estar\u00e1n inmersos de la burocracia estatal.. Es ah\u00ed donde ven el problema.. Los que saben de temas de educaci\u00f3n y que ya est\u00e1n enterados de esta decisi\u00f3n de la gobernadora.. No ven con buenos ojos esta situaci\u00f3n por m\u00e1s beneficiosa que sea..<\/p>\n\n\n\n<p>El motivo es sencillo.. Con esos recursos que las escuelas ten\u00edan por las inscripciones de los inicios de los ciclos escolares, por m\u00e1s peque\u00f1o que estos fueran.. Los maestros y sus directivos podr\u00edan cubrir gastos que se generaban en sus centros escolares.. Como pagos de reparaci\u00f3n e instalaci\u00f3n de climas, contrataci\u00f3n de personal externo de limpieza si los que daban el servicio no era suficiente, pagos de viajes escolares a los alumnos.. Hasta el equipo de c\u00f3mputo en sus \u00e1reas administrativas..<\/p>\n\n\n\n<p>Tambi\u00e9n estos recursos serv\u00edan para mandar a los estudiantes a los viajes, donde participaban con otras escuelas del pa\u00eds en aprovechamiento acad\u00e9mico.. Todo lo pagaban ellos por lo general.. No esperaban que el gobierno estatal los apoyara, si no la espera ser\u00eda larga.. Es m\u00e1s de ese dinero, serv\u00eda para el pago de los bonos de productividad del personal de confianza en los centros escolares.. De todos aquellos que no pertenec\u00edan a un sindicato alguno.. Pero ahora todo eso se acab\u00f3.. NO HABR\u00c1N M\u00c1S BONOS..<\/p>\n\n\n\n<p>Ahora que ya se sabe que todos los gastos de las escuelas correr\u00e1n a cargo de SEFIPLAN.. Se dice que de las primeras circulares que mandar\u00e1 Finanzas a los centros escolares de Veracruz.. Es que desaparezcan el rubro de compra de balones de f\u00fatbol y baloncestos para las actividades de educaci\u00f3n f\u00edsica y de recreaci\u00f3n de los infantes y adolescentes.. Lo dicho, como no podr\u00e1n con el paquete, van a afectar a la salud de los estudiantes.. La actividad f\u00edsica es primordial para su desarrollo escolar..<\/p>\n\n\n\n<p>Seguramente as\u00ed ir\u00e1n poco a poco quitando gastos que se consideran \u00abexcesivos\u00bb, sin tener un conocimiento de las actividades escolares.. Ah\u00ed es donde esa decisi\u00f3n de Roc\u00edo Nahle y su administraci\u00f3n, le dar\u00e1 muchos \u00abdolores de cabeza\u00bb.. Qui\u00e9n va a negociar con las protestas del personal afectado: \u00bfLa SEV? o la Secretar\u00eda de Gobierno.. Si en ellas hay ingobernabilidad.. Y OJO porque despu\u00e9s de eso, se rumora que van contra los sindicatos magisteriales.. Volver\u00e1 a sucumbir el sistema educativo p\u00fablico en Veracruz.. DIOS LOS BENDIGA..<\/p>\n\n\n\n<p>GRACIAS SALMA Y ANGELINA.. Independientemente de todo lo que se pueda decir de la visita de las actrices Salma Hayek y Angelina Jolie, a Veracruz para ver unos proyectos de set cinematogr\u00e1ficos americanos para una series que parecen ocuparan de locaciones varios puntos del Estado.. Entre ellos la zona de Los Tuxtlas, queda claro que esas dos famosas mujeres artistas.. Har\u00e1n lo que ning\u00fan grupo social, civil o pol\u00edtico con todo y protestas puedan lograr, que es: RECONSTRUIR las carreteras que van de Veracruz puerto hac\u00eda el sureste mexicano.. Que est\u00e1n para llorar..<\/p>\n\n\n\n<p>Son carreteras federales conocida como la \u00ablibre\u00bb o la 180..Seguro Claudia Shienbaum como Presidenta de M\u00e9xico, no va a permitir que la famosa actriz americana, se lleve esa imagen de M\u00e9xico cuando tenga que tomar las carreteras para llegar al set de la filmaci\u00f3n.. No todos los traslados pueden ser por helic\u00f3pteros.. Y si no es Shienbaum, seguro la gobernadora Roc\u00edo Nahle le tendr\u00e1 que echar la mano al Presidente y dejar esa carretera a Los Tuxtlas al \u00abtiro\u00bb.. Tanto de Coatzacoalcos hac\u00eda el puerto de Veracruz como viceversa.. No le queda de otra..<\/p>\n\n\n\n<p>As\u00ed que si Salma y Angelina escogen a Veracruz como el escenario para la serie de Marvel.. Esas carreteras federales y caminos estatales.. Van a quedar al 100.. S\u00f3lo hay que recordar que hizo el ex gobernador Fidel Herrera Beltr\u00e1n, cuando Mel Gibson vino a grabar en Veracruz dos cintas: \u00abApocalypto\u00bb y \u00abAtrapen al gringo\u00bb en 2009 y 2010.. Los Tuxtlas se desarrollaron y las carreteras se arreglaron.. Despu\u00e9s mand\u00f3 a vaciar el penal de Allende en el puerto para que fuera set de locaci\u00f3n.. Todo sea por Hollywood.. Ni modo que \u00abLa T\u00eda\u00bb Nahle se quede atr\u00e1s.. AMEN<\/p>\n","protected":false},"excerpt":{"rendered":"<p>Ricardo Chua Sale y Vale Nos cuentan en EXCLUSIVA que el pr\u00f3ximo lunes, en su rueda de prensa, posiblemente, la gobernadora Roc\u00edo Nahle Garc\u00eda anuncie que para el pr\u00f3ximo ciclo escolar en Veracruz.. Las escuelas p\u00fablicas en Veracruz, no van a cobrar ni un s\u00f3lo peso de inscripci\u00f3n en todos los niveles educativos, que sean [&hellip;]<\/p>\n","protected":false},"author":2,"featured_media":141434,"comment_status":"closed","ping_status":"closed","sticky":false,"template":"","format":"standard","meta":{"_jetpack_newsletter_access":"","_jetpack_dont_email_post_to_subs":false,"_jetpack_newsletter_tier_id":0,"_jetpack_memberships_contains_paywalled_content":false,"_jetpack_memberships_contains_paid_content":false,"footnotes":""},"categories":[70],"tags":[11406,1026,3578,640,39428,88,195],"class_list":["post-149042","post","type-post","status-publish","format-standard","has-post-thumbnail","hentry","category-de-opinion","tag-cuotas-escolares","tag-morena","tag-rocio-nahle","tag-sefiplan","tag-sefiplan-2","tag-sev","tag-veracruz"],"jetpack_featured_media_url":"https:\/\/lospoliticosveracruz.com.mx\/wp-content\/uploads\/2025\/04\/Chua-e1761364658706.jpg","jetpack_sharing_enabled":true,"jetpack_shortlink":"https:\/\/wp.me\/p4Qcd3-CLU","_links":{"self":[{"href":"https:\/\/lospoliticosveracruz.com.mx\/index.php?rest_route=\/wp\/v2\/posts\/149042","targetHints":{"allow":["GET"]}}],"collection":[{"href":"https:\/\/lospoliticosveracruz.com.mx\/index.php?rest_route=\/wp\/v2\/posts"}],"about":[{"href":"https:\/\/lospoliticosveracruz.com.mx\/index.php?rest_route=\/wp\/v2\/types\/post"}],"author":[{"embeddable":true,"href":"https:\/\/lospoliticosveracruz.com.mx\/index.php?rest_route=\/wp\/v2\/users\/2"}],"replies":[{"embeddable":true,"href":"https:\/\/lospoliticosveracruz.com.mx\/index.php?rest_route=%2Fwp%2Fv2%2Fcomments&post=149042"}],"version-history":[{"count":1,"href":"https:\/\/lospoliticosveracruz.com.mx\/index.php?rest_route=\/wp\/v2\/posts\/149042\/revisions"}],"predecessor-version":[{"id":149045,"href":"https:\/\/lospoliticosveracruz.com.mx\/index.php?rest_route=\/wp\/v2\/posts\/149042\/revisions\/149045"}],"wp:featuredmedia":[{"embeddable":true,"href":"https:\/\/lospoliticosveracruz.com.mx\/index.php?rest_route=\/wp\/v2\/media\/141434"}],"wp:attachment":[{"href":"https:\/\/lospoliticosveracruz.com.mx\/index.php?rest_route=%2Fwp%2Fv2%2Fmedia&parent=149042"}],"wp:term":[{"taxonomy":"category","embeddable":true,"href":"https:\/\/lospoliticosveracruz.com.mx\/index.php?rest_route=%2Fwp%2Fv2%2Fcategories&post=149042"},{"taxonomy":"post_tag","embeddable":true,"href":"https:\/\/lospoliticosveracruz.com.mx\/index.php?rest_route=%2Fwp%2Fv2%2Ftags&post=149042"}],"curies":[{"name":"wp","href":"https:\/\/api.w.org\/{rel}","templated":true}]}}