{"id":149046,"date":"2025-07-18T07:09:07","date_gmt":"2025-07-18T12:09:07","guid":{"rendered":"https:\/\/lospoliticosveracruz.com.mx\/?p=149046"},"modified":"2025-07-18T07:09:17","modified_gmt":"2025-07-18T12:09:17","slug":"la-barredora","status":"publish","type":"post","link":"https:\/\/lospoliticosveracruz.com.mx\/?p=149046","title":{"rendered":"LA BARREDORA!"},"content":{"rendered":"\n\n\n<p><br><strong>Fanny Y\u00e9pez<\/strong><br><em>La Columna<\/em><br>En febrero de 2023, el partido Acci\u00f3n Nacional enfrento un golpe demoledor, esto ocurri\u00f3 en v\u00edsperas de las elecciones presidenciales de 2024, tras el veredicto de culpabilidad por narcotr\u00e1fico en Estados Unidos del exsecretario de Seguridad P\u00fablica (2006-2012), Genaro Garc\u00eda Luna, lo que fortaleci\u00f3 la narrativa del presidente, Andr\u00e9s Manuel L\u00f3pez Obrador.<\/p>\n\n\n\n\n\n<p><br>Tomando como base esta catastr\u00f3fica historia, que provoc\u00f3 que los partidos de oposici\u00f3n que se hab\u00edan aliado, perdieran las elecciones presidenciales y la mayor\u00eda de las c\u00e1maras, Morena gan\u00f3 todo, por ello, controla la c\u00e1mara de diputados y el Senado de la Rep\u00fablica.<br>Si nos basamos a estos resultados lapidarios, preguntamos hasta donde afectar\u00e1 a la 4t , que a su l\u00edder camaral, Ad\u00e1n Augusto L\u00f3pez Hern\u00e1ndez, lo est\u00e9n vinculando supuestamente con la organizaci\u00f3n criminal denominada \u201cla barredora\u201d.<br>Y es que, al tabasque\u00f1o, lo relacionan con el que fue su Secretario de Seguridad Publica, Hern\u00e1n Berm\u00fadez Requena, de quien aseguran llevo una doble vida, fungiendo ante el ojo p\u00fablico como el titular de la SSP en el estado de Tabasco, pero en el clandestinaje encabezaba el grupo criminal que se conoce como La Barredora.<br>Insistimos, hasta donde afectar\u00e1 al partido guinda en las elecciones intermedias que se celebrar\u00e1n en 2027.<br>Morena y sus aliados (PVEM y PT) pelear\u00e1n por mantener su poder mayoritario, ya que gobiernan 13 estados que estar\u00e1n en contienda y tienen el control de la C\u00e1mara de Diputados.<br>La oposici\u00f3n intentar\u00e1 revivir porque, con la expansi\u00f3n del partido guinda, comenz\u00f3 a perder gubernaturas y curules; mientras que Movimiento Ciudadano buscar\u00e1 seguir creciendo.<br>Aqu\u00ed la entidad veracruzana se elegir\u00e1n diputados locales y federales, los morenistas se preparan con todo y contra todo, para no perder el control de los poderes legislativos, las 13 gubernaturas y la mayor\u00eda en los congresos estatales, entre ellos el del estado de Veracruz, por ello las huestes guindas buscar\u00e1n blindarse de la reacci\u00f3n en cadena que est\u00e1 dejando el caso Ad\u00e1n Augusto L\u00f3pez \/Hern\u00e1n Berm\u00fadez que se encuentra pr\u00f3fugo de la justicia federal.<br>Ante ese panorama surge la misma interrogante, \u00bfAd\u00e1n Augusto verdaderamente ignoraba lo que hac\u00eda su Secretario de Seguridad P\u00fablica? Esta espinosa interrogante la tiene que responder al pueblo la Fiscal\u00eda General de la Republica. Pero le pregunto respetable lector, \u00bfusted qu\u00e9 opina al respecto?<br>Pero haciendo memoria, hay que destacar en el 2024, se recrudeci\u00f3 la violencia en la entidad tabasque\u00f1a, las cartulinas con mensajes de amenaza de La Barredora contra delincuentes de grupos contrarios eran constantes y las ejecuciones se incrementaron.<br>A m\u00e1s de un a\u00f1o de aquello, las autoridades estatales revelaron que el ex encargado de la seguridad en Tabasco era quien operaba como uno de los l\u00edderes del grupo criminal, y ahora est\u00e1 pr\u00f3fugo.<br>En ese entonces, el analista pol\u00edtico Edgar Ortiz-Arellano comento a la agencia EFE que el derechista Partido Acci\u00f3n Nacional (PAN), al que sirvi\u00f3 Garc\u00eda Luna, es el que sale \u201ccon mayores da\u00f1os y repercusiones negativas\u201d, ya que el caso \u201chabla de que el \u00faltimo Gobierno que tuvo el PAN estuvo impregnado de una profunda corrupci\u00f3n en el \u00e1rea de seguridad\u201d. En conclusi\u00f3n, muchos pol\u00edticos, sobre todo los que comulgan con la izquierda estuvieron absolutamente de acuerdo y apoyaron postura.<br>Ahora, a dos a\u00f1os de distancia, cuando muchos aplaudieron a raudales la sentencia de Genaro Garc\u00eda Luna, hay que recordar que una corte civil del estado de Miami dict\u00f3 sentencia contra el exsecretario de Seguridad, Genaro Garc\u00eda Luna, y su esposa, que deber\u00e1n pagar 2,488 millones de d\u00f3lares por su participaci\u00f3n en un esquema de contrataciones ilegales durante el sexenio de Felipe Calder\u00f3n.<br>Las autoridades mexicanas presentaron una denuncia en septiembre de 2021 contra Garc\u00eda Luna y su esposa por el cobro de sobornos de un conglomerado de empresas israel\u00edes a trav\u00e9s de contratos manipulados, que posteriormente transfer\u00eda a una cuenta bancaria en Miami, en el estado de Florida, que costaron a las arcas del Estado m\u00e1s de 634 millones de d\u00f3lares.<br>El titular de la Unidad de Inteligencia Financiera (UIF), Pablo G\u00f3mez, en octubre del 2024 dio a conocer m\u00e1s detalles sobre la defraudaci\u00f3n fiscal y lavado de dinero que realiz\u00f3 el ex secretario de Seguridad P\u00fablica, Genaro Garc\u00eda Luna, con la operaci\u00f3n de empresas y firma de contratos.<br>De ese modo, se dio a conocer que el ex secretario de Seguridad a trav\u00e9s del tejido empresarial de Grupo Weinberg, obtuvo contratos por m\u00e1s de 700 millones de d\u00f3lares, que fueron pagados a diversas empresas, entre ellas Nunvac Inc y GLAC, que recibi\u00f3 varios millones de pesos del Cisen y polic\u00eda federal. En ese sentido, Pablo G\u00f3mez resalt\u00f3 que la empresa GLAC es propiedad de Garc\u00eda Luna y su esposa.<br>Tras renunciar a su cargo, en 2024, se recrudeci\u00f3 la violencia en la entidad, las cartulinas con mensajes de amenaza de La Barredora contra delincuentes de grupos contrarios eran constantes y las ejecuciones se incrementaron.<br>Tambi\u00e9n hay que destacar que Hern\u00e1n Berm\u00fadez, trabaj\u00f3 en la administraci\u00f3n de Roberto Madrazo quien ahora tiene una mala memoria de su se\u00f1alado ex colaborador, pero esa es otra historia.<br>Por lo pronto, este mismo jueves la Comisi\u00f3n de Honestidad y Justicia de Morena, con la intenci\u00f3n de detener o contrarrestar los da\u00f1os colaterales, suspendi\u00f3 los derechos partidistas a Hern\u00e1n Berm\u00fadez, exsecretario de seguridad de Tabasco investigado por su relaci\u00f3n con el grupo criminal La Barredora y perfila su expulsi\u00f3n.<\/p>\n","protected":false},"excerpt":{"rendered":"<p>Fanny Y\u00e9pezLa ColumnaEn febrero de 2023, el partido Acci\u00f3n Nacional enfrento un golpe demoledor, esto ocurri\u00f3 en v\u00edsperas de las elecciones presidenciales de 2024, tras el veredicto de culpabilidad por narcotr\u00e1fico en Estados Unidos del exsecretario de Seguridad P\u00fablica (2006-2012), Genaro Garc\u00eda Luna, lo que fortaleci\u00f3 la narrativa del presidente, Andr\u00e9s Manuel L\u00f3pez Obrador. Tomando [&hellip;]<\/p>\n","protected":false},"author":2,"featured_media":141383,"comment_status":"closed","ping_status":"closed","sticky":false,"template":"","format":"standard","meta":{"_jetpack_newsletter_access":"","_jetpack_dont_email_post_to_subs":false,"_jetpack_newsletter_tier_id":0,"_jetpack_memberships_contains_paywalled_content":false,"_jetpack_memberships_contains_paid_content":false,"footnotes":""},"categories":[70],"tags":[3946,5494,1026,195],"class_list":["post-149046","post","type-post","status-publish","format-standard","has-post-thumbnail","hentry","category-de-opinion","tag-felipe-calderon","tag-genaro-garcia-luna","tag-morena","tag-veracruz"],"jetpack_featured_media_url":"https:\/\/lospoliticosveracruz.com.mx\/wp-content\/uploads\/2025\/04\/Fanny-Yepez-Luna.jpg","jetpack_sharing_enabled":true,"jetpack_shortlink":"https:\/\/wp.me\/p4Qcd3-CLY","_links":{"self":[{"href":"https:\/\/lospoliticosveracruz.com.mx\/index.php?rest_route=\/wp\/v2\/posts\/149046","targetHints":{"allow":["GET"]}}],"collection":[{"href":"https:\/\/lospoliticosveracruz.com.mx\/index.php?rest_route=\/wp\/v2\/posts"}],"about":[{"href":"https:\/\/lospoliticosveracruz.com.mx\/index.php?rest_route=\/wp\/v2\/types\/post"}],"author":[{"embeddable":true,"href":"https:\/\/lospoliticosveracruz.com.mx\/index.php?rest_route=\/wp\/v2\/users\/2"}],"replies":[{"embeddable":true,"href":"https:\/\/lospoliticosveracruz.com.mx\/index.php?rest_route=%2Fwp%2Fv2%2Fcomments&post=149046"}],"version-history":[{"count":2,"href":"https:\/\/lospoliticosveracruz.com.mx\/index.php?rest_route=\/wp\/v2\/posts\/149046\/revisions"}],"predecessor-version":[{"id":149048,"href":"https:\/\/lospoliticosveracruz.com.mx\/index.php?rest_route=\/wp\/v2\/posts\/149046\/revisions\/149048"}],"wp:featuredmedia":[{"embeddable":true,"href":"https:\/\/lospoliticosveracruz.com.mx\/index.php?rest_route=\/wp\/v2\/media\/141383"}],"wp:attachment":[{"href":"https:\/\/lospoliticosveracruz.com.mx\/index.php?rest_route=%2Fwp%2Fv2%2Fmedia&parent=149046"}],"wp:term":[{"taxonomy":"category","embeddable":true,"href":"https:\/\/lospoliticosveracruz.com.mx\/index.php?rest_route=%2Fwp%2Fv2%2Fcategories&post=149046"},{"taxonomy":"post_tag","embeddable":true,"href":"https:\/\/lospoliticosveracruz.com.mx\/index.php?rest_route=%2Fwp%2Fv2%2Ftags&post=149046"}],"curies":[{"name":"wp","href":"https:\/\/api.w.org\/{rel}","templated":true}]}}