{"id":149071,"date":"2025-07-18T11:21:15","date_gmt":"2025-07-18T16:21:15","guid":{"rendered":"https:\/\/lospoliticosveracruz.com.mx\/?p=149071"},"modified":"2025-07-18T11:21:21","modified_gmt":"2025-07-18T16:21:21","slug":"linea-de-trabajo-con-la-sev","status":"publish","type":"post","link":"https:\/\/lospoliticosveracruz.com.mx\/?p=149071","title":{"rendered":"L\u00cdNEA DE TRABAJO CON LA SEV!"},"content":{"rendered":"\n\n\n<p><\/p>\n\n\n\n<p><strong>Karla M\u00e9ndez<\/strong><\/p>\n\n\n\n<p>Con la finalidad de innovar y fortalecer la formaci\u00f3n y capacitaci\u00f3n laboral de la poblaci\u00f3n veracruzana, el <strong>Instituto de Capacitaci\u00f3n para el Trabajo de Veracruz (Icatver)<\/strong> y la <strong>Subsecretar\u00eda de Educaci\u00f3n Media Superior y Superior (Semsys)<\/strong> acordaron una l\u00ednea de trabajo coordinado.<\/p>\n\n\n\n<p>Por ello, sostuvieron una reuni\u00f3n el <strong>subsecretario de Educaci\u00f3n Media Superior y Superior, David Agust\u00edn Jim\u00e9nez Rojas<\/strong> y el <strong>secretario de Trabajo, Previsi\u00f3n Social y Productividad, Luis Arturo Santiago<\/strong>.<\/p>\n\n\n\n\n\n<p>El titular de la <strong>Secretar\u00eda del Trabajo<\/strong> se\u00f1al\u00f3 que el objetivo de la reuni\u00f3n fue fortalecer los mecanismos de coordinaci\u00f3n interinstitucional y establecer rutas de trabajo conjuntas que permitan mejorar las oportunidades de formaci\u00f3n, empleabilidad y capacitaci\u00f3n para las y los veracruzanos.<\/p>\n\n\n\n<p>\u201cComo lo ha expresado nuestra <strong>gobernadora Roc\u00edo Nahle<\/strong>, la transformaci\u00f3n de Veracruz tambi\u00e9n pasa por fortalecer el conocimiento, la t\u00e9cnica y el acceso equitativo a oportunidades para todas y todos\u201d,<\/p>\n\n\n\n<p>Ah\u00ed establecieron escuchar directamente a la comunidad sobre sus problem\u00e1ticas y necesidades en cuanto a la capacitaci\u00f3n para el trabajo, pues ello les permitir\u00e1 fortalecer las acciones institucionales y avanzar hacia una atenci\u00f3n m\u00e1s justa, incluyente y comprometida con el bienestar de todas y todos.<\/p>\n","protected":false},"excerpt":{"rendered":"<p>Karla M\u00e9ndez Con la finalidad de innovar y fortalecer la formaci\u00f3n y capacitaci\u00f3n laboral de la poblaci\u00f3n veracruzana, el Instituto de Capacitaci\u00f3n para el Trabajo de Veracruz (Icatver) y la Subsecretar\u00eda de Educaci\u00f3n Media Superior y Superior (Semsys) acordaron una l\u00ednea de trabajo coordinado. Por ello, sostuvieron una reuni\u00f3n el subsecretario de Educaci\u00f3n Media Superior [&hellip;]<\/p>\n","protected":false},"author":2,"featured_media":149072,"comment_status":"closed","ping_status":"closed","sticky":false,"template":"","format":"standard","meta":{"_jetpack_newsletter_access":"","_jetpack_dont_email_post_to_subs":false,"_jetpack_newsletter_tier_id":0,"_jetpack_memberships_contains_paywalled_content":false,"_jetpack_memberships_contains_paid_content":false,"footnotes":""},"categories":[6446],"tags":[44351,16170,44352,35171,44353],"class_list":["post-149071","post","type-post","status-publish","format-standard","has-post-thumbnail","hentry","category-la-nota","tag-capacitacion-laboral-veracruz","tag-david-agustin-jimenez-rojas","tag-icatver-veracruz","tag-luis-arturo-santiago","tag-rocio-nahle-veracruz"],"jetpack_featured_media_url":"https:\/\/lospoliticosveracruz.com.mx\/wp-content\/uploads\/2025\/07\/WhatsApp-Image-2025-07-18-at-10.19.32.jpeg","jetpack_sharing_enabled":true,"jetpack_shortlink":"https:\/\/wp.me\/p4Qcd3-CMn","_links":{"self":[{"href":"https:\/\/lospoliticosveracruz.com.mx\/index.php?rest_route=\/wp\/v2\/posts\/149071","targetHints":{"allow":["GET"]}}],"collection":[{"href":"https:\/\/lospoliticosveracruz.com.mx\/index.php?rest_route=\/wp\/v2\/posts"}],"about":[{"href":"https:\/\/lospoliticosveracruz.com.mx\/index.php?rest_route=\/wp\/v2\/types\/post"}],"author":[{"embeddable":true,"href":"https:\/\/lospoliticosveracruz.com.mx\/index.php?rest_route=\/wp\/v2\/users\/2"}],"replies":[{"embeddable":true,"href":"https:\/\/lospoliticosveracruz.com.mx\/index.php?rest_route=%2Fwp%2Fv2%2Fcomments&post=149071"}],"version-history":[{"count":1,"href":"https:\/\/lospoliticosveracruz.com.mx\/index.php?rest_route=\/wp\/v2\/posts\/149071\/revisions"}],"predecessor-version":[{"id":149073,"href":"https:\/\/lospoliticosveracruz.com.mx\/index.php?rest_route=\/wp\/v2\/posts\/149071\/revisions\/149073"}],"wp:featuredmedia":[{"embeddable":true,"href":"https:\/\/lospoliticosveracruz.com.mx\/index.php?rest_route=\/wp\/v2\/media\/149072"}],"wp:attachment":[{"href":"https:\/\/lospoliticosveracruz.com.mx\/index.php?rest_route=%2Fwp%2Fv2%2Fmedia&parent=149071"}],"wp:term":[{"taxonomy":"category","embeddable":true,"href":"https:\/\/lospoliticosveracruz.com.mx\/index.php?rest_route=%2Fwp%2Fv2%2Fcategories&post=149071"},{"taxonomy":"post_tag","embeddable":true,"href":"https:\/\/lospoliticosveracruz.com.mx\/index.php?rest_route=%2Fwp%2Fv2%2Ftags&post=149071"}],"curies":[{"name":"wp","href":"https:\/\/api.w.org\/{rel}","templated":true}]}}