{"id":149125,"date":"2025-07-18T21:13:13","date_gmt":"2025-07-19T02:13:13","guid":{"rendered":"https:\/\/lospoliticosveracruz.com.mx\/?p=149125"},"modified":"2025-07-18T21:13:24","modified_gmt":"2025-07-19T02:13:24","slug":"boca-modelo","status":"publish","type":"post","link":"https:\/\/lospoliticosveracruz.com.mx\/?p=149125","title":{"rendered":"BOCA, MODELO!"},"content":{"rendered":"\n\n\n<p>El alcalde de&nbsp;<strong>Boca del R\u00edo<\/strong>,&nbsp;<strong>Juan Manuel Un\u00e1nue Abascal<\/strong>, afirm\u00f3 que el municipio se ha consolidado como uno de los polos m\u00e1s importantes del sureste mexicano en materia de&nbsp;<strong>turismo de convenciones<\/strong>,&nbsp;<strong>eventos deportivos<\/strong>,&nbsp;<strong>exposiciones<\/strong>&nbsp;y&nbsp;<strong>conciertos masivos<\/strong>, gracias a su&nbsp;<strong>infraestructura moderna<\/strong>&nbsp;y su&nbsp;<strong>vocaci\u00f3n de servicio<\/strong>.<\/p>\n\n\n\n\n\n<p>\u201cEn&nbsp;<strong>Boca del R\u00edo<\/strong>&nbsp;creemos en la&nbsp;<strong>cultura<\/strong>&nbsp;como motor de identidad, desarrollo y bienestar, por eso me dio mucho gusto asistir a la inauguraci\u00f3n de&nbsp;<strong>TlaquepArte<\/strong>, un evento internacional que celebra el&nbsp;<strong>talento artesanal<\/strong>&nbsp;y fortalece nuestra vocaci\u00f3n como ciudad abierta al arte, al turismo y al&nbsp;<strong>comercio justo<\/strong>\u201d, expres\u00f3 el mun\u00edcipe.<\/p>\n\n\n\n<p>En el marco de la inauguraci\u00f3n de la&nbsp;<strong>Exposici\u00f3n Internacional de Artesan\u00eda, Joyer\u00eda, Regalo y Decoraci\u00f3n \u201cTlaquepArte\u201d 2025<\/strong>, en las instalaciones del&nbsp;<strong>World Trade Center de Boca del R\u00edo<\/strong>, el edil destac\u00f3 que en la ciudad se puede encontrar&nbsp;<strong>hospitalidad<\/strong>,&nbsp;<strong>amabilidad<\/strong>&nbsp;y&nbsp;<strong>actitud de servicio<\/strong>&nbsp;por parte de todos los prestadores, as\u00ed como&nbsp;<strong>recintos de primer nivel<\/strong>&nbsp;que permiten recibir visitantes durante todo el a\u00f1o.<\/p>\n\n\n\n<p>Con la presencia de m\u00e1s de&nbsp;<strong>180 expositores<\/strong>&nbsp;provenientes de&nbsp;<strong>16 pa\u00edses<\/strong>,&nbsp;<strong>TlaquepArte<\/strong>&nbsp;se posiciona como una plataforma clave para promover las&nbsp;<strong>artesan\u00edas<\/strong>&nbsp;y la&nbsp;<strong>econom\u00eda local<\/strong>.<\/p>\n\n\n\n<p>Dijo adem\u00e1s que este tipo de eventos le viene muy bien a la&nbsp;<strong>zona conurbada<\/strong>, ya que a trav\u00e9s de este tipo de exposiciones se generan&nbsp;<strong>empleos<\/strong>,&nbsp;<strong>desarrollo econ\u00f3mico<\/strong>&nbsp;y la&nbsp;<strong>ocupaci\u00f3n hotelera<\/strong>, a\u00f1adi\u00f3&nbsp;<strong>Un\u00e1nue Abascal<\/strong>.<\/p>\n\n\n\n<p>Finalmente, el&nbsp;<strong>Presidente Municipal<\/strong>&nbsp;invit\u00f3 a la ciudadan\u00eda y al&nbsp;<strong>turismo nacional e internacional<\/strong>&nbsp;a visitar&nbsp;<strong>TlaquepArte<\/strong>, que se llevar\u00e1 a cabo del&nbsp;<strong>18 al 21 de julio<\/strong>&nbsp;en el&nbsp;<strong>World Trade Center de Boca del R\u00edo<\/strong>, y a disfrutar de esta experiencia que une&nbsp;<strong>culturas<\/strong>&nbsp;a trav\u00e9s del&nbsp;<strong>arte mexicano e internacional<\/strong>.<\/p>\n\n\n\n<p>Presentes estuvieron&nbsp;<strong>Carlos Maytorena Mart\u00ednez<\/strong>, Presidente del Comit\u00e9 Organizador de la&nbsp;<strong>Exposici\u00f3n Latinoamericana TlaquepArte 2025<\/strong>,&nbsp;<strong>Eva Carrillo<\/strong>, Representante de los Artesanos y Expositores participantes, as\u00ed como&nbsp;<strong>funcionarios municipales<\/strong>.<\/p>\n","protected":false},"excerpt":{"rendered":"<p>El alcalde de&nbsp;Boca del R\u00edo,&nbsp;Juan Manuel Un\u00e1nue Abascal, afirm\u00f3 que el municipio se ha consolidado como uno de los polos m\u00e1s importantes del sureste mexicano en materia de&nbsp;turismo de convenciones,&nbsp;eventos deportivos,&nbsp;exposiciones&nbsp;y&nbsp;conciertos masivos, gracias a su&nbsp;infraestructura moderna&nbsp;y su&nbsp;vocaci\u00f3n de servicio. \u201cEn&nbsp;Boca del R\u00edo&nbsp;creemos en la&nbsp;cultura&nbsp;como motor de identidad, desarrollo y bienestar, por eso me dio mucho [&hellip;]<\/p>\n","protected":false},"author":2,"featured_media":149126,"comment_status":"closed","ping_status":"closed","sticky":false,"template":"","format":"standard","meta":{"_jetpack_newsletter_access":"","_jetpack_dont_email_post_to_subs":false,"_jetpack_newsletter_tier_id":0,"_jetpack_memberships_contains_paywalled_content":false,"_jetpack_memberships_contains_paid_content":false,"footnotes":""},"categories":[73],"tags":[44409,44408,12535,44406],"class_list":["post-149125","post","type-post","status-publish","format-standard","has-post-thumbnail","hentry","category-de-boleto","tag-eventos-internacionales-veracruz","tag-exposiciones-artesanales-mexico","tag-juan-manuel-unanue-abascal","tag-tlaqueparte-world-trade-center"],"jetpack_featured_media_url":"https:\/\/lospoliticosveracruz.com.mx\/wp-content\/uploads\/2025\/07\/IMG_4532.jpeg","jetpack_sharing_enabled":true,"jetpack_shortlink":"https:\/\/wp.me\/p4Qcd3-CNf","_links":{"self":[{"href":"https:\/\/lospoliticosveracruz.com.mx\/index.php?rest_route=\/wp\/v2\/posts\/149125","targetHints":{"allow":["GET"]}}],"collection":[{"href":"https:\/\/lospoliticosveracruz.com.mx\/index.php?rest_route=\/wp\/v2\/posts"}],"about":[{"href":"https:\/\/lospoliticosveracruz.com.mx\/index.php?rest_route=\/wp\/v2\/types\/post"}],"author":[{"embeddable":true,"href":"https:\/\/lospoliticosveracruz.com.mx\/index.php?rest_route=\/wp\/v2\/users\/2"}],"replies":[{"embeddable":true,"href":"https:\/\/lospoliticosveracruz.com.mx\/index.php?rest_route=%2Fwp%2Fv2%2Fcomments&post=149125"}],"version-history":[{"count":1,"href":"https:\/\/lospoliticosveracruz.com.mx\/index.php?rest_route=\/wp\/v2\/posts\/149125\/revisions"}],"predecessor-version":[{"id":149127,"href":"https:\/\/lospoliticosveracruz.com.mx\/index.php?rest_route=\/wp\/v2\/posts\/149125\/revisions\/149127"}],"wp:featuredmedia":[{"embeddable":true,"href":"https:\/\/lospoliticosveracruz.com.mx\/index.php?rest_route=\/wp\/v2\/media\/149126"}],"wp:attachment":[{"href":"https:\/\/lospoliticosveracruz.com.mx\/index.php?rest_route=%2Fwp%2Fv2%2Fmedia&parent=149125"}],"wp:term":[{"taxonomy":"category","embeddable":true,"href":"https:\/\/lospoliticosveracruz.com.mx\/index.php?rest_route=%2Fwp%2Fv2%2Fcategories&post=149125"},{"taxonomy":"post_tag","embeddable":true,"href":"https:\/\/lospoliticosveracruz.com.mx\/index.php?rest_route=%2Fwp%2Fv2%2Ftags&post=149125"}],"curies":[{"name":"wp","href":"https:\/\/api.w.org\/{rel}","templated":true}]}}