{"id":149247,"date":"2025-07-22T11:05:24","date_gmt":"2025-07-22T16:05:24","guid":{"rendered":"https:\/\/lospoliticosveracruz.com.mx\/?p=149247"},"modified":"2025-07-22T11:05:46","modified_gmt":"2025-07-22T16:05:46","slug":"fge-el-fuego-se-reaviva","status":"publish","type":"post","link":"https:\/\/lospoliticosveracruz.com.mx\/?p=149247","title":{"rendered":"FGE, EL FUEGO SE REAVIVA"},"content":{"rendered":"\n<h2 class=\"wp-block-heading\"><\/h2>\n\n\n\n\n\n<h2 class=\"wp-block-heading\"><\/h2>\n\n\n\n<p><strong>Yamiri Rodr\u00edguez Madrid<\/strong><\/p>\n\n\n\n<p><em>La vuelta a Veracruz en un teclazo<\/em><\/p>\n\n\n\n<p>Aunque muchos piensan que ya no habr\u00e1 cambio de titular en la <strong>Fiscal\u00eda General del Estado (FGE)<\/strong> dado que termin\u00f3 el proceso electoral y ya no hay fuego amigo contra la fiscal <strong>Ver\u00f3nica Hern\u00e1ndez Giad\u00e1ns<\/strong>; todo parece indicar que ser\u00e1 una vez concluidas las comparecencias. Le cuento.<br>El gobierno de la morenista <strong>Roc\u00edo Nahle Garc\u00eda<\/strong> est\u00e1 a punto de cumplir ya 9 meses en funciones. La glosa del mes de noviembre ser\u00e1 la primera de sus secretarios y secretarias; y aunque varios tendr\u00e1n logros para presumir, hay unos cuantos que a estas alturas del partido ni siquiera se han preocupado para ir integrando sus resultados del primer a\u00f1o, por lo que est\u00e1n en la tablita. Son normales los reajustes en una administraci\u00f3n; hay que apretar las tuercas a tiempo.<\/p>\n\n\n\n\n\n<p><br>Despu\u00e9s de ellos vienen los organismos desconcentrados y ah\u00ed est\u00e1 la <strong>Fiscal\u00eda General del Estado<\/strong>. Es cierto que cuando empez\u00f3 la actual administraci\u00f3n el fuego amigo le atiz\u00f3 a <strong>Hern\u00e1ndez Giad\u00e1ns<\/strong>, por su cercan\u00eda con el exsecretario de Gobierno, <strong>Eric Cisneros Burgos<\/strong>; uno de los personajes mal vistos dentro de la propia <strong>4T<\/strong>. Sin embargo, la Fiscal se disciplin\u00f3, aplic\u00f3 la de trabajo mata grilla y aunque no ha sido medi\u00e1tica, aunque se ha dedicado a trabajar, integrantes de las tribus morenistas piden, reclaman, casi exigen su cabeza por no ser del equipo.<br>Por eso, aprovechando el ajuste de tuercas en algunas secretar\u00edas, vendr\u00e1 tambi\u00e9n el cambio en la <strong>Fiscal\u00eda<\/strong>, pero no, no ser\u00e1 para ninguno de los que ya se frotan las manos. Dicen dentro de las estructuras morenistas que ser\u00e1 una mujer, que conozca las tripas de la procuraci\u00f3n de justicia, que no sea medi\u00e1tica, que sea de resultados, que tenga la formaci\u00f3n y el car\u00e1cter para procurar la tan ansiada justicia.<br>Ser\u00e1n meses largos, muy largos, sin duda, en los que el avispero estar\u00e1 agitado y en el que a todo aquel que intente levantar la cabeza, le tundir\u00e1n, y no solo para los que aspiran a ser titular de la <strong>Fiscal\u00eda<\/strong>, sino de aquellas secretar\u00edas a las que ya les vuelan zopilotes por encima.<br><strong>@YamiriRodriguez<\/strong><\/p>\n","protected":false},"excerpt":{"rendered":"<p>Yamiri Rodr\u00edguez Madrid La vuelta a Veracruz en un teclazo Aunque muchos piensan que ya no habr\u00e1 cambio de titular en la Fiscal\u00eda General del Estado (FGE) dado que termin\u00f3 el proceso electoral y ya no hay fuego amigo contra la fiscal Ver\u00f3nica Hern\u00e1ndez Giad\u00e1ns; todo parece indicar que ser\u00e1 una vez concluidas las comparecencias. [&hellip;]<\/p>\n","protected":false},"author":2,"featured_media":141413,"comment_status":"closed","ping_status":"closed","sticky":false,"template":"","format":"standard","meta":{"_jetpack_newsletter_access":"","_jetpack_dont_email_post_to_subs":false,"_jetpack_newsletter_tier_id":0,"_jetpack_memberships_contains_paywalled_content":false,"_jetpack_memberships_contains_paid_content":false,"footnotes":""},"categories":[70],"tags":[44491,44490,4386,15165,42407],"class_list":["post-149247","post","type-post","status-publish","format-standard","has-post-thumbnail","hentry","category-de-opinion","tag-cambio-en-fge-veracruz","tag-fiscalia-general-del-estado-veracruz","tag-rocio-nahle-garcia","tag-veronica-hernandez-giadans","tag-yamiri-rodriguez-madrid"],"jetpack_featured_media_url":"https:\/\/lospoliticosveracruz.com.mx\/wp-content\/uploads\/2025\/04\/Yamiri-Rodriguez-Madrid.jpg","jetpack_sharing_enabled":true,"jetpack_shortlink":"https:\/\/wp.me\/p4Qcd3-CPd","_links":{"self":[{"href":"https:\/\/lospoliticosveracruz.com.mx\/index.php?rest_route=\/wp\/v2\/posts\/149247","targetHints":{"allow":["GET"]}}],"collection":[{"href":"https:\/\/lospoliticosveracruz.com.mx\/index.php?rest_route=\/wp\/v2\/posts"}],"about":[{"href":"https:\/\/lospoliticosveracruz.com.mx\/index.php?rest_route=\/wp\/v2\/types\/post"}],"author":[{"embeddable":true,"href":"https:\/\/lospoliticosveracruz.com.mx\/index.php?rest_route=\/wp\/v2\/users\/2"}],"replies":[{"embeddable":true,"href":"https:\/\/lospoliticosveracruz.com.mx\/index.php?rest_route=%2Fwp%2Fv2%2Fcomments&post=149247"}],"version-history":[{"count":1,"href":"https:\/\/lospoliticosveracruz.com.mx\/index.php?rest_route=\/wp\/v2\/posts\/149247\/revisions"}],"predecessor-version":[{"id":149248,"href":"https:\/\/lospoliticosveracruz.com.mx\/index.php?rest_route=\/wp\/v2\/posts\/149247\/revisions\/149248"}],"wp:featuredmedia":[{"embeddable":true,"href":"https:\/\/lospoliticosveracruz.com.mx\/index.php?rest_route=\/wp\/v2\/media\/141413"}],"wp:attachment":[{"href":"https:\/\/lospoliticosveracruz.com.mx\/index.php?rest_route=%2Fwp%2Fv2%2Fmedia&parent=149247"}],"wp:term":[{"taxonomy":"category","embeddable":true,"href":"https:\/\/lospoliticosveracruz.com.mx\/index.php?rest_route=%2Fwp%2Fv2%2Fcategories&post=149247"},{"taxonomy":"post_tag","embeddable":true,"href":"https:\/\/lospoliticosveracruz.com.mx\/index.php?rest_route=%2Fwp%2Fv2%2Ftags&post=149247"}],"curies":[{"name":"wp","href":"https:\/\/api.w.org\/{rel}","templated":true}]}}