{"id":149390,"date":"2025-07-24T09:00:29","date_gmt":"2025-07-24T14:00:29","guid":{"rendered":"https:\/\/lospoliticosveracruz.com.mx\/?p=149390"},"modified":"2025-07-24T09:00:45","modified_gmt":"2025-07-24T14:00:45","slug":"la-relacion-entre-ahued-y-pozos","status":"publish","type":"post","link":"https:\/\/lospoliticosveracruz.com.mx\/?p=149390","title":{"rendered":"LA RELACI\u00d3N ENTRE AHUED Y POZOS"},"content":{"rendered":"\n\n\n<p><br><strong>Alejandro Aguirre Guerrero\u00a0<\/strong><\/p>\n\n\n\n<p><em>Al respecto\u2026<\/em><\/p>\n\n\n\n<p>La gobernadora los puso para resolver, no para pelear y, hasta el momento, han sabido llevar la fiesta en paz en dos cargos que, hist\u00f3ricamente, generan disputas por las delgadas l\u00edneas de niveles de poder que cada uno ejerce.&nbsp;<\/p>\n\n\n\n\n\n<p>Ricardo Ahued y Jos\u00e9 Manuel Pozos, ambos con la misma importancia para Nahle, aunque el cargo de manera nominal otorgue distinciones. Los juntaron para resolver un \u00e1rea que Eric Cisneros us\u00f3 para cualquier cosa, menos para procurar la gobernabilidad.&nbsp;<\/p>\n\n\n\n<p>Los rumores sobre disputas entre ellos son eso, rumores originados por dos causas: la naturaleza poderosa de ambos cargos y las reales disputas entre grupos al interior del morenismo, situaci\u00f3n que aqu\u00ed no aplica, pues ambos pertenecen al mismo equipo, el de la gobernadora.&nbsp;<\/p>\n\n\n\n<p>\u00bfPor qu\u00e9 Nahle puso dos perfiles con pr\u00e1cticamente la misma capacidad para cabildear (aunque con distintos estilos), en un mismo tiempo y espacio? La respuesta es clara: porque hab\u00edan dejado la secretar\u00eda de gobierno hecha basura y necesitaba una reingenier\u00eda.<\/p>\n\n\n\n<p>\u00bfQui\u00e9n manda aut\u00e9nticamente en la secretar\u00eda de gobierno? Ni Ahued ni Pozos, ambos saben que es Roc\u00edo Nahle, la cercana amiga de la presidenta Sheinbaum y, para evitar l\u00edos, optaron por alejarse de reflectores y entrevistas.&nbsp;<\/p>\n\n\n\n<p>No hay problemas entre Ahued y Pozos, al menos no hasta el momento y dif\u00edcilmente los habr\u00e1, son demasiado institucionales y prudentes. Aun as\u00ed, la naturaleza de sus encargos les permite aspirar a lo m\u00e1s alto de la estructura, tengan o no posibilidades.&nbsp;<\/p>\n\n\n\n<p>Sin embargo, en la intimidad de sus pensamientos, un subsecretario de gobierno no puede evitar pensar en la secretar\u00eda, y el secretario en la gubernatura, m\u00e1s a\u00fan cuando en su momento, ambos (Ahued y Pozos) buscar\u00e1n suceder a su jefa. Es un deseo leg\u00edtimo.&nbsp;<\/p>\n\n\n\n<p>Veremos qu\u00e9 ocurre, y si de verdad ocurre.&nbsp;<\/p>\n\n\n\n<p>X: @aaguirre_g<\/p>\n","protected":false},"excerpt":{"rendered":"<p>Alejandro Aguirre Guerrero\u00a0 Al respecto\u2026 La gobernadora los puso para resolver, no para pelear y, hasta el momento, han sabido llevar la fiesta en paz en dos cargos que, hist\u00f3ricamente, generan disputas por las delgadas l\u00edneas de niveles de poder que cada uno ejerce.&nbsp; Ricardo Ahued y Jos\u00e9 Manuel Pozos, ambos con la misma importancia [&hellip;]<\/p>\n","protected":false},"author":2,"featured_media":141373,"comment_status":"closed","ping_status":"closed","sticky":false,"template":"","format":"standard","meta":{"_jetpack_newsletter_access":"","_jetpack_dont_email_post_to_subs":false,"_jetpack_newsletter_tier_id":0,"_jetpack_memberships_contains_paywalled_content":false,"_jetpack_memberships_contains_paid_content":false,"footnotes":""},"categories":[70],"tags":[],"class_list":["post-149390","post","type-post","status-publish","format-standard","has-post-thumbnail","hentry","category-de-opinion"],"jetpack_featured_media_url":"https:\/\/lospoliticosveracruz.com.mx\/wp-content\/uploads\/2025\/04\/Alejandro-Aguirre-Guerrero.jpg","jetpack_sharing_enabled":true,"jetpack_shortlink":"https:\/\/wp.me\/p4Qcd3-CRw","_links":{"self":[{"href":"https:\/\/lospoliticosveracruz.com.mx\/index.php?rest_route=\/wp\/v2\/posts\/149390","targetHints":{"allow":["GET"]}}],"collection":[{"href":"https:\/\/lospoliticosveracruz.com.mx\/index.php?rest_route=\/wp\/v2\/posts"}],"about":[{"href":"https:\/\/lospoliticosveracruz.com.mx\/index.php?rest_route=\/wp\/v2\/types\/post"}],"author":[{"embeddable":true,"href":"https:\/\/lospoliticosveracruz.com.mx\/index.php?rest_route=\/wp\/v2\/users\/2"}],"replies":[{"embeddable":true,"href":"https:\/\/lospoliticosveracruz.com.mx\/index.php?rest_route=%2Fwp%2Fv2%2Fcomments&post=149390"}],"version-history":[{"count":1,"href":"https:\/\/lospoliticosveracruz.com.mx\/index.php?rest_route=\/wp\/v2\/posts\/149390\/revisions"}],"predecessor-version":[{"id":149391,"href":"https:\/\/lospoliticosveracruz.com.mx\/index.php?rest_route=\/wp\/v2\/posts\/149390\/revisions\/149391"}],"wp:featuredmedia":[{"embeddable":true,"href":"https:\/\/lospoliticosveracruz.com.mx\/index.php?rest_route=\/wp\/v2\/media\/141373"}],"wp:attachment":[{"href":"https:\/\/lospoliticosveracruz.com.mx\/index.php?rest_route=%2Fwp%2Fv2%2Fmedia&parent=149390"}],"wp:term":[{"taxonomy":"category","embeddable":true,"href":"https:\/\/lospoliticosveracruz.com.mx\/index.php?rest_route=%2Fwp%2Fv2%2Fcategories&post=149390"},{"taxonomy":"post_tag","embeddable":true,"href":"https:\/\/lospoliticosveracruz.com.mx\/index.php?rest_route=%2Fwp%2Fv2%2Ftags&post=149390"}],"curies":[{"name":"wp","href":"https:\/\/api.w.org\/{rel}","templated":true}]}}