{"id":14982,"date":"2015-02-18T22:40:36","date_gmt":"2015-02-19T04:40:36","guid":{"rendered":"http:\/\/www.lospoliticosveracruz.com.mx\/?p=14982"},"modified":"2015-02-18T22:40:36","modified_gmt":"2015-02-19T04:40:36","slug":"control-de-deuda","status":"publish","type":"post","link":"https:\/\/lospoliticosveracruz.com.mx\/?p=14982","title":{"rendered":"\u00bfControl de deuda?"},"content":{"rendered":"<p><a href=\"http:\/\/www.lospoliticosveracruz.com.mx\/wp-content\/uploads\/2014\/12\/Luis-Videgaray.jpg\"><img loading=\"lazy\" decoding=\"async\" class=\"alignnone size-medium wp-image-14173\" src=\"http:\/\/www.lospoliticosveracruz.com.mx\/wp-content\/uploads\/2014\/12\/Luis-Videgaray-300x168.jpg\" alt=\"Luis Videgaray\" width=\"300\" height=\"168\" \/><\/a><\/p>\n<p><strong>Brenda Caballero<\/strong><br \/>\n<em>N\u00fameros Rojos<\/em><\/p>\n<p>Desde el primero de diciembre de 2012 que tom\u00f3 protesta Luis Videgaray Caso como Secretario de Hacienda y Cr\u00e9dito P\u00fablico, se ve\u00eda venir que dicha dependencia tendr\u00eda mucho poder, incluso se compar\u00f3 con la Secretar\u00eda de Gobernaci\u00f3n debido a todos los proyectos que se ten\u00eda pensado realizar desde esa dependencia con la modificaci\u00f3n de las leyes fiscales. Tiempo despu\u00e9s, los legisladores se encargaron de quitarle el filo, aunque dejaron lo que actualmente conocemos de la reforma hacendaria: m\u00e1s impuestos y la creaci\u00f3n de un nuevo R\u00e9gimen de Incorporaci\u00f3n Fiscal.<br \/>\nSi usted recuerda, anteriormente, este r\u00e9gimen era conocido como Repeco y consist\u00eda en una cuota fija que administraba el estado a trav\u00e9s de un convenio de colaboraci\u00f3n con la Federaci\u00f3n. Ahora, las cosas cambian y todo se concentra en el Gobierno Federal.<br \/>\nAgreguemos tambi\u00e9n que las famosas aportaciones y participaciones federales tambi\u00e9n son controladas por la misma dependencia y proporcionadas a veces fuera de tiempo a los estados y municipios.<br \/>\nPor si fuera poco, actualmente la SHCP tambi\u00e9n conoce nuestra informaci\u00f3n financiera, nuestros ingresos y gastos, ya que mensualmente los bancos informan nuestros movimientos si tenemos cuentas bancarias, completando la informaci\u00f3n con la declaraci\u00f3n anual de personas f\u00edsicas y morales.<br \/>\nEs decir, poco a poco, la SHCP ha ido tomando el control de cada uno de nosotros mediante el Registro Federal de Contribuyentes (RFC).<br \/>\nPor lo pronto, ya tiene todo listo para controlar la deuda de entidades federativas y ayuntamientos. \u201cLa C\u00e1mara de Senadores ha aprobado las reformas a la Constituci\u00f3n que establecen los requisitos para que los estados y municipios puedan adquirir deuda p\u00fablica\u201d.<br \/>\nPero\u2026 \u00bfes una buena medida?<br \/>\nPara la mayor\u00eda de los mexicanos podr\u00edamos pensar que s\u00ed, ya que estamos cansados de que endeuden a nuestros hijos y nietos, pues realmente los gobernantes y alcaldes en turno de manera irresponsable se endeudan sin tan siquiera pensar en pagar los recursos que adquirieron antes de que terminen su mandato.<br \/>\nAunque los legisladores de oposici\u00f3n no piensan as\u00ed. Por ejemplo, el senador Mario Delgado Carrillo refiere que se est\u00e1n politizando las finanzas p\u00fablicas quit\u00e1ndole autonom\u00eda a los estados y municipios y ahora la SHCP tendr\u00e1 un gran control, pues si \u00e9stos est\u00e1n muy endeudados, ser\u00e1 Hacienda la que tenga la \u00faltima palabra para autorizar el monto.<br \/>\nManuel Bartlett tambi\u00e9n se pronunci\u00f3 en contra y expres\u00f3 que controlar el endeudamiento no fortalecer\u00e1 a los estados, sino que se pretende fortalecer al Ejecutivo en contra de los estados.<br \/>\nEn la C\u00e1mara de Diputados al parecer tambi\u00e9n no est\u00e1n muy de acuerdo en el asunto, ya que el diputado de Morena, Manuel Huerta Ladr\u00f3n de Guevara, afirm\u00f3 que el gobierno federal ha ocultado la cifra real de su deuda p\u00fablica, puesto que al cierre del ejercicio fiscal 2014, el monto que las autoridades hacendarias han reportado p\u00fablicamente, en materia de deuda p\u00fablica, difiere notablemente del que le autoriz\u00f3 el Congreso. Luego entonces, ante esta diferencia \u00bfc\u00f3mo podemos los ciudadanos confiar en la SHCP?<br \/>\nDefinitivamente aplaudo la medida si va en contra de un endeudamiento irresponsable; sin embargo, las declaraciones de oposici\u00f3n me hacen pensar que ahora s\u00ed centrar\u00e1 el Gobierno Federal todo su poder en la SHCP; incluso, podr\u00edamos considerar en peligro a los estados y municipios gobernados por la oposici\u00f3n, pues ahora s\u00ed los controlar\u00e1 el partido en el poder. \u00a1Ay de aqu\u00e9l que no acate disposiciones, pues se queda sin dinero! \u00a1Eso me recuerda al padre que quiere controlar al hijo!<\/p>\n<p>Email:caballero_brenda@hotmail.com<\/p>\n","protected":false},"excerpt":{"rendered":"<p>Brenda Caballero N\u00fameros Rojos Desde el primero de diciembre de 2012 que tom\u00f3 protesta Luis Videgaray Caso como Secretario de Hacienda y Cr\u00e9dito P\u00fablico, se ve\u00eda venir que dicha dependencia tendr\u00eda mucho poder, incluso se compar\u00f3 con la Secretar\u00eda de Gobernaci\u00f3n debido a todos los proyectos que se ten\u00eda pensado realizar desde esa dependencia con [&hellip;]<\/p>\n","protected":false},"author":2,"featured_media":0,"comment_status":"open","ping_status":"open","sticky":false,"template":"","format":"standard","meta":{"_jetpack_newsletter_access":"","_jetpack_dont_email_post_to_subs":false,"_jetpack_newsletter_tier_id":0,"_jetpack_memberships_contains_paywalled_content":false,"_jetpack_memberships_contains_paid_content":false,"footnotes":""},"categories":[70],"tags":[1847,1850,237,1848,1849],"class_list":["post-14982","post","type-post","status-publish","format-standard","hentry","category-de-opinion","tag-luis-videgaray-caso","tag-manuel-huerta-ladron-de-guevara","tag-rfc","tag-secretario-de-hacienda-y-credito-publico","tag-shcp"],"jetpack_featured_media_url":"","jetpack_sharing_enabled":true,"jetpack_shortlink":"https:\/\/wp.me\/p4Qcd3-3TE","_links":{"self":[{"href":"https:\/\/lospoliticosveracruz.com.mx\/index.php?rest_route=\/wp\/v2\/posts\/14982","targetHints":{"allow":["GET"]}}],"collection":[{"href":"https:\/\/lospoliticosveracruz.com.mx\/index.php?rest_route=\/wp\/v2\/posts"}],"about":[{"href":"https:\/\/lospoliticosveracruz.com.mx\/index.php?rest_route=\/wp\/v2\/types\/post"}],"author":[{"embeddable":true,"href":"https:\/\/lospoliticosveracruz.com.mx\/index.php?rest_route=\/wp\/v2\/users\/2"}],"replies":[{"embeddable":true,"href":"https:\/\/lospoliticosveracruz.com.mx\/index.php?rest_route=%2Fwp%2Fv2%2Fcomments&post=14982"}],"version-history":[{"count":2,"href":"https:\/\/lospoliticosveracruz.com.mx\/index.php?rest_route=\/wp\/v2\/posts\/14982\/revisions"}],"predecessor-version":[{"id":14984,"href":"https:\/\/lospoliticosveracruz.com.mx\/index.php?rest_route=\/wp\/v2\/posts\/14982\/revisions\/14984"}],"wp:attachment":[{"href":"https:\/\/lospoliticosveracruz.com.mx\/index.php?rest_route=%2Fwp%2Fv2%2Fmedia&parent=14982"}],"wp:term":[{"taxonomy":"category","embeddable":true,"href":"https:\/\/lospoliticosveracruz.com.mx\/index.php?rest_route=%2Fwp%2Fv2%2Fcategories&post=14982"},{"taxonomy":"post_tag","embeddable":true,"href":"https:\/\/lospoliticosveracruz.com.mx\/index.php?rest_route=%2Fwp%2Fv2%2Ftags&post=14982"}],"curies":[{"name":"wp","href":"https:\/\/api.w.org\/{rel}","templated":true}]}}