{"id":149980,"date":"2025-08-04T15:28:01","date_gmt":"2025-08-04T20:28:01","guid":{"rendered":"https:\/\/lospoliticosveracruz.com.mx\/?p=149980"},"modified":"2025-08-04T15:38:24","modified_gmt":"2025-08-04T20:38:24","slug":"los-penales-que-todos-quieren-cobrar","status":"publish","type":"post","link":"https:\/\/lospoliticosveracruz.com.mx\/?p=149980","title":{"rendered":"LOS PENALES QUE TODOS \u201cQUIEREN COBRAR\u201d"},"content":{"rendered":"\n\n\n<p><strong>Vicente Luna Hern\u00e1ndez<\/strong>&nbsp;<\/p>\n\n\n\n<p>La realidad que se vive en los centros de readaptaci\u00f3n social en el Estado de Veracruz todo mundo la sabe pero todos la ignoran, el gobierno hace como que castiga y los \u201cmalosos\u201d como que son castigados, sin embargo, lo cierto es que dentro de los penales, se lleva a cabo toda una serie de delitos que redit\u00faan ganancias generosas donde todos \u2013 al interior de los penales \u2013 salen ganando, \u00bfQu\u00e9 de raro tiene?<\/p>\n\n\n\n<p>Lo sucedido en el penal de Tuxpan es un claro ejemplo de las libertades que tienen grupos de la delincuencia organizada para imponer condiciones a pesar de estar sujetos a un proceso penal o de incluso estar sentenciados, sin embargo, muchos reos siguen llevando a cabo lo que mejor saben hacer\u2026violar la ley sin temor alguno, \u00bfqui\u00e9n podr\u00e1 orden en los penales? \u00bfEl ej\u00e9rcito? \u00bfLa guardia nacional? \u00bfAlg\u00fan grupo de la delincuencia organizada al interior? \u00bfLa Secretaria de Seguridad P\u00fablica del estado? \u00bfLa Fiscal\u00eda General de la Rep\u00fablica? \u00bfEl gobierno federal? \u00bfEs la sobrepoblaci\u00f3n la causa de todos los males en los reclusorios? \u00bfA qui\u00e9n quieren enga\u00f1ar?<\/p>\n\n\n\n<p>Lo cierto es que el dinero il\u00edcito corre a raudales por los pasillos de los penales, lo cierto es que al interior de los reclusorios operan \u201cmafias\u201d incrustadas desde a\u00f1os, lo cierto es que los servidores p\u00fablicos de los penales est\u00e1n entre la espada y la pared, actuar con honest9dad y ser v\u00edctimas \u2013 probablemente &#8211; de alg\u00fan atentado o ser c\u00f3mplices de los que tienen el control de los penales, habr\u00e1 un tercer grupo, ese ser\u00e1 el que este mejor organizado y tenga todo el respaldo institucional para llevar a a cabo sus labores, \u00bfen serio no se pude tener el control de un reclusorio por parte de un gobierno? Ahora entiendo la popularidad de Bukele en El Salvador.<\/p>\n\n\n\n<p>Lo cierto es que en gobiernos neoliberales hab\u00eda corrupci\u00f3n en los CERESOS, misma corrupci\u00f3n que contin\u00faa en los gobiernos humanistas, la realidad es que al dinero sucio no todos le dicen No, la receta ya se la sabe todo mundo, al interior de los reclusorios hay que pagar por todos los servicios, el director se vuelve un empleado de los grupos del crimen organizado que controla el penal, un empleado caro pero al fin y a cabo un empleado m\u00e1s, \u00bfhasta d\u00f3nde llegan las complicidades? \u00bfAcaso los funcionarios de primer nivel se mandan solos?<\/p>\n\n\n\n<p>La Presidenta Claudia Sheinbaum Pardo durante su conferencia ma\u00f1anera se\u00f1alo: \u201cHay una estrategia para los centros penitenciarios, tanto de cambiar a personas privadas de la libertad de un lugar a otro, a algunos llevarlos a Ceferesos federales. Tambi\u00e9n hay esquemas de empleos para otras actividades de readaptaci\u00f3n\u201d tambi\u00e9n inform\u00f3 la presidenta: \u201cLa idea es generar condiciones dentro de los penales\u201d son loables estas medidas, lo cierto es que primero la Seguridad al interior de los penales y despu\u00e9s la Readaptaci\u00f3n so\u00f1ada, que nadie se haga bolas, el problema principal en los Ceresos\u2026es la corrupci\u00f3n y algo hay que hacer al respecto.<\/p>\n\n\n\n<p>En Veracruz existen 18 centros de reinserci\u00f3n social, de los cuales \u2013 seg\u00fan el reporte de la CNDH en su informe llamado \u201cDiagnostico Nacional de Supervisi\u00f3n Penitenciaria 2024\u201d, los Ceresos de Tuxpan, Pacho Viejo, Amatl\u00e1n y Zongolica obtuvieron las mejores calificaciones superiores a 7.00, siendo Zongolica el mejor con 8.03, sin embargo, los ceresos de San Andr\u00e9s Tuxtla, Chicontepec, Acayucan, Coatzacoalcos y Cosamaloapan recibieron calificaciones bajas, todas por debajo de 6.20. \u00bfAcaso no hay un riesgo latente que lo ocurrido en Tuxpan vuelva a ocurrir en otro reclusorio? si el mot\u00edn ocurri\u00f3 en un penal de los mejor evaluados \u00bfqu\u00e9 puede pasar en otros penales?<\/p>\n\n\n\n<p>P.D.- Con el \u00e1nimo que los Centros de Readaptaci\u00f3n Social sean m\u00e1s centros de Readaptaci\u00f3n y menos centros \u201cSociales\u201d\u2026Escribir\u00e9 otro d\u00eda.<\/p>\n","protected":false},"excerpt":{"rendered":"<p>Vicente Luna Hern\u00e1ndez&nbsp; La realidad que se vive en los centros de readaptaci\u00f3n social en el Estado de Veracruz todo mundo la sabe pero todos la ignoran, el gobierno hace como que castiga y los \u201cmalosos\u201d como que son castigados, sin embargo, lo cierto es que dentro de los penales, se lleva a cabo toda [&hellip;]<\/p>\n","protected":false},"author":2,"featured_media":141415,"comment_status":"closed","ping_status":"closed","sticky":false,"template":"","format":"standard","meta":{"_jetpack_newsletter_access":"","_jetpack_dont_email_post_to_subs":false,"_jetpack_newsletter_tier_id":0,"_jetpack_memberships_contains_paywalled_content":false,"_jetpack_memberships_contains_paid_content":false,"footnotes":""},"categories":[70],"tags":[15667],"class_list":["post-149980","post","type-post","status-publish","format-standard","has-post-thumbnail","hentry","category-de-opinion","tag-vicente-luna-hernandez"],"jetpack_featured_media_url":"https:\/\/lospoliticosveracruz.com.mx\/wp-content\/uploads\/2025\/04\/Vicente-Luna-Hernandez.jpg","jetpack_sharing_enabled":true,"jetpack_shortlink":"https:\/\/wp.me\/p4Qcd3-D12","_links":{"self":[{"href":"https:\/\/lospoliticosveracruz.com.mx\/index.php?rest_route=\/wp\/v2\/posts\/149980","targetHints":{"allow":["GET"]}}],"collection":[{"href":"https:\/\/lospoliticosveracruz.com.mx\/index.php?rest_route=\/wp\/v2\/posts"}],"about":[{"href":"https:\/\/lospoliticosveracruz.com.mx\/index.php?rest_route=\/wp\/v2\/types\/post"}],"author":[{"embeddable":true,"href":"https:\/\/lospoliticosveracruz.com.mx\/index.php?rest_route=\/wp\/v2\/users\/2"}],"replies":[{"embeddable":true,"href":"https:\/\/lospoliticosveracruz.com.mx\/index.php?rest_route=%2Fwp%2Fv2%2Fcomments&post=149980"}],"version-history":[{"count":1,"href":"https:\/\/lospoliticosveracruz.com.mx\/index.php?rest_route=\/wp\/v2\/posts\/149980\/revisions"}],"predecessor-version":[{"id":149981,"href":"https:\/\/lospoliticosveracruz.com.mx\/index.php?rest_route=\/wp\/v2\/posts\/149980\/revisions\/149981"}],"wp:featuredmedia":[{"embeddable":true,"href":"https:\/\/lospoliticosveracruz.com.mx\/index.php?rest_route=\/wp\/v2\/media\/141415"}],"wp:attachment":[{"href":"https:\/\/lospoliticosveracruz.com.mx\/index.php?rest_route=%2Fwp%2Fv2%2Fmedia&parent=149980"}],"wp:term":[{"taxonomy":"category","embeddable":true,"href":"https:\/\/lospoliticosveracruz.com.mx\/index.php?rest_route=%2Fwp%2Fv2%2Fcategories&post=149980"},{"taxonomy":"post_tag","embeddable":true,"href":"https:\/\/lospoliticosveracruz.com.mx\/index.php?rest_route=%2Fwp%2Fv2%2Ftags&post=149980"}],"curies":[{"name":"wp","href":"https:\/\/api.w.org\/{rel}","templated":true}]}}