{"id":150097,"date":"2025-08-06T00:12:11","date_gmt":"2025-08-06T05:12:11","guid":{"rendered":"https:\/\/lospoliticosveracruz.com.mx\/?p=150097"},"modified":"2025-08-06T00:12:33","modified_gmt":"2025-08-06T05:12:33","slug":"martin-a-un-paso-de-la-continuacion","status":"publish","type":"post","link":"https:\/\/lospoliticosveracruz.com.mx\/?p=150097","title":{"rendered":"MART\u00cdN, A UN PASO DE LA CONTINUACI\u00d3N"},"content":{"rendered":"\n\n\n<p><strong>Miguel Valera<\/strong><\/p>\n\n\n\n<p><em>Contrase\u00f1as<\/em><\/p>\n\n\n\n<p>El doctor&nbsp;<strong>Mart\u00edn Aguilar S\u00e1nchez<\/strong>,&nbsp;investigador de tiempo completo del Instituto de Investigaciones Hist\u00f3rico Sociales&nbsp;y actual rector&nbsp;de la Universidad Veracruzana, concluir\u00e1 su mandato el pr\u00f3ximo domingo 31 de agosto. Tal y como lo ha solicitado y se lo ha concedido la Junta de Gobierno, el 1 de septiembre estar\u00eda rindiendo protesta para un nuevo periodo de cuatro a\u00f1os.<\/p>\n\n\n\n<p>Su reelecci\u00f3n ha generado controversias y ha unido a muchos que antes eran contrarios, en una oposici\u00f3n a este mandato, al que acusan de ilegal e ileg\u00edtimo. Qu\u00e9 bueno que en la M\u00e1xima Casa de Estudios de los veracruzanos haya pluralidad y no se caiga en la antigua tentaci\u00f3n de un pensamiento \u00fanico, totalitario.&nbsp;<\/p>\n\n\n\n<p>Qu\u00e9 bueno que se marche, qu\u00e9 bueno que no se est\u00e9 de acuerdo, qu\u00e9 bueno que se exponga el pensamiento propio, que se debata, en el aula y en la palestra de los medios de comunicaci\u00f3n. No vivimos en un totalitarismo, ni en un r\u00e9gimen que busque tener el control absoluto de las ideas y el pensamiento de los seres humanos.<\/p>\n\n\n\n<p>Yo, que me form\u00e9 y trabaj\u00e9 para&nbsp;<strong>Karol<\/strong><strong>&nbsp;<\/strong><strong>J\u00f3zef<\/strong><strong>&nbsp;<\/strong><strong>Wojty\u0142a<\/strong>, el papa&nbsp;<strong>Juan Pablo II<\/strong>, cre\u00ed durante mucho tiempo en el valor de un pensamiento \u00fanico, en la recta opini\u00f3n, en la ortodoxia. Los textos de&nbsp;<strong>Wojty\u0142a<\/strong>, desde la primera enc\u00edclica,&nbsp;<em>Redemptor<\/em><em>&nbsp;hominis<\/em>&nbsp;hasta el \u00faltimo libro&nbsp;<em>Cruzando el umbral de la esperanza<\/em>&nbsp;los le\u00ed en esa clave, con un halo celestial.<\/p>\n\n\n\n<p>Un d\u00eda, muchos a\u00f1os despu\u00e9s de que abandon\u00e9 esa carrera, me encontr\u00e9 con una noticia que impact\u00f3 al mundo, la relaci\u00f3n de amistad, profunda e intensa, que el polaco mantuvo con la fil\u00f3sofa&nbsp;<strong>Anna-Teresa&nbsp;<\/strong><strong>Tymieniecka<\/strong>. Una fotograf\u00eda de campamento, en alguna monta\u00f1a europea, con pantal\u00f3n corto y camiseta, conversando&nbsp;con&nbsp;esta mujer&nbsp;estadounidense&nbsp;me hizo&nbsp;pensar en la humanidad que el l\u00edder cat\u00f3lico cargaba sobre sus hombres. Todos somos seres humanos y se nos pega el polvo del camino, como sol\u00eda decirme el Cardenal&nbsp;<strong>Sergio Obeso Rivera<\/strong>.<\/p>\n\n\n\n<p>Pues as\u00ed, en la Universidad Veracruzana, como en cualquier instituci\u00f3n, no todo es perfecto pero s\u00ed tiene que ser legal. Ayer martes, la&nbsp;legalidad de la decisi\u00f3n de la Junta de Gobierno de autorizar la pr\u00f3rroga para un periodo m\u00e1s al frente&nbsp;de la rector\u00eda de&nbsp;<strong>Mart\u00edn Aguilar S\u00e1nchez<\/strong>&nbsp;se&nbsp;mantuvo,&nbsp;en la determinaci\u00f3n del Primer Tribunal Colegiado en Materia Administrativa del S\u00e9ptimo Circuito.<\/p>\n\n\n\n<p>El \u00f3rgano jurisdiccional del Consejo de la Judicatura Federal declar\u00f3 \u201cinfundado el recurso\u201d de amparo interpuesto por los universitarios&nbsp;<strong>Jos\u00e9 Luis Cuevas Gayosso<\/strong>,&nbsp;<strong>Bertha Alicia Ram\u00edrez Arce<\/strong>&nbsp;y&nbsp;<strong>Ra\u00fal Romero Ram\u00edrez<\/strong>, en contra del derecho leg\u00edtimo del actual rector&nbsp;<strong>Mart\u00edn Aguilar S\u00e1nchez<\/strong>, de continuar al frente de la M\u00e1xima Casa de Estudios, tal y como lo han hecho los \u00faltimos tres rectores que ahora&nbsp;tambi\u00e9n&nbsp;se oponen,&nbsp;<strong>V\u00edctor Arredondo \u00c1lvarez<\/strong>,&nbsp;<strong>Ra\u00fal Arias&nbsp;<\/strong><strong>Lovillo<\/strong>&nbsp;y&nbsp;<strong>Sara Ladr\u00f3n de Guevara<\/strong>.<\/p>\n\n\n\n<p>Este d\u00eda,&nbsp;<strong>Pablo Antonio Garc\u00eda V\u00e1zquez<\/strong>,&nbsp;Secretarioen funciones de Magistrado dio cuenta del asunto listado con la ponencia a su cargo, la Queja Administrativa 273\/2025, de la autoridad resolutora, la Jueza d\u00e9cimo quinto de distrito en el estado con residencia en Xalapa, Veracruz.<\/p>\n\n\n\n<p>\u201cResoluci\u00f3n recurrida: el acuerdo dictado el 23 de julio de 2025 en el incidente de suspensi\u00f3n relativo al Juicio de Amparo indirecto 700\/2025 mediante el cual se neg\u00f3 la suspensi\u00f3n provisional del acto reclamado\u201d.&nbsp;<\/p>\n\n\n\n<p>\u201cSentido de la propuesta: se declara infundado el recurso\u201d, se dijo en la sesi\u00f3n, para someterse a su aprobaci\u00f3n y ser votada \u201cpor unanimidad de votos en los t\u00e9rminos en que se present\u00f3 el proyecto correspondiente\u201d.<\/p>\n\n\n\n<p>De esta manera se sigue confirmando la legalidad con que ha venido actuando la Junta de Gobierno de la&nbsp;UV, con la ratificaci\u00f3n, para un periodo m\u00e1s, del rector&nbsp;<strong>Mart\u00edn Aguilar S\u00e1nchez<\/strong>.&nbsp;No lo digo yo, lo dice el \u00f3rgano jurisdiccional. Las demandas que existen seguir\u00e1n su curso y ser\u00e1n solventadas en las pr\u00f3ximas semanas para confirmar la ratificaci\u00f3n legal plena del nuevo mandato rectoral del&nbsp;rector&nbsp;universitario.<\/p>\n\n\n\n<p><strong>CAMBIOS EN PRENSA DEL CONGRESO&nbsp;<\/strong><\/p>\n\n\n\n<p><strong>Esa\u00fa Valencia Heredia<\/strong>&nbsp;y&nbsp;<strong>Silverio Quevedo&nbsp;<\/strong><strong>Elox<\/strong>&nbsp;son dos grandes del periodismo veracruzano.&nbsp;Serios y profesionales en su trabajo, son personas de fiar, hombres de trabajo, \u00edntegros, de una sola pieza. Por circunstancias de la pol\u00edtica, cuyas arenas siempre son movedizas,&nbsp;<strong>Esa\u00fa<\/strong>&nbsp;dejar\u00e1 el cargo de&nbsp;Coordinador de Comunicaci\u00f3n Social del Congreso del Estado&nbsp;para entregarle la estafeta a&nbsp;<strong>Silverio<\/strong>.<\/p>\n\n\n\n<p><strong>Esa\u00fa Valencia<\/strong>&nbsp;ha pasado d\u00edas dif\u00edciles. Grillas, ataques infundados, desgaste de grupos internos. Eso, naturalmente, lo ha forjado, le ha dado m\u00e1s car\u00e1cter, m\u00e1s experiencia. El periodista no naci\u00f3 ayer, sabe c\u00f3mo se maneja esto.&nbsp;Por eso decidi\u00f3 hacerse a un lado.<\/p>\n\n\n\n<p>Ayer martes, al ser entrevistado, el profesor&nbsp;<strong>Esteban Bautista Hern\u00e1ndez<\/strong>, presidente de la Junta de Coordinaci\u00f3n Pol\u00edtica,&nbsp;le refrend\u00f3 su respaldo: \u201cquiero mucho al compa\u00f1ero&nbsp;<strong>Esa\u00fa<\/strong>; es un tipazo\u201d.<\/p>\n\n\n\n<p>Aunque fue cauteloso sobre el relevo, destac\u00f3 que \u201c<strong>Esa\u00fa<\/strong>&nbsp;tiene mi apoyo siempre, es un buen ser humano\u201d y no se qued\u00f3 callado respecto a quienes lo han grillado: \u201cEn un grupo siempre habr\u00e1 personas de esp\u00edritu muy podrido y como el compa\u00f1ero no es de los que les gusta el debate, todos los sablazos, ataques, ataques y ataques y \u00e9l se queda callado, es una cualidad que tiene; yo siempre lo&nbsp;he&nbsp;defendido; hay gente que quiere verlo fuera de aqu\u00ed\u201d.<\/p>\n\n\n\n<p>\u201cSon personas que ustedes seguramente saben. Aqu\u00ed, yo por los a\u00f1os que llevo conozco a la gente y el compa\u00f1ero tiene un alma muy buena.&nbsp;Lo veo como un&nbsp;t\u00edo&nbsp;que tuve, con un alma muy buena.&nbsp;Se aprovechan del compa\u00f1ero porque no responde.&nbsp;Yo siempre voy a dar la cara por \u00e9l. Lo que ocurra yo les voy avisando\u201d, destac\u00f3.<\/p>\n\n\n\n<p><strong>Esa\u00fa Valencia Heredia<\/strong>&nbsp;sabe c\u00f3mo es el intrincado mundo de la pol\u00edtica. Sabe, como lo repiteconstantemente a sus amigos y a su familia, que en la vida hay que conducirse con dignidad y gratitud. Lo que viene al otro d\u00eda, siempre conviene.&nbsp;Tan&nbsp;tan.&nbsp;<\/p>\n\n\n\n<p><strong>@MValeraH<\/strong><\/p>\n","protected":false},"excerpt":{"rendered":"<p>Miguel Valera Contrase\u00f1as El doctor&nbsp;Mart\u00edn Aguilar S\u00e1nchez,&nbsp;investigador de tiempo completo del Instituto de Investigaciones Hist\u00f3rico Sociales&nbsp;y actual rector&nbsp;de la Universidad Veracruzana, concluir\u00e1 su mandato el pr\u00f3ximo domingo 31 de agosto. Tal y como lo ha solicitado y se lo ha concedido la Junta de Gobierno, el 1 de septiembre estar\u00eda rindiendo protesta para un nuevo [&hellip;]<\/p>\n","protected":false},"author":2,"featured_media":141429,"comment_status":"closed","ping_status":"closed","sticky":false,"template":"","format":"standard","meta":{"_jetpack_newsletter_access":"","_jetpack_dont_email_post_to_subs":false,"_jetpack_newsletter_tier_id":0,"_jetpack_memberships_contains_paywalled_content":false,"_jetpack_memberships_contains_paid_content":false,"footnotes":""},"categories":[70],"tags":[13171,29146,24531,195],"class_list":["post-150097","post","type-post","status-publish","format-standard","has-post-thumbnail","hentry","category-de-opinion","tag-esau-valencia","tag-martin-aguilar-sanchez-2","tag-silverio-quevedo-elox","tag-veracruz"],"jetpack_featured_media_url":"https:\/\/lospoliticosveracruz.com.mx\/wp-content\/uploads\/2025\/04\/Miguel-Valera.jpg","jetpack_sharing_enabled":true,"jetpack_shortlink":"https:\/\/wp.me\/p4Qcd3-D2V","_links":{"self":[{"href":"https:\/\/lospoliticosveracruz.com.mx\/index.php?rest_route=\/wp\/v2\/posts\/150097","targetHints":{"allow":["GET"]}}],"collection":[{"href":"https:\/\/lospoliticosveracruz.com.mx\/index.php?rest_route=\/wp\/v2\/posts"}],"about":[{"href":"https:\/\/lospoliticosveracruz.com.mx\/index.php?rest_route=\/wp\/v2\/types\/post"}],"author":[{"embeddable":true,"href":"https:\/\/lospoliticosveracruz.com.mx\/index.php?rest_route=\/wp\/v2\/users\/2"}],"replies":[{"embeddable":true,"href":"https:\/\/lospoliticosveracruz.com.mx\/index.php?rest_route=%2Fwp%2Fv2%2Fcomments&post=150097"}],"version-history":[{"count":1,"href":"https:\/\/lospoliticosveracruz.com.mx\/index.php?rest_route=\/wp\/v2\/posts\/150097\/revisions"}],"predecessor-version":[{"id":150098,"href":"https:\/\/lospoliticosveracruz.com.mx\/index.php?rest_route=\/wp\/v2\/posts\/150097\/revisions\/150098"}],"wp:featuredmedia":[{"embeddable":true,"href":"https:\/\/lospoliticosveracruz.com.mx\/index.php?rest_route=\/wp\/v2\/media\/141429"}],"wp:attachment":[{"href":"https:\/\/lospoliticosveracruz.com.mx\/index.php?rest_route=%2Fwp%2Fv2%2Fmedia&parent=150097"}],"wp:term":[{"taxonomy":"category","embeddable":true,"href":"https:\/\/lospoliticosveracruz.com.mx\/index.php?rest_route=%2Fwp%2Fv2%2Fcategories&post=150097"},{"taxonomy":"post_tag","embeddable":true,"href":"https:\/\/lospoliticosveracruz.com.mx\/index.php?rest_route=%2Fwp%2Fv2%2Ftags&post=150097"}],"curies":[{"name":"wp","href":"https:\/\/api.w.org\/{rel}","templated":true}]}}