{"id":150114,"date":"2025-08-06T09:53:43","date_gmt":"2025-08-06T14:53:43","guid":{"rendered":"https:\/\/lospoliticosveracruz.com.mx\/?p=150114"},"modified":"2025-08-06T09:54:06","modified_gmt":"2025-08-06T14:54:06","slug":"sucesion-uv-27","status":"publish","type":"post","link":"https:\/\/lospoliticosveracruz.com.mx\/?p=150114","title":{"rendered":"SUCESI\u00d3N UV (27)"},"content":{"rendered":"\n\n\n<p><strong>Sergio Gonz\u00e1lez Levet<\/strong><\/p>\n\n\n\n<p><em>Sin tacto<\/em><\/p>\n\n\n\n<p>Si el maestro&nbsp;<strong>Ignacio Morales Lechuga<\/strong>&nbsp;nos ofreci\u00f3 una pieza de filosof\u00eda del Derecho en la charla que sostuve con \u00e9l en&nbsp;<strong>NV TV<\/strong>&nbsp;(lo refiero a mi \u201c<strong>Sin tacto<\/strong>\u201d de ayer), el doctor&nbsp;<strong>Jos\u00e9 Luis Cuevas Gayosso<\/strong>&nbsp;\u2013una instituci\u00f3n en el \u00e1rea legal de la&nbsp;<strong>UV<\/strong>\u2013 se dedic\u00f3, en la entrevista que hicimos p\u00fablica ayer por la tarde en ese mismo canal, a dar una c\u00e1tedra sobre procedimientos jur\u00eddicos en el caso de la&nbsp;<strong>pr\u00f3rroga mal otorgada por la Junta de Gobierno<\/strong>&nbsp;al rector&nbsp;<strong>Mart\u00edn Aguilar<\/strong>.<\/p>\n\n\n\n<p>Don&nbsp;<strong>Jos\u00e9 Luis<\/strong>&nbsp;fue Director de la&nbsp;<strong>Facultad de Derecho<\/strong>&nbsp;hace pocos a\u00f1os y es adem\u00e1s un litigante altamente reconocido, por lo que su exposici\u00f3n fue la de un verdadero experto en la aplicaci\u00f3n y la interpretaci\u00f3n de las leyes.<\/p>\n\n\n\n<p>Hace en la pl\u00e1tica una revisi\u00f3n somera y reveladora sobre el nacimiento y el desarrollo de nuestra&nbsp;<strong>m\u00e1xima casa de estudios<\/strong>, que desemboca en la condici\u00f3n de aut\u00f3noma durante la gubernatura de&nbsp;<strong>Patricio Chirinos Calero<\/strong>&nbsp;y la rector\u00eda de&nbsp;<strong>Emilio Gidi Villarreal<\/strong>.<\/p>\n\n\n\n<p>Quienes recorran el video podr\u00e1n enterarse de la magn\u00edfica intervenci\u00f3n que tuvo el doctor&nbsp;<strong>Gidi<\/strong>, quien hizo a un lado sus intereses personales y decidi\u00f3 no buscar que el cargo le fuera \u201c<strong>prorrogado<\/strong>\u201d, seg\u00fan el t\u00e9rmino de moda.<\/p>\n\n\n\n<p>Don&nbsp;<strong>Emilio<\/strong>&nbsp;s\u00ed particip\u00f3 en la creaci\u00f3n de los instrumentos a trav\u00e9s de los cuales se designar\u00eda a cada&nbsp;<strong>Rector<\/strong>&nbsp;al t\u00e9rmino de los cuatro a\u00f1os del periodo en que ser\u00edan nombrados.<\/p>\n\n\n\n<p>En verdad que es un placer escuchar la clara revisi\u00f3n de&nbsp;<strong>Cuevas Gayosso<\/strong>&nbsp;en la que desmenuza el proceso que fue determinado para la&nbsp;<strong>sucesi\u00f3n del Rector<\/strong>&nbsp;cada cuatro a\u00f1os. Y en verdad interesante c\u00f3mo explica las atribuciones que s\u00ed tiene la&nbsp;<strong>Junta de Gobierno<\/strong>&nbsp;y lo que no le concede la&nbsp;<strong>ley<\/strong>.<\/p>\n\n\n\n<p>El doctor&nbsp;<strong>Jos\u00e9 Luis<\/strong>&nbsp;y otros dos acad\u00e9micos, la maestra&nbsp;<strong>Bertha Alicia Ram\u00edrez Arce<\/strong>&nbsp;y&nbsp;<strong>Ra\u00fal Romero Ram\u00edrez<\/strong>, presentaron el 23 de julio un&nbsp;<strong>amparo<\/strong>&nbsp;en el&nbsp;<strong>Juzgado Decimoquinto de Distrito federal mixto<\/strong>, que fue admitido, y es en el sentido de la afectaci\u00f3n de \u201c<strong>derechos individuales y colectivos difusos<\/strong>\u201d por el hecho de que la&nbsp;<strong>Junta de Gobierno<\/strong>&nbsp;no public\u00f3 la&nbsp;<strong>Convocatoria<\/strong>&nbsp;para el proceso de&nbsp;<strong>sucesi\u00f3n<\/strong>&nbsp;como lo mandata la&nbsp;<strong>ley universitaria<\/strong>.<\/p>\n\n\n\n<p>Es en verdad asombroso c\u00f3mo la&nbsp;<strong>Junta de Gobierno<\/strong>&nbsp;y el propio rector&nbsp;<strong>Mart\u00edn Aguilar<\/strong>&nbsp;han hecho a un lado muchos procedimientos y mandatos de las&nbsp;<strong>leyes universitarias<\/strong>, y el movimiento que por el momento encabeza la&nbsp;<strong>RedUV por la Legalidad<\/strong>&nbsp;se est\u00e1 organizando para presentar un frente com\u00fan\u2026 com\u00fan y formidable, porque en \u00e9l intervienen cerca de&nbsp;<strong>500 acad\u00e9micos<\/strong>, investigadores, exalumnos, exmiembros de la&nbsp;<strong>Junta de Gobierno<\/strong>&nbsp;y los&nbsp;<strong>tres exrectores de la autonom\u00eda<\/strong>.<\/p>\n\n\n\n<p>Presento la liga de&nbsp;<strong>NV TV<\/strong>&nbsp;para poder ver la entrevista completa, que no tiene pierde:<\/p>\n\n\n\n<figure class=\"wp-block-embed is-type-video is-provider-youtube wp-block-embed-youtube wp-embed-aspect-16-9 wp-has-aspect-ratio\"><div class=\"wp-block-embed__wrapper\">\n<span class=\"embed-youtube\" style=\"text-align:center; display: block;\"><iframe loading=\"lazy\" class=\"youtube-player\" width=\"750\" height=\"422\" src=\"https:\/\/www.youtube.com\/embed\/MteRsMzoWMk?version=3&#038;rel=1&#038;showsearch=0&#038;showinfo=1&#038;iv_load_policy=1&#038;fs=1&#038;hl=es-ES&#038;autohide=2&#038;wmode=transparent\" allowfullscreen=\"true\" style=\"border:0;\" sandbox=\"allow-scripts allow-same-origin allow-popups allow-presentation allow-popups-to-escape-sandbox\"><\/iframe><\/span>\n<\/div><\/figure>\n\n\n\n<p>\u2709\ufe0f&nbsp;<strong>sglevet@gmail.com<\/strong><\/p>\n\n\n\n<p><\/p>\n","protected":false},"excerpt":{"rendered":"<p>Sergio Gonz\u00e1lez Levet Sin tacto Si el maestro&nbsp;Ignacio Morales Lechuga&nbsp;nos ofreci\u00f3 una pieza de filosof\u00eda del Derecho en la charla que sostuve con \u00e9l en&nbsp;NV TV&nbsp;(lo refiero a mi \u201cSin tacto\u201d de ayer), el doctor&nbsp;Jos\u00e9 Luis Cuevas Gayosso&nbsp;\u2013una instituci\u00f3n en el \u00e1rea legal de la&nbsp;UV\u2013 se dedic\u00f3, en la entrevista que hicimos p\u00fablica ayer por [&hellip;]<\/p>\n","protected":false},"author":2,"featured_media":141432,"comment_status":"closed","ping_status":"closed","sticky":false,"template":"","format":"standard","meta":{"_jetpack_newsletter_access":"","_jetpack_dont_email_post_to_subs":false,"_jetpack_newsletter_tier_id":0,"_jetpack_memberships_contains_paywalled_content":false,"_jetpack_memberships_contains_paid_content":false,"footnotes":""},"categories":[70],"tags":[12619,44346,44344,44894],"class_list":["post-150114","post","type-post","status-publish","format-standard","has-post-thumbnail","hentry","category-de-opinion","tag-jose-luis-cuevas-gayosso","tag-junta-de-gobierno-uv","tag-prorroga-rector-martin-aguilar","tag-sucesion-rector-uv"],"jetpack_featured_media_url":"https:\/\/lospoliticosveracruz.com.mx\/wp-content\/uploads\/2025\/04\/Levet.jpg","jetpack_sharing_enabled":true,"jetpack_shortlink":"https:\/\/wp.me\/p4Qcd3-D3c","_links":{"self":[{"href":"https:\/\/lospoliticosveracruz.com.mx\/index.php?rest_route=\/wp\/v2\/posts\/150114","targetHints":{"allow":["GET"]}}],"collection":[{"href":"https:\/\/lospoliticosveracruz.com.mx\/index.php?rest_route=\/wp\/v2\/posts"}],"about":[{"href":"https:\/\/lospoliticosveracruz.com.mx\/index.php?rest_route=\/wp\/v2\/types\/post"}],"author":[{"embeddable":true,"href":"https:\/\/lospoliticosveracruz.com.mx\/index.php?rest_route=\/wp\/v2\/users\/2"}],"replies":[{"embeddable":true,"href":"https:\/\/lospoliticosveracruz.com.mx\/index.php?rest_route=%2Fwp%2Fv2%2Fcomments&post=150114"}],"version-history":[{"count":2,"href":"https:\/\/lospoliticosveracruz.com.mx\/index.php?rest_route=\/wp\/v2\/posts\/150114\/revisions"}],"predecessor-version":[{"id":150116,"href":"https:\/\/lospoliticosveracruz.com.mx\/index.php?rest_route=\/wp\/v2\/posts\/150114\/revisions\/150116"}],"wp:featuredmedia":[{"embeddable":true,"href":"https:\/\/lospoliticosveracruz.com.mx\/index.php?rest_route=\/wp\/v2\/media\/141432"}],"wp:attachment":[{"href":"https:\/\/lospoliticosveracruz.com.mx\/index.php?rest_route=%2Fwp%2Fv2%2Fmedia&parent=150114"}],"wp:term":[{"taxonomy":"category","embeddable":true,"href":"https:\/\/lospoliticosveracruz.com.mx\/index.php?rest_route=%2Fwp%2Fv2%2Fcategories&post=150114"},{"taxonomy":"post_tag","embeddable":true,"href":"https:\/\/lospoliticosveracruz.com.mx\/index.php?rest_route=%2Fwp%2Fv2%2Ftags&post=150114"}],"curies":[{"name":"wp","href":"https:\/\/api.w.org\/{rel}","templated":true}]}}