{"id":150121,"date":"2025-08-06T14:12:23","date_gmt":"2025-08-06T19:12:23","guid":{"rendered":"https:\/\/lospoliticosveracruz.com.mx\/?p=150121"},"modified":"2025-08-06T14:12:41","modified_gmt":"2025-08-06T19:12:41","slug":"a-cerrar-filas","status":"publish","type":"post","link":"https:\/\/lospoliticosveracruz.com.mx\/?p=150121","title":{"rendered":"\u00a1A CERRAR FILAS!"},"content":{"rendered":"\n\n\n<p><strong>Alejandro \u00c1vila<\/strong><br><em>Veracruz<\/em><\/p>\n\n\n\n<p><strong>Veracruz<\/strong> y la gobernadora, <strong>Roc\u00edo Nahle Garc\u00eda<\/strong>, necesitan m\u00e1s que nunca que todos <strong>cerremos filas<\/strong> y sumemos en favor del bienestar de nuestros paisanos, se\u00f1al\u00f3 el <strong>diputado federal del Partido Verde<\/strong> <strong>Javier Herrera Borunda<\/strong>.<\/p>\n\n\n\n<p>Si bien <strong>Veracruz<\/strong> ha sido v\u00edctima de los embates de la <strong>delincuencia organizada<\/strong> durante los \u00faltimos 15 d\u00edas, el respaldo y apoyo del <strong>Gobierno Federal<\/strong> es m\u00e1s que evidente, ya que se ha autorizado el <strong>despliegue de m\u00e1s de 500 elementos<\/strong> de la <strong>Guardia Nacional<\/strong>, <strong>Secretar\u00eda de Marina<\/strong> y <strong>SEDENA<\/strong>, para la zona sur y norte del Estado.<\/p>\n\n\n\n<blockquote class=\"wp-block-quote is-layout-flow wp-block-quote-is-layout-flow\">\n<p>\u201cTe puedo asegurar que la inmensa mayor\u00eda de los veracruzanos confiamos plenamente en su liderazgo, en su visi\u00f3n de gobierno y en la estrategia que ha trazado para transformar Veracruz. Es momento de cerrar filas, de dejar atr\u00e1s divisiones est\u00e9riles y de apostar con decisi\u00f3n por el bienestar de nuestro estado. La estrategia va funcionar porque tenemos una gran l\u00edder en la Gobernadora. Muchos aprovechan sucesos lamentables para hacer escarnio y sacar raja pol\u00edtica. Yo les recomiendo mejor ponerse a trabajar y dar lo mejor de s\u00ed desde la trinchera que les toca\u00bb, expres\u00f3 <strong>Javier Herrera<\/strong> en entrevista en <strong>San L\u00e1zaro<\/strong>.<\/p>\n<\/blockquote>\n\n\n\n<p>Se debe puntualizar que, seg\u00fan los datos del <strong>Secretariado Ejecutivo del Sistema Nacional de Seguridad P\u00fablica (SESNSP)<\/strong>, en los primeros siete meses de gesti\u00f3n de <strong>Roc\u00edo Nahle<\/strong>, se redujo en un <strong>50% los homicidios dolosos en Veracruz<\/strong>, en comparaci\u00f3n con los primeros siete meses de administraci\u00f3n de su antecesor, <strong>Cuitl\u00e1huac Garc\u00eda Jim\u00e9nez<\/strong>, quien registr\u00f3 <strong>879 carpetas de investigaci\u00f3n<\/strong>.<\/p>\n\n\n\n<blockquote class=\"wp-block-quote is-layout-flow wp-block-quote-is-layout-flow\">\n<p>\u201cLa ciudadan\u00eda sabe distinguir y por eso en su momento <strong>Roc\u00edo Nahle<\/strong> arras\u00f3 su elecci\u00f3n, recordemos que el ruido medi\u00e1tico era similar y la ciudadan\u00eda apost\u00f3 por su liderazgo. Hoy desde nuestra trinchera <strong>el Verde<\/strong> apoya y apuesta por la grandeza de <strong>Veracruz<\/strong>. <strong>Cerremos filas<\/strong> y vamos al siguiente piso de la transformaci\u00f3n. A <strong>Veracruz<\/strong> le tiene que ir bien, y para lograrlo, todos debemos sumar\u00bb, sentenci\u00f3.<\/p>\n<\/blockquote>\n","protected":false},"excerpt":{"rendered":"<p>Alejandro \u00c1vilaVeracruz Veracruz y la gobernadora, Roc\u00edo Nahle Garc\u00eda, necesitan m\u00e1s que nunca que todos cerremos filas y sumemos en favor del bienestar de nuestros paisanos, se\u00f1al\u00f3 el diputado federal del Partido Verde Javier Herrera Borunda. Si bien Veracruz ha sido v\u00edctima de los embates de la delincuencia organizada durante los \u00faltimos 15 d\u00edas, el [&hellip;]<\/p>\n","protected":false},"author":2,"featured_media":150122,"comment_status":"closed","ping_status":"closed","sticky":false,"template":"","format":"standard","meta":{"_jetpack_newsletter_access":"","_jetpack_dont_email_post_to_subs":false,"_jetpack_newsletter_tier_id":0,"_jetpack_memberships_contains_paywalled_content":false,"_jetpack_memberships_contains_paid_content":false,"footnotes":""},"categories":[6446],"tags":[44896,44897,1124,44353,44898],"class_list":["post-150121","post","type-post","status-publish","format-standard","has-post-thumbnail","hentry","category-la-nota","tag-guardia-nacional-veracruz","tag-homicidios-dolosos-veracruz","tag-javier-herrera-borunda","tag-rocio-nahle-veracruz","tag-transformacion-en-veracruz"],"jetpack_featured_media_url":"https:\/\/lospoliticosveracruz.com.mx\/wp-content\/uploads\/2025\/08\/WhatsApp-Image-2025-08-06-at-13.08.09.jpeg","jetpack_sharing_enabled":true,"jetpack_shortlink":"https:\/\/wp.me\/p4Qcd3-D3j","_links":{"self":[{"href":"https:\/\/lospoliticosveracruz.com.mx\/index.php?rest_route=\/wp\/v2\/posts\/150121","targetHints":{"allow":["GET"]}}],"collection":[{"href":"https:\/\/lospoliticosveracruz.com.mx\/index.php?rest_route=\/wp\/v2\/posts"}],"about":[{"href":"https:\/\/lospoliticosveracruz.com.mx\/index.php?rest_route=\/wp\/v2\/types\/post"}],"author":[{"embeddable":true,"href":"https:\/\/lospoliticosveracruz.com.mx\/index.php?rest_route=\/wp\/v2\/users\/2"}],"replies":[{"embeddable":true,"href":"https:\/\/lospoliticosveracruz.com.mx\/index.php?rest_route=%2Fwp%2Fv2%2Fcomments&post=150121"}],"version-history":[{"count":1,"href":"https:\/\/lospoliticosveracruz.com.mx\/index.php?rest_route=\/wp\/v2\/posts\/150121\/revisions"}],"predecessor-version":[{"id":150123,"href":"https:\/\/lospoliticosveracruz.com.mx\/index.php?rest_route=\/wp\/v2\/posts\/150121\/revisions\/150123"}],"wp:featuredmedia":[{"embeddable":true,"href":"https:\/\/lospoliticosveracruz.com.mx\/index.php?rest_route=\/wp\/v2\/media\/150122"}],"wp:attachment":[{"href":"https:\/\/lospoliticosveracruz.com.mx\/index.php?rest_route=%2Fwp%2Fv2%2Fmedia&parent=150121"}],"wp:term":[{"taxonomy":"category","embeddable":true,"href":"https:\/\/lospoliticosveracruz.com.mx\/index.php?rest_route=%2Fwp%2Fv2%2Fcategories&post=150121"},{"taxonomy":"post_tag","embeddable":true,"href":"https:\/\/lospoliticosveracruz.com.mx\/index.php?rest_route=%2Fwp%2Fv2%2Ftags&post=150121"}],"curies":[{"name":"wp","href":"https:\/\/api.w.org\/{rel}","templated":true}]}}