{"id":150160,"date":"2025-08-06T21:30:19","date_gmt":"2025-08-07T02:30:19","guid":{"rendered":"https:\/\/lospoliticosveracruz.com.mx\/?p=150160"},"modified":"2025-08-06T21:40:39","modified_gmt":"2025-08-07T02:40:39","slug":"ahi-te-hablan-fofo","status":"publish","type":"post","link":"https:\/\/lospoliticosveracruz.com.mx\/?p=150160","title":{"rendered":"AH\u00cd TE HABLAN, FOFO!"},"content":{"rendered":"\n\n\n<p>Para favorecer el combate al <strong>sobrepeso<\/strong> y la <strong>obesidad<\/strong>, principalmente en <strong>ni\u00f1as, ni\u00f1os y adolescentes<\/strong>, la legisladora <strong>Ana Rosa Vald\u00e9s Salazar<\/strong> present\u00f3 ante la <strong>Diputaci\u00f3n Permanente<\/strong> una <strong>Iniciativa<\/strong> para actualizar las leyes estatales de <strong>Educaci\u00f3n<\/strong>, <strong>Salud<\/strong> y <strong>Org\u00e1nica del Municipio Libre<\/strong> a fin de incorporar <strong>planes y programas<\/strong> que abonen a disminuir esta condici\u00f3n.<\/p>\n\n\n\n<p>Al hacer uso de la <strong>tribuna<\/strong>, la legisladora dijo que en el nivel nacional <strong>Veracruz<\/strong> ocupa los primeros lugares en <strong>diabetes<\/strong> con un aumento en los casos del <strong>tipo 2<\/strong>, relacionada con la <strong>obesidad<\/strong> y otros factores, seg\u00fan datos de la <strong>Federaci\u00f3n Mexicana de Diabetes, A. C.<\/strong><\/p>\n\n\n\n<p>\u201cEnterarnos de esta informaci\u00f3n debe preocuparnos como veracruzanos para adoptar <strong>medidas preventivas<\/strong> y establecer programas de <strong>promoci\u00f3n de la salud<\/strong>, a fin de combatir la <strong>obesidad<\/strong> y sus consecuencias\u201d, expres\u00f3 la legisladora.<\/p>\n\n\n\n<p>La <strong>iniciativa<\/strong> propone que se establezca en la <strong>Ley de Educaci\u00f3n del estado<\/strong> que en <strong>escuelas de educaci\u00f3n b\u00e1sica y de media superior<\/strong> se implementen <strong>programas de educaci\u00f3n sobre salud y nutrici\u00f3n<\/strong> y adopci\u00f3n de <strong>h\u00e1bitos alimenticios saludables<\/strong> para evitar <strong>factores de riesgo<\/strong> como el <strong>sobrepeso<\/strong> y la <strong>obesidad<\/strong>.<\/p>\n\n\n\n<p>Asimismo, en la <strong>Ley de Salud de Veracruz<\/strong>, la atribuci\u00f3n del gobierno para la <strong>orientaci\u00f3n y vigilancia en materia de nutrici\u00f3n<\/strong>, mediante el <strong>fomento de h\u00e1bitos alimenticios saludables<\/strong>.<\/p>\n\n\n\n<p>Respecto a la <strong>Ley Org\u00e1nica del Municipio Libre<\/strong>, la iniciativa prev\u00e9 que los <strong>ayuntamientos<\/strong> tambi\u00e9n realicen <strong>estudios y programas de investigaci\u00f3n<\/strong>, <strong>capacitaci\u00f3n en materia de salud<\/strong>, especialmente orientados a la <strong>prevenci\u00f3n de factores de riesgo<\/strong>, la <strong>promoci\u00f3n de la adopci\u00f3n de h\u00e1bitos alimenticios saludables<\/strong>, el <strong>fomento de actividades f\u00edsicas y deportivas<\/strong>, adem\u00e1s de colaborar con las autoridades competentes en <strong>campa\u00f1as contra sobrepeso y obesidad<\/strong>.<\/p>\n\n\n\n<p>Para su estudio y an\u00e1lisis, la <strong>iniciativa<\/strong> fue turnada a las <strong>Comisiones Permanentes Unidas de Salud y Asistencia, de Educaci\u00f3n y Cultura y de Gobernaci\u00f3n<\/strong>.<\/p>\n","protected":false},"excerpt":{"rendered":"<p>Para favorecer el combate al sobrepeso y la obesidad, principalmente en ni\u00f1as, ni\u00f1os y adolescentes, la legisladora Ana Rosa Vald\u00e9s Salazar present\u00f3 ante la Diputaci\u00f3n Permanente una Iniciativa para actualizar las leyes estatales de Educaci\u00f3n, Salud y Org\u00e1nica del Municipio Libre a fin de incorporar planes y programas que abonen a disminuir esta condici\u00f3n. Al [&hellip;]<\/p>\n","protected":false},"author":2,"featured_media":150161,"comment_status":"closed","ping_status":"closed","sticky":false,"template":"","format":"standard","meta":{"_jetpack_newsletter_access":"","_jetpack_dont_email_post_to_subs":false,"_jetpack_newsletter_tier_id":0,"_jetpack_memberships_contains_paywalled_content":false,"_jetpack_memberships_contains_paid_content":false,"footnotes":""},"categories":[43718],"tags":[4919,44939,44941,44940],"class_list":["post-150160","post","type-post","status-publish","format-standard","has-post-thumbnail","hentry","category-elpalaciodeencanto","tag-ana-rosa-valdes-salazar","tag-iniciativa-contra-obesidad","tag-ley-de-educacion-veracruz","tag-sobrepeso-infantil-veracruz"],"jetpack_featured_media_url":"https:\/\/lospoliticosveracruz.com.mx\/wp-content\/uploads\/2025\/08\/WhatsApp-Image-2025-08-06-at-20.26.05.jpeg","jetpack_sharing_enabled":true,"jetpack_shortlink":"https:\/\/wp.me\/p4Qcd3-D3W","_links":{"self":[{"href":"https:\/\/lospoliticosveracruz.com.mx\/index.php?rest_route=\/wp\/v2\/posts\/150160","targetHints":{"allow":["GET"]}}],"collection":[{"href":"https:\/\/lospoliticosveracruz.com.mx\/index.php?rest_route=\/wp\/v2\/posts"}],"about":[{"href":"https:\/\/lospoliticosveracruz.com.mx\/index.php?rest_route=\/wp\/v2\/types\/post"}],"author":[{"embeddable":true,"href":"https:\/\/lospoliticosveracruz.com.mx\/index.php?rest_route=\/wp\/v2\/users\/2"}],"replies":[{"embeddable":true,"href":"https:\/\/lospoliticosveracruz.com.mx\/index.php?rest_route=%2Fwp%2Fv2%2Fcomments&post=150160"}],"version-history":[{"count":1,"href":"https:\/\/lospoliticosveracruz.com.mx\/index.php?rest_route=\/wp\/v2\/posts\/150160\/revisions"}],"predecessor-version":[{"id":150162,"href":"https:\/\/lospoliticosveracruz.com.mx\/index.php?rest_route=\/wp\/v2\/posts\/150160\/revisions\/150162"}],"wp:featuredmedia":[{"embeddable":true,"href":"https:\/\/lospoliticosveracruz.com.mx\/index.php?rest_route=\/wp\/v2\/media\/150161"}],"wp:attachment":[{"href":"https:\/\/lospoliticosveracruz.com.mx\/index.php?rest_route=%2Fwp%2Fv2%2Fmedia&parent=150160"}],"wp:term":[{"taxonomy":"category","embeddable":true,"href":"https:\/\/lospoliticosveracruz.com.mx\/index.php?rest_route=%2Fwp%2Fv2%2Fcategories&post=150160"},{"taxonomy":"post_tag","embeddable":true,"href":"https:\/\/lospoliticosveracruz.com.mx\/index.php?rest_route=%2Fwp%2Fv2%2Ftags&post=150160"}],"curies":[{"name":"wp","href":"https:\/\/api.w.org\/{rel}","templated":true}]}}