{"id":150164,"date":"2025-08-06T21:37:01","date_gmt":"2025-08-07T02:37:01","guid":{"rendered":"https:\/\/lospoliticosveracruz.com.mx\/?p=150164"},"modified":"2025-08-06T21:37:14","modified_gmt":"2025-08-07T02:37:14","slug":"renuncias-voluntarias-politicamente-forzosas","status":"publish","type":"post","link":"https:\/\/lospoliticosveracruz.com.mx\/?p=150164","title":{"rendered":"RENUNCIAS VOLUNTARIAS, POL\u00cdTICAMENTE FORZOSAS"},"content":{"rendered":"\n\n\n<p><strong>Jos\u00e9 Luis Enr\u00edquez Ambell<br><\/strong><em>Caf\u00e9 de Ma\u00f1ana<\/em><\/p>\n\n\n\n<p>En el ambiente de la <strong>pol\u00edtica tropical y jarocha<\/strong>, el acto de <strong>renunciar<\/strong> o la figura relativa al <strong>renunciamiento<\/strong> \u2014e incluso <strong>licencias<\/strong> en algunos casos\u2014 a veces est\u00e1n lejos de suponer alg\u00fan sacrificio, pues en ocasiones alientan el camino a una mejor perspectiva de trabajo.<\/p>\n\n\n\n<p>Ahora bien, visiblemente o no, resulta de alguna manera muy claro para quien toma la decisi\u00f3n y para quien recibe la renuncia o licencia, suponer una <strong>negociaci\u00f3n<\/strong> entre el que sale y quien la acepta, en su condici\u00f3n de superior pol\u00edticamente.<\/p>\n\n\n\n<p>En este momento, y no habiendo un proceso electoral en puerta, y estando a menos de un a\u00f1o de arribar al primer a\u00f1o de los <strong>poderes Legislativo y Ejecutivo en Veracruz<\/strong>, se oyen voces en el ambiente que mencionan posibles <strong>renuncias<\/strong> y <strong>licencias<\/strong> de algunos personajes \u2014<strong>mujeres y hombres<\/strong>\u2014, pero tambi\u00e9n <strong>acomodos y reacomodos<\/strong> que estar\u00edan en camino para fortalecer la <strong>operatividad de las instituciones<\/strong> en favor de <strong>Veracruz<\/strong>.<\/p>\n\n\n\n<p>Los actuales <strong>servidores p\u00fablicos<\/strong> en diversos pisos del quehacer oficial deber\u00e1n tener muy claro que el estilo del anterior gobernador no se parece en nada al de la <strong>ingeniera Roc\u00edo Nahle<\/strong>. Y es que la <strong>gobernadora<\/strong> no requiere de nadie para avisar posibles movimientos en el tablero del ajedrez oficial en Veracruz.<\/p>\n\n\n\n<p>La legislaci\u00f3n y normatividad vigentes en la administraci\u00f3n p\u00fablica se\u00f1alan que <strong>\u201clas renuncias deben ser libres, espont\u00e1neas, inequ\u00edvocas y constar por escrito\u201d<\/strong> para separarse en definitiva del servicio donde se trabaje, y no por simples <strong>empujamientos<\/strong> y <strong>pleitos pol\u00edticos<\/strong> entre funcionarios.<\/p>\n\n\n\n<p>Incluso, la <strong>Ley Federal del Trabajo (LFT)<\/strong> no menciona \u201cla renuncia voluntaria de forma verbal\u201d; eso no significa que no tenga car\u00e1cter jur\u00eddico, sobre todo si el contexto en el que se expresa la renuncia pone en peligro la vida del trabajador. No obstante, en la mayor\u00eda de los casos es recomendable presentarla por escrito, y hasta ahora no se sabe nada en ese sentido.<\/p>\n\n\n\n<p>Este tipo de <strong>\u201crenuncia voluntaria\u201d<\/strong> es uno de los derechos que corresponde a todo trabajador, de acuerdo con la <strong>LFT<\/strong>. Y todo ello dado que nuestra <strong>Constituci\u00f3n<\/strong> garantiza el derecho de las personas para dedicarse libremente al trabajo o actividad econ\u00f3mica que desee, siempre y cuando sea l\u00edcito; as\u00ed como firmar un <strong>contrato laboral<\/strong> en cualquier momento y dar por terminada dicha relaci\u00f3n cuando as\u00ed lo considere, ya sea por motivos personales o profesionales. Aunque sabemos que puede haber otras razones \u2014al menos en el medio pol\u00edtico\u2014, no dejan de ser susceptibles de caer en el terreno jur\u00eddico si se genera alguna controversia.<\/p>\n\n\n\n<h3 class=\"wp-block-heading\"><strong>DE SOBREMESA<\/strong><\/h3>\n\n\n\n<p>En el oficio de la pol\u00edtica y en el quehacer de las instituciones p\u00fablicas, se entiende que se trabaja estando al <strong>servicio de la poblaci\u00f3n<\/strong>, lo que obliga a diario y en cada momento a tener que ganarse lo m\u00e1s preciado: la <strong>confianza ciudadana<\/strong>.<\/p>\n\n\n\n<p>Y esto significa que conlleva tener que explicar, a quienes depositan su confianza en el pol\u00edtico y servidores p\u00fablicos, razones que logren convencer en caso de <strong>renuncias, licencias, remociones o promociones<\/strong>. De lo contrario, se corre el riesgo de caer en el <strong>desencanto<\/strong> y la <strong>derrota social<\/strong>, y esto duele en algunos, pero tambi\u00e9n causa temor en otros para presentar una renuncia.<\/p>\n\n\n\n<h3 class=\"wp-block-heading\"><strong>UN CAF\u00c9 LECHERO LIGHT<\/strong><\/h3>\n\n\n\n<p>As\u00ed que quien o quienes decidan <strong>renunciar<\/strong> deber\u00e1n evaluar no da\u00f1ar la <strong>confianza de los votantes<\/strong>, en caso de legisladores, pues toda la militancia, aliados y simpatizantes esperan no ser enga\u00f1ados.<\/p>\n\n\n\n<p>Y aqu\u00ed cabe esperar que los <strong>diputad@s<\/strong> que solicitaron <strong>licencia<\/strong>, contendieron por las <strong>alcald\u00edas<\/strong> y ganaron, regresen al <strong>Congreso<\/strong> esperando desde sus <strong>curules<\/strong> \u2014aportando poco o nada\u2014 que llegue el fin de a\u00f1o para irse a los <strong>palacios municipales<\/strong> de sus localidades. Creo que sus paisanos estar\u00edan m\u00e1s gustosos de tenerlos ya trabajando en la <strong>construcci\u00f3n y resoluci\u00f3n de las demandas<\/strong> en sus territorios directamente.<\/p>\n\n\n\n<h3 class=\"wp-block-heading\"><strong>UN CAF\u00c9 CON PILONCILLO<\/strong><\/h3>\n\n\n\n<p>En el <strong>oficio pol\u00edtico<\/strong>, las renuncias no tienen un plazo; m\u00e1s bien est\u00e1n ligadas a un <strong>proyecto<\/strong> por empezar o relanzar, pero tambi\u00e9n a la <strong>conclusi\u00f3n de per\u00edodos<\/strong>, <strong>tiempos<\/strong> y a las <strong>circunstancias<\/strong> que se suelen presentar como parte de los vaivenes de la actividad p\u00fablica. Y es una historia de nunca acabar. As\u00ed es el juego de la pol\u00edtica, de <strong>serpientes y escaleras<\/strong>.<\/p>\n\n\n\n<h3 class=\"wp-block-heading\"><strong>UN CAF\u00c9 CON CANELA Y PANELA<\/strong><\/h3>\n\n\n\n<p>Y por mientras <strong>renuncian voluntariamente o forzadamente<\/strong>, \u201clas <strong>intrigas, los rumores y otras formas de empujamiento<\/strong> podr\u00edan seguir m\u00e1s que presentes\u201d.<\/p>\n\n\n\n<p><strong>\u00a1ES CUANTO!<\/strong><br><strong><a>enriquezambell@gmail.com<\/a><\/strong><br><strong><a>enamjl62@gmail.com<\/a><\/strong><\/p>\n","protected":false},"excerpt":{"rendered":"<p>Jos\u00e9 Luis Enr\u00edquez AmbellCaf\u00e9 de Ma\u00f1ana En el ambiente de la pol\u00edtica tropical y jarocha, el acto de renunciar o la figura relativa al renunciamiento \u2014e incluso licencias en algunos casos\u2014 a veces est\u00e1n lejos de suponer alg\u00fan sacrificio, pues en ocasiones alientan el camino a una mejor perspectiva de trabajo. Ahora bien, visiblemente o [&hellip;]<\/p>\n","protected":false},"author":2,"featured_media":141435,"comment_status":"closed","ping_status":"closed","sticky":false,"template":"","format":"standard","meta":{"_jetpack_newsletter_access":"","_jetpack_dont_email_post_to_subs":false,"_jetpack_newsletter_tier_id":0,"_jetpack_memberships_contains_paywalled_content":false,"_jetpack_memberships_contains_paid_content":false,"footnotes":""},"categories":[70],"tags":[44944,44946,44943,44641,44945],"class_list":["post-150164","post","type-post","status-publish","format-standard","has-post-thumbnail","hentry","category-de-opinion","tag-licencias-funcionarios-publicos","tag-renuncia-voluntaria-politica","tag-renuncias-politicas-veracruz","tag-rocio-nahle-gobernadora","tag-servidores-publicos-veracruz"],"jetpack_featured_media_url":"https:\/\/lospoliticosveracruz.com.mx\/wp-content\/uploads\/2025\/04\/Ambell.jpg","jetpack_sharing_enabled":true,"jetpack_shortlink":"https:\/\/wp.me\/p4Qcd3-D40","_links":{"self":[{"href":"https:\/\/lospoliticosveracruz.com.mx\/index.php?rest_route=\/wp\/v2\/posts\/150164","targetHints":{"allow":["GET"]}}],"collection":[{"href":"https:\/\/lospoliticosveracruz.com.mx\/index.php?rest_route=\/wp\/v2\/posts"}],"about":[{"href":"https:\/\/lospoliticosveracruz.com.mx\/index.php?rest_route=\/wp\/v2\/types\/post"}],"author":[{"embeddable":true,"href":"https:\/\/lospoliticosveracruz.com.mx\/index.php?rest_route=\/wp\/v2\/users\/2"}],"replies":[{"embeddable":true,"href":"https:\/\/lospoliticosveracruz.com.mx\/index.php?rest_route=%2Fwp%2Fv2%2Fcomments&post=150164"}],"version-history":[{"count":1,"href":"https:\/\/lospoliticosveracruz.com.mx\/index.php?rest_route=\/wp\/v2\/posts\/150164\/revisions"}],"predecessor-version":[{"id":150165,"href":"https:\/\/lospoliticosveracruz.com.mx\/index.php?rest_route=\/wp\/v2\/posts\/150164\/revisions\/150165"}],"wp:featuredmedia":[{"embeddable":true,"href":"https:\/\/lospoliticosveracruz.com.mx\/index.php?rest_route=\/wp\/v2\/media\/141435"}],"wp:attachment":[{"href":"https:\/\/lospoliticosveracruz.com.mx\/index.php?rest_route=%2Fwp%2Fv2%2Fmedia&parent=150164"}],"wp:term":[{"taxonomy":"category","embeddable":true,"href":"https:\/\/lospoliticosveracruz.com.mx\/index.php?rest_route=%2Fwp%2Fv2%2Fcategories&post=150164"},{"taxonomy":"post_tag","embeddable":true,"href":"https:\/\/lospoliticosveracruz.com.mx\/index.php?rest_route=%2Fwp%2Fv2%2Ftags&post=150164"}],"curies":[{"name":"wp","href":"https:\/\/api.w.org\/{rel}","templated":true}]}}