{"id":150166,"date":"2025-08-06T21:52:25","date_gmt":"2025-08-07T02:52:25","guid":{"rendered":"https:\/\/lospoliticosveracruz.com.mx\/?p=150166"},"modified":"2025-08-06T23:36:32","modified_gmt":"2025-08-07T04:36:32","slug":"nueva-reforma-electoral-para-que","status":"publish","type":"post","link":"https:\/\/lospoliticosveracruz.com.mx\/?p=150166","title":{"rendered":"NUEVA REFORMA ELECTORAL, PARA QU\u00c9?"},"content":{"rendered":"\n\n\n<p><br><strong>Carlos Miguel Acosta Bravo*<\/strong><\/p>\n\n\n\n<p>&nbsp;<em>Impronta<\/em><\/p>\n\n\n\n<p>La <strong>iniciativa de Reforma Electoral<\/strong> propuesta por la presidenta <strong>Claudia Sheinbaum<\/strong> marca un nuevo intento por transformar el <strong>sistema pol\u00edtico mexicano<\/strong>, con \u00e9nfasis en la <strong>reducci\u00f3n de costos<\/strong>, <strong>mayor participaci\u00f3n ciudadana<\/strong> y ajuste de la <strong>representaci\u00f3n parlamentaria<\/strong>.<\/p>\n\n\n\n<p>Las caracter\u00edsticas principales de la iniciativa son la <strong>reducci\u00f3n del financiamiento a partidos pol\u00edticos<\/strong>. Se busca disminuir de manera significativa los recursos p\u00fablicos asignados a los partidos, respondiendo a un reiterado reclamo social de <strong>austeridad<\/strong> y <strong>transparencia<\/strong>.<\/p>\n\n\n\n<p><strong>Eliminaci\u00f3n o reducci\u00f3n de diputaciones y senadur\u00edas plurinominales<\/strong>: La iniciativa planea reducir el n\u00famero de legisladores que llegan por listas (<strong>plurinominales<\/strong>), favoreciendo la <strong>representaci\u00f3n directa<\/strong> y mayor <strong>proximidad con el electorado<\/strong>.<\/p>\n\n\n\n<p><strong>Reestructuraci\u00f3n del INE<\/strong>. Aunque se reconoce la importancia de mantener la <strong>autonom\u00eda del Instituto Nacional Electoral<\/strong>, se plantea disminuir su <strong>presupuesto<\/strong> y revisar sus funciones para hacer el proceso electoral m\u00e1s eficiente.<\/p>\n\n\n\n<p><strong>Participaci\u00f3n ciudadana<\/strong>. La presidenta anunci\u00f3 que la reforma no solo ser\u00e1 impulsada por especialistas o partidos pol\u00edticos, sino que se acompa\u00f1ar\u00e1 de una <strong>encuesta nacional<\/strong> con empresas encuestadoras reconocidas para conocer la <strong>opini\u00f3n de la ciudadan\u00eda<\/strong> sobre los puntos centrales de la propuesta.<\/p>\n\n\n\n<p><strong>Diagn\u00f3stico y an\u00e1lisis sist\u00e9mico<\/strong>. La Comisi\u00f3n elaborar\u00e1 un diagn\u00f3stico integral del <strong>sistema electoral mexicano<\/strong>, identificando \u00e1reas de oportunidad en <strong>representaci\u00f3n popular<\/strong>, <strong>financiamiento<\/strong> y <strong>mecanismos de democracia directa<\/strong> para proponer los cambios necesarios.<\/p>\n\n\n\n<p>Los <strong>antecedentes de la iniciativa<\/strong> retoman proyectos impulsados por el expresidente <strong>Andr\u00e9s Manuel L\u00f3pez Obrador (AMLO)<\/strong>, que no prosperaron por falta de mayor\u00eda calificada en el <strong>Congreso<\/strong>. En el pasado, la <strong>oposici\u00f3n<\/strong> fren\u00f3 propuestas similares de reducir los <strong>plurinominales<\/strong> y fondos partidistas, y la <strong>Suprema Corte<\/strong> invalid\u00f3 m\u00faltiples \u201c<strong>planes B<\/strong>\u201d por <strong>vicios procedimentales<\/strong>, abriendo la puerta para una versi\u00f3n remozada bajo la actual administraci\u00f3n.<\/p>\n\n\n\n<p>En esta ocasi\u00f3n, <strong>Morena y sus aliados<\/strong> cuentan con mayor\u00eda suficiente para intentar avanzar en reformas constitucionales, lo que podr\u00eda viabilizar propuestas antes bloqueadas.<\/p>\n\n\n\n<p>Los integrantes de la <strong>Comisi\u00f3n para la Reforma Electoral<\/strong> son seg\u00fan el <strong>decreto presidencial publicado el 4 de agosto de 2025<\/strong>, fecha en la cual se oficializ\u00f3 la creaci\u00f3n de la <strong>Comisi\u00f3n Presidencial para la Reforma Electoral<\/strong>. Est\u00e1 conformada por <strong>siete altos funcionarios del gabinete federal<\/strong>, bajo la presidencia de <strong>Pablo G\u00f3mez \u00c1lvarez<\/strong> (<strong>ex titular de la Unidad de Inteligencia Financiera<\/strong> y exlegislador con amplia experiencia), quien se desempe\u00f1ar\u00e1 como <strong>Presidente ejecutivo de la Comisi\u00f3n<\/strong>, con amplia trayectoria en reformas pol\u00edtico-electorales y experiencia legislativa; <strong>Rosa Icela Rodr\u00edguez<\/strong>, <strong>Secretaria de Gobernaci\u00f3n<\/strong>, fundamental para el di\u00e1logo pol\u00edtico y la articulaci\u00f3n institucional; <strong>Jos\u00e9 Antonio Pe\u00f1a Merino<\/strong>, <strong>Titular de la Agencia de Transformaci\u00f3n Digital y Telecomunicaciones<\/strong>, aportando experiencia en gobierno digital y mecanismos de consulta; <strong>Ernestina Godoy Ramos<\/strong>, <strong>Consejera jur\u00eddica de la Presidencia<\/strong>, experta en derecho constitucional; <strong>L\u00e1zaro C\u00e1rdenas Batel<\/strong>: <strong>Jefe de la Oficina de la Presidencia<\/strong>, con experiencia legislativa y ejecutiva; <strong>Arturo Zald\u00edvar Lelo de Larrea<\/strong>: <strong>Coordinador General de Pol\u00edtica y Gobierno<\/strong>, <strong>ex presidente de la Suprema Corte<\/strong> y experto en garant\u00edas constitucionales; <strong>Jes\u00fas Ram\u00edrez Cuevas<\/strong>, <strong>Jefe de asesores de la Presidencia<\/strong>, encargado de la estrategia de comunicaci\u00f3n pol\u00edtico-social. La Comisi\u00f3n puede invitar a representantes de <strong>instituciones p\u00fablicas y privadas<\/strong>, <strong>academia<\/strong>, <strong>organismos aut\u00f3nomos<\/strong> y <strong>sociedad civil<\/strong>, quienes tendr\u00e1n voz, pero no voto.<br><strong>Metodolog\u00eda y Etapas<\/strong><br>Habr\u00e1 <strong>foros de discusi\u00f3n<\/strong>, <strong>consultas ciudadanas<\/strong> y <strong>trabajo conjunto con legisladores, especialistas, academia y sociedad civil<\/strong> para recabar propuestas y consensos antes de elaborar la iniciativa formal que se presentar\u00e1 al Congreso para su discusi\u00f3n.<\/p>\n\n\n\n<p>En s\u00edntesis, la iniciativa busca reconfigurar el sistema electoral con <strong>austeridad<\/strong> y <strong>participaci\u00f3n social<\/strong>, guiada por una <strong>Comisi\u00f3n plural<\/strong>, experta y de alto nivel, y con un proceso <strong>abierto a la opini\u00f3n ciudadana<\/strong>.<\/p>\n\n\n\n<p>Sin embargo, falta ver la inclusi\u00f3n de otros <strong>actores e intelectuales expertos en materia electoral<\/strong>, y ser\u00e1 de vital importancia que la <strong>consulta a la sociedad mexicana<\/strong> sea real y se tome en cuenta su participaci\u00f3n y opini\u00f3n, y sea lo contrario a lo desarrollado durante la <strong>reciente reforma al poder judicial<\/strong>, en donde simplemente se ignoraron <strong>voces cr\u00edticas<\/strong> y solo se escucharon y alentaron los intereses del <strong>partido oficial<\/strong>.<\/p>\n\n\n\n<p>\ud83d\udcec <strong>Comente u opine a:<\/strong><br><strong><a>cacostabravo@yahoo.com.mx<\/a><\/strong><\/p>\n\n\n\n<p> <em>Maestro en comunicaci\u00f3n egresado de la <strong>Universidad Iberoamericana<\/strong>, de la cual form\u00f3 parte del cuerpo acad\u00e9mico de la Licenciatura en Comunicaci\u00f3n, as\u00ed como de la <strong>Universidad An\u00e1huac<\/strong>, campus norte de <strong>CDMX<\/strong>.<\/em><\/p>\n","protected":false},"excerpt":{"rendered":"<p>Carlos Miguel Acosta Bravo* &nbsp;Impronta La iniciativa de Reforma Electoral propuesta por la presidenta Claudia Sheinbaum marca un nuevo intento por transformar el sistema pol\u00edtico mexicano, con \u00e9nfasis en la reducci\u00f3n de costos, mayor participaci\u00f3n ciudadana y ajuste de la representaci\u00f3n parlamentaria. Las caracter\u00edsticas principales de la iniciativa son la reducci\u00f3n del financiamiento a partidos [&hellip;]<\/p>\n","protected":false},"author":2,"featured_media":141377,"comment_status":"closed","ping_status":"closed","sticky":false,"template":"","format":"standard","meta":{"_jetpack_newsletter_access":"","_jetpack_dont_email_post_to_subs":false,"_jetpack_newsletter_tier_id":0,"_jetpack_memberships_contains_paywalled_content":false,"_jetpack_memberships_contains_paid_content":false,"footnotes":""},"categories":[70],"tags":[44956,44959,44958,44955,44957],"class_list":["post-150166","post","type-post","status-publish","format-standard","has-post-thumbnail","hentry","category-de-opinion","tag-claudia-sheinbaum-iniciativa-electoral","tag-comision-reforma-electoral","tag-ine-presupuesto","tag-plurinominales-mexico","tag-reforma-electoral-2025"],"jetpack_featured_media_url":"https:\/\/lospoliticosveracruz.com.mx\/wp-content\/uploads\/2025\/04\/Carlos-Miguel-Acosta-Bravo.jpg","jetpack_sharing_enabled":true,"jetpack_shortlink":"https:\/\/wp.me\/p4Qcd3-D42","_links":{"self":[{"href":"https:\/\/lospoliticosveracruz.com.mx\/index.php?rest_route=\/wp\/v2\/posts\/150166","targetHints":{"allow":["GET"]}}],"collection":[{"href":"https:\/\/lospoliticosveracruz.com.mx\/index.php?rest_route=\/wp\/v2\/posts"}],"about":[{"href":"https:\/\/lospoliticosveracruz.com.mx\/index.php?rest_route=\/wp\/v2\/types\/post"}],"author":[{"embeddable":true,"href":"https:\/\/lospoliticosveracruz.com.mx\/index.php?rest_route=\/wp\/v2\/users\/2"}],"replies":[{"embeddable":true,"href":"https:\/\/lospoliticosveracruz.com.mx\/index.php?rest_route=%2Fwp%2Fv2%2Fcomments&post=150166"}],"version-history":[{"count":2,"href":"https:\/\/lospoliticosveracruz.com.mx\/index.php?rest_route=\/wp\/v2\/posts\/150166\/revisions"}],"predecessor-version":[{"id":150182,"href":"https:\/\/lospoliticosveracruz.com.mx\/index.php?rest_route=\/wp\/v2\/posts\/150166\/revisions\/150182"}],"wp:featuredmedia":[{"embeddable":true,"href":"https:\/\/lospoliticosveracruz.com.mx\/index.php?rest_route=\/wp\/v2\/media\/141377"}],"wp:attachment":[{"href":"https:\/\/lospoliticosveracruz.com.mx\/index.php?rest_route=%2Fwp%2Fv2%2Fmedia&parent=150166"}],"wp:term":[{"taxonomy":"category","embeddable":true,"href":"https:\/\/lospoliticosveracruz.com.mx\/index.php?rest_route=%2Fwp%2Fv2%2Fcategories&post=150166"},{"taxonomy":"post_tag","embeddable":true,"href":"https:\/\/lospoliticosveracruz.com.mx\/index.php?rest_route=%2Fwp%2Fv2%2Ftags&post=150166"}],"curies":[{"name":"wp","href":"https:\/\/api.w.org\/{rel}","templated":true}]}}