{"id":150173,"date":"2025-08-06T22:09:28","date_gmt":"2025-08-07T03:09:28","guid":{"rendered":"https:\/\/lospoliticosveracruz.com.mx\/?p=150173"},"modified":"2025-08-06T23:11:24","modified_gmt":"2025-08-07T04:11:24","slug":"poza-rica-3","status":"publish","type":"post","link":"https:\/\/lospoliticosveracruz.com.mx\/?p=150173","title":{"rendered":"POZA RICA"},"content":{"rendered":"\n\n\n<p><strong>Salvador Mu\u00f1oz<\/strong><\/p>\n\n\n\n<p><em>Los Pol\u00edticos&nbsp;<\/em><\/p>\n\n\n\n<p>En el <strong>Congreso local<\/strong>, la mayor\u00eda de los <strong>diputados<\/strong> que participaron en la pasada <strong>contienda municipal<\/strong>, ha vuelto a las <strong>curules<\/strong> aun cuando hay dos municipios donde la lucha persiste en <strong>Tribunales<\/strong>.<br><strong>\u00a1Ojo!<\/strong> Pero a pesar de que hay pugna, el comportamiento de las diputadas que participaron tanto en <strong>Boca del R\u00edo<\/strong> como en <strong>Poza Rica<\/strong>, dice mucho.<\/p>\n\n\n\n<p>Por ejemplo, <strong>la Gorda Bertha Ahued<\/strong>, en cuanto supo que hab\u00eda perdido, dej\u00f3 todo en manos del <strong>partido<\/strong>, de los <strong>abogados<\/strong>, de su <strong>porra<\/strong>, y luego-luego hizo ahuecar el ala a <strong>Maddie Hern\u00e1ndez<\/strong>, su <strong>suplente<\/strong>, para volver a la comodidad de la <strong>curul<\/strong>.<br>\u00bfQu\u00e9 dice con ello <strong>La Gorda<\/strong>? Est\u00e1 consciente de su derrota\u2026 y de cierto modo, comparte el sentimiento con el partido de que todo lo que haga, ser\u00e1 nom\u00e1s de puro tr\u00e1mite.<\/p>\n\n\n\n<p>Caso contrario ocurre en <strong>Poza Rica<\/strong>, donde <strong>Laura Mej\u00eda Larios<\/strong>, suplente de <strong>Adanely Rodr\u00edguez Rodr\u00edguez<\/strong>, se mantiene en la <strong>curul<\/strong>, lo que habla de que la candidata est\u00e1 convencida de que los resultados le favorecen y por ello, est\u00e1 all\u00e1, al cien por ciento, trabajando en la <strong>defensa de su resultado<\/strong>.<\/p>\n\n\n\n<p>\u00bfQue no ha hecho ruido? Es cierto\u2026 no es una pol\u00edtica de alharacas ni esc\u00e1ndalo, y as\u00ed lo demostr\u00f3 en la campa\u00f1a, donde uno de sus contrincantes, <strong>Emilio Olvera<\/strong>, de <strong>Movimiento Ciudadano<\/strong>, bas\u00f3 su campa\u00f1a en atacarla.<\/p>\n\n\n\n<p><strong>Emilio Olvera<\/strong>, por cierto, ahora que se habla de <strong>Campa\u00f1as Negras<\/strong>, es muy conocido en <strong>Morena<\/strong>\u2026 \u00bfC\u00f3mo no va a serlo? Durante seis a\u00f1os fue <strong>coordinador de Bienestar<\/strong> en la zona y un f\u00e9rreo defensor de <strong>Manuel Huerta Ladr\u00f3n de Guevara<\/strong> cuando el \u201c<strong>S\u00faper Delegado<\/strong>\u201d busc\u00f3 ser el bueno para la <strong>Gubernatura<\/strong>\u2026 y en esos tiempos, <strong>Emilio Olvera<\/strong> se le iba con todo a la entonces aspirante, <strong>Roc\u00edo Nahle<\/strong>.<\/p>\n\n\n\n<p>Entre los mismos <strong>morenos<\/strong> se sabe que en un remoto caso de que <strong>Emilio Olvera<\/strong> fuera <strong>alcalde de Poza Rica<\/strong>, la verdadera autoridad municipal ser\u00eda el <strong>senador Manuel Huerta<\/strong>\u2026 \u00a1ni siquiera Movimiento Ciudadano!<\/p>\n\n\n\n<p>Con la escuela de <strong>Manuel Huerta<\/strong>, <strong>Emilio Olvera<\/strong> hace de la <strong>confusi\u00f3n<\/strong>, su mejor arma\u2026 basta ver su reciente publicaci\u00f3n donde asegura que el <strong>INE \u201cya reconoci\u00f3 su triunfo\u201d<\/strong>\u2026 cuando ser\u00e1n los <strong>Tribunales<\/strong> los que digan la \u00faltima palabra.<\/p>\n\n\n\n<p>En s\u00ed, entre <strong>Emilio Olvera<\/strong> y <strong>Adanely Rodr\u00edguez<\/strong>, la forma en que encaran este proceso, habla mucho de su persona: <strong>Emilio<\/strong>, apuesta a la <strong>confusi\u00f3n<\/strong>; <strong>Adanely<\/strong>, a la <strong>Ley<\/strong>, a lo <strong>legal<\/strong>, y a lo que los <strong>pozarricenses<\/strong> determinaron en las urnas el pasado <strong>primero de junio<\/strong>.<\/p>\n","protected":false},"excerpt":{"rendered":"<p>Salvador Mu\u00f1oz Los Pol\u00edticos&nbsp; En el Congreso local, la mayor\u00eda de los diputados que participaron en la pasada contienda municipal, ha vuelto a las curules aun cuando hay dos municipios donde la lucha persiste en Tribunales.\u00a1Ojo! Pero a pesar de que hay pugna, el comportamiento de las diputadas que participaron tanto en Boca del R\u00edo [&hellip;]<\/p>\n","protected":false},"author":2,"featured_media":141805,"comment_status":"closed","ping_status":"closed","sticky":false,"template":"","format":"standard","meta":{"_jetpack_newsletter_access":"","_jetpack_dont_email_post_to_subs":false,"_jetpack_newsletter_tier_id":0,"_jetpack_memberships_contains_paywalled_content":false,"_jetpack_memberships_contains_paid_content":false,"footnotes":""},"categories":[70],"tags":[44949,44948,44950,44566],"class_list":["post-150173","post","type-post","status-publish","format-standard","has-post-thumbnail","hentry","category-de-opinion","tag-conflicto-electoral-veracruz","tag-curules-congreso-local","tag-eleccion-municipal-poza-rica","tag-emilio-olvera-poza-rica"],"jetpack_featured_media_url":"https:\/\/lospoliticosveracruz.com.mx\/wp-content\/uploads\/2025\/04\/Chava-Munoz-1.jpg","jetpack_sharing_enabled":true,"jetpack_shortlink":"https:\/\/wp.me\/p4Qcd3-D49","_links":{"self":[{"href":"https:\/\/lospoliticosveracruz.com.mx\/index.php?rest_route=\/wp\/v2\/posts\/150173","targetHints":{"allow":["GET"]}}],"collection":[{"href":"https:\/\/lospoliticosveracruz.com.mx\/index.php?rest_route=\/wp\/v2\/posts"}],"about":[{"href":"https:\/\/lospoliticosveracruz.com.mx\/index.php?rest_route=\/wp\/v2\/types\/post"}],"author":[{"embeddable":true,"href":"https:\/\/lospoliticosveracruz.com.mx\/index.php?rest_route=\/wp\/v2\/users\/2"}],"replies":[{"embeddable":true,"href":"https:\/\/lospoliticosveracruz.com.mx\/index.php?rest_route=%2Fwp%2Fv2%2Fcomments&post=150173"}],"version-history":[{"count":2,"href":"https:\/\/lospoliticosveracruz.com.mx\/index.php?rest_route=\/wp\/v2\/posts\/150173\/revisions"}],"predecessor-version":[{"id":150176,"href":"https:\/\/lospoliticosveracruz.com.mx\/index.php?rest_route=\/wp\/v2\/posts\/150173\/revisions\/150176"}],"wp:featuredmedia":[{"embeddable":true,"href":"https:\/\/lospoliticosveracruz.com.mx\/index.php?rest_route=\/wp\/v2\/media\/141805"}],"wp:attachment":[{"href":"https:\/\/lospoliticosveracruz.com.mx\/index.php?rest_route=%2Fwp%2Fv2%2Fmedia&parent=150173"}],"wp:term":[{"taxonomy":"category","embeddable":true,"href":"https:\/\/lospoliticosveracruz.com.mx\/index.php?rest_route=%2Fwp%2Fv2%2Fcategories&post=150173"},{"taxonomy":"post_tag","embeddable":true,"href":"https:\/\/lospoliticosveracruz.com.mx\/index.php?rest_route=%2Fwp%2Fv2%2Ftags&post=150173"}],"curies":[{"name":"wp","href":"https:\/\/api.w.org\/{rel}","templated":true}]}}