{"id":150233,"date":"2025-08-07T21:24:59","date_gmt":"2025-08-08T02:24:59","guid":{"rendered":"https:\/\/lospoliticosveracruz.com.mx\/?p=150233"},"modified":"2025-08-08T00:13:42","modified_gmt":"2025-08-08T05:13:42","slug":"xico-y-lalo-pazos","status":"publish","type":"post","link":"https:\/\/lospoliticosveracruz.com.mx\/?p=150233","title":{"rendered":"XICO Y LALO PAZOS"},"content":{"rendered":"\n\n\n<p><strong>Enrique Yasser Pompeyo&nbsp;<\/strong><\/p>\n\n\n\n<p><em>Mesa de Redacci\u00f3n<\/em><\/p>\n\n\n\n<p>En el <strong>Pueblo M\u00e1gico de Xico<\/strong> vienen aires nuevos, tiempos de cambio. El ganador de la contienda electoral municipal, <strong>Eduardo \u201cLalo\u201d Pozos P\u00e9rez<\/strong>, desde hace semanas, inici\u00f3 lo que denomina <strong>\u201cGira de agradecimiento\u201d<\/strong>.<\/p>\n\n\n\n<p>El <strong>presidente municipal electo<\/strong>, como lo prometi\u00f3 en campa\u00f1a, recorre casi todos los d\u00edas las comunidades para dar las gracias a quienes le brindaron su confianza y apoyo.<\/p>\n\n\n\n<p>Pero no s\u00f3lo eso, tambi\u00e9n acude para <strong>escuchar a la poblaci\u00f3n<\/strong>, para conocer sus necesidades prioritarias y para saber cu\u00e1les son sus propuestas.<\/p>\n\n\n\n<p>La intenci\u00f3n es tener de primera mano la mayor cantidad de informaci\u00f3n para conformar el <strong>Plan de Desarrollo Municipal<\/strong>.<\/p>\n\n\n\n<p>Adem\u00e1s, para avanzar en el proceso de <strong>Entrega-Recepci\u00f3n<\/strong>, <strong>Eduardo Pozos<\/strong> ya se reuni\u00f3 con el actual <strong>alcalde<\/strong>, \u201cen un tono de amistad\u201d para que el proceso sea terso y no les agarren las prisas.<\/p>\n\n\n\n<p><strong>Eduardo Pozos P\u00e9rez<\/strong> obtuvo un triunfo contundente en las urnas y los habitantes de <strong>Xico<\/strong> conf\u00edan plenamente en que con \u00e9l, las familias y el <strong>Pueblo M\u00e1gico<\/strong> saldr\u00e1n beneficiadas.<\/p>\n\n\n\n<h3 class=\"wp-block-heading\">PROYECTO L\u00c1CTEO<\/h3>\n\n\n\n<p>Por cierto, el <strong>presidente municipal electo<\/strong> ya se reuni\u00f3 con el <strong>subsecretario de Ganader\u00eda de la Sedarpa<\/strong>, el <strong>delegado de Liconsa<\/strong> y otros funcionarios, as\u00ed como con los <strong>productores de la Asociaci\u00f3n Ganadera de Xico<\/strong> para instalar un <strong>centro de acopio de leche a nivel regional<\/strong>.<\/p>\n\n\n\n<p>El tema cobra relevancia por lo que representa el proyecto, pues de manera inicial el monto de inversi\u00f3n del <strong>Gobierno estatal<\/strong> ser\u00e1 de <strong>30 millones de pesos<\/strong>.<\/p>\n\n\n\n<p>El proyecto busca beneficiar a productores, tanto peque\u00f1os como grandes, que quieran venderle el l\u00e1cteo a <strong>Liconsa<\/strong> con un <strong>precio de garant\u00eda<\/strong>.<\/p>\n\n\n\n<p><a>enriquepompeyo@hotmail.com<\/a><\/p>\n","protected":false},"excerpt":{"rendered":"<p>Enrique Yasser Pompeyo&nbsp; Mesa de Redacci\u00f3n En el Pueblo M\u00e1gico de Xico vienen aires nuevos, tiempos de cambio. El ganador de la contienda electoral municipal, Eduardo \u201cLalo\u201d Pozos P\u00e9rez, desde hace semanas, inici\u00f3 lo que denomina \u201cGira de agradecimiento\u201d. El presidente municipal electo, como lo prometi\u00f3 en campa\u00f1a, recorre casi todos los d\u00edas las comunidades [&hellip;]<\/p>\n","protected":false},"author":2,"featured_media":141425,"comment_status":"closed","ping_status":"closed","sticky":false,"template":"","format":"standard","meta":{"_jetpack_newsletter_access":"","_jetpack_dont_email_post_to_subs":false,"_jetpack_newsletter_tier_id":0,"_jetpack_memberships_contains_paywalled_content":false,"_jetpack_memberships_contains_paid_content":false,"footnotes":""},"categories":[70],"tags":[45008,45007,45009,45010,28756],"class_list":["post-150233","post","type-post","status-publish","format-standard","has-post-thumbnail","hentry","category-de-opinion","tag-centro-de-acopio-de-leche","tag-eduardo-pozos-xico","tag-inversion-liconsa-veracruz","tag-plan-de-desarrollo-municipal-xico","tag-presidente-municipal-electo"],"jetpack_featured_media_url":"https:\/\/lospoliticosveracruz.com.mx\/wp-content\/uploads\/2025\/04\/Pompeyo.jpg","jetpack_sharing_enabled":true,"jetpack_shortlink":"https:\/\/wp.me\/p4Qcd3-D57","_links":{"self":[{"href":"https:\/\/lospoliticosveracruz.com.mx\/index.php?rest_route=\/wp\/v2\/posts\/150233","targetHints":{"allow":["GET"]}}],"collection":[{"href":"https:\/\/lospoliticosveracruz.com.mx\/index.php?rest_route=\/wp\/v2\/posts"}],"about":[{"href":"https:\/\/lospoliticosveracruz.com.mx\/index.php?rest_route=\/wp\/v2\/types\/post"}],"author":[{"embeddable":true,"href":"https:\/\/lospoliticosveracruz.com.mx\/index.php?rest_route=\/wp\/v2\/users\/2"}],"replies":[{"embeddable":true,"href":"https:\/\/lospoliticosveracruz.com.mx\/index.php?rest_route=%2Fwp%2Fv2%2Fcomments&post=150233"}],"version-history":[{"count":2,"href":"https:\/\/lospoliticosveracruz.com.mx\/index.php?rest_route=\/wp\/v2\/posts\/150233\/revisions"}],"predecessor-version":[{"id":150272,"href":"https:\/\/lospoliticosveracruz.com.mx\/index.php?rest_route=\/wp\/v2\/posts\/150233\/revisions\/150272"}],"wp:featuredmedia":[{"embeddable":true,"href":"https:\/\/lospoliticosveracruz.com.mx\/index.php?rest_route=\/wp\/v2\/media\/141425"}],"wp:attachment":[{"href":"https:\/\/lospoliticosveracruz.com.mx\/index.php?rest_route=%2Fwp%2Fv2%2Fmedia&parent=150233"}],"wp:term":[{"taxonomy":"category","embeddable":true,"href":"https:\/\/lospoliticosveracruz.com.mx\/index.php?rest_route=%2Fwp%2Fv2%2Fcategories&post=150233"},{"taxonomy":"post_tag","embeddable":true,"href":"https:\/\/lospoliticosveracruz.com.mx\/index.php?rest_route=%2Fwp%2Fv2%2Ftags&post=150233"}],"curies":[{"name":"wp","href":"https:\/\/api.w.org\/{rel}","templated":true}]}}