{"id":150235,"date":"2025-08-07T21:31:27","date_gmt":"2025-08-08T02:31:27","guid":{"rendered":"https:\/\/lospoliticosveracruz.com.mx\/?p=150235"},"modified":"2025-08-08T00:02:31","modified_gmt":"2025-08-08T05:02:31","slug":"a-la-escuelita-con-unanue","status":"publish","type":"post","link":"https:\/\/lospoliticosveracruz.com.mx\/?p=150235","title":{"rendered":"A LA ESCUELITA CON UNANUE!"},"content":{"rendered":"\n\n\n<p><br><strong>El alcalde<\/strong> <strong>Juan Manuel Un\u00e1nue Abascal<\/strong> supervis\u00f3 una vez m\u00e1s los trabajos de la rehabilitaci\u00f3n integral ahora en la <strong>Escuela Secundaria 4 \u201cEj\u00e9rcito Mexicano\u201d<\/strong>, acci\u00f3n que garantizar\u00e1 mejores condiciones de higiene y bienestar para los estudiantes.<\/p>\n\n\n\n<blockquote class=\"wp-block-quote is-layout-flow wp-block-quote-is-layout-flow\">\n<p>\u201cEstuvimos en la Escuela Secundaria 4 Ej\u00e9rcito Mexicano, donde se rehabilitan por completo los dos bloques de ba\u00f1os para ni\u00f1as y ni\u00f1os. Con esta obra se mejora la infraestructura b\u00e1sica para beneficio directo de los integrantes de la comunidad estudiantil en esta escuela\u201d, coment\u00f3 el alcalde.<\/p>\n<\/blockquote>\n\n\n\n<p>Dicha obra beneficiar\u00e1 directamente a <strong>m\u00e1s de 6 mil personas<\/strong> que asisten al plantel educativo ubicado en la colonia <strong>Carranza<\/strong>.<\/p>\n\n\n\n<p><strong>Un\u00e1nue Abascal<\/strong> enfatiz\u00f3 que contar con instalaciones sanitarias en \u00f3ptimas condiciones es fundamental para prevenir enfermedades, fomentar h\u00e1bitos de higiene y ofrecer un entorno escolar m\u00e1s seguro y agradable.<\/p>\n\n\n\n<p>Entre las acciones que se realizar\u00e1n: se colocar\u00e1n <strong>23 piezas de Sanitario WC de cer\u00e1mica<\/strong>, <strong>15 piezas de lavabo Ovalin cer\u00e1mica<\/strong>, <strong>4 mingitorios<\/strong>, <strong>23 piezas de despachador de papel higi\u00e9nico<\/strong> y <strong>3 piezas de dispensador de jab\u00f3n l\u00edquido<\/strong>.<\/p>\n\n\n\n<p>Se realizar\u00e1n m\u00e1s de <strong>80 metros cuadrados de firme de concreto armado<\/strong> y m\u00e1s de <strong>300 metros cuadrados de aplanado fino en muros<\/strong>, sum\u00e1ndose m\u00e1s de <strong>80 metros cuadrados de piso de loseta<\/strong>, y se instalar\u00e1n m\u00e1s de <strong>300 metros cuadrados de azulejo<\/strong>; adem\u00e1s se realizar\u00e1n m\u00e1s de <strong>8 metros cuadrados de muro de tabique<\/strong>.<\/p>\n\n\n\n<p>Tambi\u00e9n se pintar\u00e1n <strong>170 metros cuadrados<\/strong> respectivamente, entre otras acciones.<\/p>\n\n\n\n<p>El <strong>Presidente Municipal de Boca del R\u00edo<\/strong>, <strong>Juan Manuel Un\u00e1nue Abascal<\/strong>, reiter\u00f3 que con este tipo de obras, la comunidad escolar podr\u00e1 desarrollar sus actividades en un entorno m\u00e1s limpio y funcional, contribuyendo as\u00ed al rendimiento acad\u00e9mico y al bienestar emocional de las y los j\u00f3venes.<\/p>\n","protected":false},"excerpt":{"rendered":"<p>El alcalde Juan Manuel Un\u00e1nue Abascal supervis\u00f3 una vez m\u00e1s los trabajos de la rehabilitaci\u00f3n integral ahora en la Escuela Secundaria 4 \u201cEj\u00e9rcito Mexicano\u201d, acci\u00f3n que garantizar\u00e1 mejores condiciones de higiene y bienestar para los estudiantes. \u201cEstuvimos en la Escuela Secundaria 4 Ej\u00e9rcito Mexicano, donde se rehabilitan por completo los dos bloques de ba\u00f1os para [&hellip;]<\/p>\n","protected":false},"author":2,"featured_media":150236,"comment_status":"closed","ping_status":"closed","sticky":false,"template":"","format":"standard","meta":{"_jetpack_newsletter_access":"","_jetpack_dont_email_post_to_subs":false,"_jetpack_newsletter_tier_id":0,"_jetpack_memberships_contains_paywalled_content":false,"_jetpack_memberships_contains_paid_content":false,"footnotes":""},"categories":[73],"tags":[30231,44520,12535,44999,45001],"class_list":["post-150235","post","type-post","status-publish","format-standard","has-post-thumbnail","hentry","category-de-boleto","tag-comunidad-estudiantil","tag-infraestructura-educativa-veracruz","tag-juan-manuel-unanue-abascal","tag-rehabilitacion-escolar-boca-del-rio","tag-unanue-abascal-obras-publicas"],"jetpack_featured_media_url":"https:\/\/lospoliticosveracruz.com.mx\/wp-content\/uploads\/2025\/08\/IMG_5268.jpeg","jetpack_sharing_enabled":true,"jetpack_shortlink":"https:\/\/wp.me\/p4Qcd3-D59","_links":{"self":[{"href":"https:\/\/lospoliticosveracruz.com.mx\/index.php?rest_route=\/wp\/v2\/posts\/150235","targetHints":{"allow":["GET"]}}],"collection":[{"href":"https:\/\/lospoliticosveracruz.com.mx\/index.php?rest_route=\/wp\/v2\/posts"}],"about":[{"href":"https:\/\/lospoliticosveracruz.com.mx\/index.php?rest_route=\/wp\/v2\/types\/post"}],"author":[{"embeddable":true,"href":"https:\/\/lospoliticosveracruz.com.mx\/index.php?rest_route=\/wp\/v2\/users\/2"}],"replies":[{"embeddable":true,"href":"https:\/\/lospoliticosveracruz.com.mx\/index.php?rest_route=%2Fwp%2Fv2%2Fcomments&post=150235"}],"version-history":[{"count":2,"href":"https:\/\/lospoliticosveracruz.com.mx\/index.php?rest_route=\/wp\/v2\/posts\/150235\/revisions"}],"predecessor-version":[{"id":150269,"href":"https:\/\/lospoliticosveracruz.com.mx\/index.php?rest_route=\/wp\/v2\/posts\/150235\/revisions\/150269"}],"wp:featuredmedia":[{"embeddable":true,"href":"https:\/\/lospoliticosveracruz.com.mx\/index.php?rest_route=\/wp\/v2\/media\/150236"}],"wp:attachment":[{"href":"https:\/\/lospoliticosveracruz.com.mx\/index.php?rest_route=%2Fwp%2Fv2%2Fmedia&parent=150235"}],"wp:term":[{"taxonomy":"category","embeddable":true,"href":"https:\/\/lospoliticosveracruz.com.mx\/index.php?rest_route=%2Fwp%2Fv2%2Fcategories&post=150235"},{"taxonomy":"post_tag","embeddable":true,"href":"https:\/\/lospoliticosveracruz.com.mx\/index.php?rest_route=%2Fwp%2Fv2%2Ftags&post=150235"}],"curies":[{"name":"wp","href":"https:\/\/api.w.org\/{rel}","templated":true}]}}