{"id":150239,"date":"2025-08-07T21:37:30","date_gmt":"2025-08-08T02:37:30","guid":{"rendered":"https:\/\/lospoliticosveracruz.com.mx\/?p=150239"},"modified":"2025-08-07T23:23:48","modified_gmt":"2025-08-08T04:23:48","slug":"transparencia","status":"publish","type":"post","link":"https:\/\/lospoliticosveracruz.com.mx\/?p=150239","title":{"rendered":"TRANSPARENCIA"},"content":{"rendered":"\n\n\n<p><strong>Guadalupe H. Mar<\/strong><\/p>\n\n\n\n<p><em>Mira Pol\u00edtica<\/em><\/p>\n\n\n\n<p><strong>\u00c9RASE UNA VEZ \u2026<\/strong><br>La organizaci\u00f3n internacional <strong>Art\u00edculo 19<\/strong>, emiti\u00f3 un comunicado el pasado <strong>mi\u00e9rcoles seis de agosto<\/strong>, o sea esta misma semana, en donde da a conocer que a casi tres meses de que inici\u00f3 funciones el nuevo organismo <strong>Transparencia para el Pueblo<\/strong>, que se cre\u00f3 luego de que desaparecieron el <strong>Instituto Nacional de Transparencia, Acceso a la Informaci\u00f3n y Protecci\u00f3n de Datos Personales (INAI)<\/strong>, se reporta que ha desechado el 99.6 por ciento de recursos de revisi\u00f3n, lo que \u201cevidencia un retroceso en la garant\u00eda del derecho de acceso a la informaci\u00f3n p\u00fablica en el pa\u00eds\u201d.<br>Recordar\u00e1n amables lectoras y lectores que el pasado <strong>12 de mayo<\/strong> de este a\u00f1o, <strong>Transparencia para el Pueblo<\/strong> inici\u00f3 oficialmente sus funciones, tiempo en el que ya ha generado inconformidades y sobre todo, alertas en materia de <strong>derechos humanos<\/strong>.<br>El comunicado de <strong>Art\u00edculo 19<\/strong>, que pueden consultar en <a class=\"\" href=\"https:\/\/acortar.link\/zaKnHP\"><strong><em>https:\/\/acortar.link\/zaKnHP<\/em><\/strong><\/a>, precisa que de los dos mil 253 recursos recibidos, \u00fanicamente 457 han sido reportados resueltos y, de estos, el 99.6 por ciento han sido registrados como desechados.<br>Advierte <strong>Art\u00edculo 19<\/strong> que esta informaci\u00f3n pudiera estar reflejada de forma incorrecta por parte de la propia instituci\u00f3n, ya que algunos registros no corresponden a lo que se\u00f1ala el contenido de las resoluciones.<br>Porque el <strong>derecho de acceso a la informaci\u00f3n<\/strong> es una herramienta fundamental para la participaci\u00f3n ciudadana, la <strong>rendici\u00f3n de cuentas<\/strong> y la <strong>vigilancia del poder p\u00fablico<\/strong>, su debilitamiento representa no solo un retroceso democr\u00e1tico, sino una vulneraci\u00f3n directa a los <strong>derechos humanos<\/strong>, indica la organizaci\u00f3n internacional <strong>Art\u00edculo 19<\/strong> en su comunicado.<br>Por ello, <strong>62 organizaciones<\/strong> y casi un centenar de periodistas de la rep\u00fablica mexicana, firmaron respaldando este comunicado exigiendo que las <strong>instituciones<\/strong> encargadas de garantizar este derecho act\u00faen con <strong>imparcialidad<\/strong>, <strong>autonom\u00eda<\/strong> y <strong>compromiso con la ciudadan\u00eda<\/strong>.<br>El <strong>acceso a la informaci\u00f3n<\/strong> no es una concesi\u00f3n del poder, es un derecho que debe ser protegido, no obstaculizado.<\/p>\n\n\n\n<p><strong>PIENSA MAL Y \u2026<\/strong><br>Un lector de la ciudad de <strong>Xalapa<\/strong> nos escribi\u00f3 para comentar que en la esquina de <strong>Araucarias y Pico de Orizaba<\/strong> se encuentra el estacionamiento de las \u00ab<strong>camionetitas de la salud<\/strong>\u00ab, el programa del <strong>gobierno federal<\/strong>, por cierto, inspirado en lo que se supone hacen en el estado de <strong>Veracruz<\/strong> para abastecer medicamentos a las zonas marginadas y de dif\u00edcil acceso.<br>Esos veh\u00edculos o \u201c<strong>camionetitas de la salud<\/strong>\u201d forman parte de un programa del gobierno federal para la distribuci\u00f3n de medicamentos llamado <strong>\u201cRutas de la Salud\u201d<\/strong>, el cual supuestamente tambi\u00e9n fortalecer\u00e1 las acciones del <strong>IMSS Bienestar<\/strong> en el abasto de medicamentos.<br>Pues bien, se anunci\u00f3 que en este mes de <strong>agosto<\/strong> esas <strong>\u201ccamionetitas de la salud\u201d<\/strong> iniciar\u00edan operaciones en todo el pa\u00eds.<br>Por eso llama la atenci\u00f3n de los avecindados en la ciudad de <strong>Xalapa<\/strong>, que, en la esquina de <strong>Araucarias y Pico de Orizaba<\/strong>, esas camionetitas permanezcan estacionadas sin utilizarse para el fin por el que fueron adquiridas.<\/p>\n\n\n\n<p><strong>NO MI CHAVO \u2026<\/strong><br>Luego de que publicamos en pasada colaboraci\u00f3n la ineficiencia de las oficinas de <strong>Hacienda del Estado<\/strong> dependientes de la <strong>Secretar\u00eda de Finanzas y nada de Planeaci\u00f3n (Sefiplan)<\/strong>, en lo relativo al <strong>emplacado y reemplacado de motocicletas y autom\u00f3viles<\/strong>, al no dar el servicio adecuado y promover con ello la proliferaci\u00f3n de gestores o \u201c<strong>coyotes<\/strong>\u201d que extra\u00f1amente y por cierta tarifa, realizan esos tr\u00e1mites en cuesti\u00f3n de horas, nos han estado enviando testimonios de diferentes casos sucedidos sobre todo en el m\u00f3dulo del <strong>World Trade Center<\/strong> del municipio de <strong>Boca del R\u00edo<\/strong>.<br>Uno de ellos es de una p\u00e1gina de la red social <strong>Facebook<\/strong> denominada <strong>\u201cAlertas y Tr\u00e1ficos\u201d<\/strong> en la que un usuario recomienda llegar al m\u00f3dulo del <strong>World Trade Center<\/strong> a la una o dos de la ma\u00f1ana para alcanzar lugar, pues el d\u00eda anterior lleg\u00f3 a las cinco de la ma\u00f1ana y ya no alcanz\u00f3 servicio.<br>Otro usuario nos coment\u00f3 que el mismo guardia del m\u00f3dulo del <strong>World Trade Center<\/strong> le dijo al verlo llegar a las tres de la ma\u00f1ana. \u201c<strong>no mi chavo<\/strong>, aqu\u00ed hay que llegar a la una, cuando muy tarde\u201d.<\/p>\n\n\n\n<p><strong>D\u00cdGALO SIN MIEDO \u2026<\/strong><br>Al correo electr\u00f3nico <strong><a>guadalupehmar@gmail.com<\/a><\/strong><\/p>\n\n\n\n<p><\/p>\n","protected":false},"excerpt":{"rendered":"<p>Guadalupe H. Mar Mira Pol\u00edtica \u00c9RASE UNA VEZ \u2026La organizaci\u00f3n internacional Art\u00edculo 19, emiti\u00f3 un comunicado el pasado mi\u00e9rcoles seis de agosto, o sea esta misma semana, en donde da a conocer que a casi tres meses de que inici\u00f3 funciones el nuevo organismo Transparencia para el Pueblo, que se cre\u00f3 luego de que desaparecieron [&hellip;]<\/p>\n","protected":false},"author":2,"featured_media":141398,"comment_status":"closed","ping_status":"closed","sticky":false,"template":"","format":"standard","meta":{"_jetpack_newsletter_access":"","_jetpack_dont_email_post_to_subs":false,"_jetpack_newsletter_tier_id":0,"_jetpack_memberships_contains_paywalled_content":false,"_jetpack_memberships_contains_paid_content":false,"footnotes":""},"categories":[70],"tags":[42501,44985,44983,44982],"class_list":["post-150239","post","type-post","status-publish","format-standard","has-post-thumbnail","hentry","category-de-opinion","tag-camionetitas-de-la-salud","tag-inai-desaparicion","tag-tramites-sefiplan-veracruz","tag-transparencia-en-mexico"],"jetpack_featured_media_url":"https:\/\/lospoliticosveracruz.com.mx\/wp-content\/uploads\/2025\/04\/Lupita-H-Mar.jpg","jetpack_sharing_enabled":true,"jetpack_shortlink":"https:\/\/wp.me\/p4Qcd3-D5d","_links":{"self":[{"href":"https:\/\/lospoliticosveracruz.com.mx\/index.php?rest_route=\/wp\/v2\/posts\/150239","targetHints":{"allow":["GET"]}}],"collection":[{"href":"https:\/\/lospoliticosveracruz.com.mx\/index.php?rest_route=\/wp\/v2\/posts"}],"about":[{"href":"https:\/\/lospoliticosveracruz.com.mx\/index.php?rest_route=\/wp\/v2\/types\/post"}],"author":[{"embeddable":true,"href":"https:\/\/lospoliticosveracruz.com.mx\/index.php?rest_route=\/wp\/v2\/users\/2"}],"replies":[{"embeddable":true,"href":"https:\/\/lospoliticosveracruz.com.mx\/index.php?rest_route=%2Fwp%2Fv2%2Fcomments&post=150239"}],"version-history":[{"count":3,"href":"https:\/\/lospoliticosveracruz.com.mx\/index.php?rest_route=\/wp\/v2\/posts\/150239\/revisions"}],"predecessor-version":[{"id":150256,"href":"https:\/\/lospoliticosveracruz.com.mx\/index.php?rest_route=\/wp\/v2\/posts\/150239\/revisions\/150256"}],"wp:featuredmedia":[{"embeddable":true,"href":"https:\/\/lospoliticosveracruz.com.mx\/index.php?rest_route=\/wp\/v2\/media\/141398"}],"wp:attachment":[{"href":"https:\/\/lospoliticosveracruz.com.mx\/index.php?rest_route=%2Fwp%2Fv2%2Fmedia&parent=150239"}],"wp:term":[{"taxonomy":"category","embeddable":true,"href":"https:\/\/lospoliticosveracruz.com.mx\/index.php?rest_route=%2Fwp%2Fv2%2Fcategories&post=150239"},{"taxonomy":"post_tag","embeddable":true,"href":"https:\/\/lospoliticosveracruz.com.mx\/index.php?rest_route=%2Fwp%2Fv2%2Ftags&post=150239"}],"curies":[{"name":"wp","href":"https:\/\/api.w.org\/{rel}","templated":true}]}}