{"id":15025,"date":"2015-02-22T22:18:46","date_gmt":"2015-02-23T04:18:46","guid":{"rendered":"http:\/\/www.lospoliticosveracruz.com.mx\/?p=15025"},"modified":"2015-02-22T22:18:46","modified_gmt":"2015-02-23T04:18:46","slug":"spinoso-dados-cargados","status":"publish","type":"post","link":"https:\/\/lospoliticosveracruz.com.mx\/?p=15025","title":{"rendered":"Spinoso, dados cargados"},"content":{"rendered":"<p><a href=\"http:\/\/www.lospoliticosveracruz.com.mx\/wp-content\/uploads\/2014\/12\/Edgar-Spinoso.jpg\"><img loading=\"lazy\" decoding=\"async\" class=\"alignnone size-medium wp-image-13834\" src=\"http:\/\/www.lospoliticosveracruz.com.mx\/wp-content\/uploads\/2014\/12\/Edgar-Spinoso-300x172.jpg\" alt=\"Edgar Spinoso\" width=\"300\" height=\"172\" \/><\/a><\/p>\n<p><strong>Luis Alberto Romero<\/strong><\/p>\n<p><em>Hora Cero<\/em><\/p>\n<p>&nbsp;<\/p>\n<p>En menos de un a\u00f1o, Edgar Spinoso Carrera pas\u00f3 de la Oficial\u00eda Mayor de la Secretar\u00eda de Educaci\u00f3n de Veracruz a funcionario cesado y exhibido por el titular del ejecutivo estatal; y de ah\u00ed, parad\u00f3jicamente, a la candidatura a la diputaci\u00f3n federal por el distrito de Mart\u00ednez de la Torre, postulado por la alianza entre el Partido Verde Ecologista y el Revolucionario Institucional.<\/p>\n<p>En marzo de 2014, la prensa estatal daba cuenta del despido fulminante del tambi\u00e9n ex secretario particular de V\u00edctor Arredondo en la rector\u00eda de la Universidad Veracruzana.<\/p>\n<p>Sin embargo, quien fuera considerado como el hombre fuerte en el manejo de recursos en la Secretar\u00eda de Educaci\u00f3n del estado logr\u00f3 posicionarse como aspirante a la c\u00e1mara baja, con el apoyo del presidente municipal de la cabecera distrital, Rolando Olivares Ahumada, un ex panista que fue habilitado como candidato del PRI para el proceso electoral de 2013.<\/p>\n<p>Nueve meses despu\u00e9s, en diciembre de 2014, durante la comparecencia de Ricardo Garc\u00eda Guzm\u00e1n ante la Legislatura del Estado, el contralor fue cuestionado sobre el tema de Edgar Spinoso, y descart\u00f3 la existencia de irregularidades a su paso por la Secretar\u00eda de Educaci\u00f3n.<\/p>\n<p>Con el asunto de la auditor\u00eda a su desempe\u00f1o aparentemente resuelto, la principal preocupaci\u00f3n del hoy virtual candidato a la curul por el distrito 07 es el proceso constitucional y, en ese contexto, el nivel de peligrosidad de uno de los principales cuadros de Acci\u00f3n Nacional en esa regi\u00f3n, la ex alcaldesa de Atzalan y ex diputada federal y local, Alba Leonila M\u00e9ndez Herrera, quien enfrent\u00f3 una voraz campa\u00f1a interna en contra, que habr\u00eda sido orquestada por el ex alcalde de ese lugar, Jos\u00e9 de la Torre S\u00e1nchez, aliado y amigo del inminente candidato de la alianza PVEM-PRI.<\/p>\n<p>As\u00ed, Spinoso Carrera circula en camino pavimentado: tiene recursos; la candidatura en la bolsa; el PAN est\u00e1 dividido; los otros partidos, disminuidos; y el ayuntamiento de la cabecera, como aliado. @luisromero85<\/p>\n","protected":false},"excerpt":{"rendered":"<p>Luis Alberto Romero Hora Cero &nbsp; En menos de un a\u00f1o, Edgar Spinoso Carrera pas\u00f3 de la Oficial\u00eda Mayor de la Secretar\u00eda de Educaci\u00f3n de Veracruz a funcionario cesado y exhibido por el titular del ejecutivo estatal; y de ah\u00ed, parad\u00f3jicamente, a la candidatura a la diputaci\u00f3n federal por el distrito de Mart\u00ednez de la [&hellip;]<\/p>\n","protected":false},"author":2,"featured_media":0,"comment_status":"open","ping_status":"open","sticky":false,"template":"","format":"standard","meta":{"_jetpack_newsletter_access":"","_jetpack_dont_email_post_to_subs":false,"_jetpack_newsletter_tier_id":0,"_jetpack_memberships_contains_paywalled_content":false,"_jetpack_memberships_contains_paid_content":false,"footnotes":""},"categories":[70],"tags":[273,963,1272,1885,1752],"class_list":["post-15025","post","type-post","status-publish","format-standard","hentry","category-de-opinion","tag-edgar-spinoso-carrera","tag-martinez-de-la-torre","tag-ricardo-garcia-guzman","tag-rolando-olivares-ahumada","tag-secretaria-de-educacion"],"jetpack_featured_media_url":"","jetpack_sharing_enabled":true,"jetpack_shortlink":"https:\/\/wp.me\/p4Qcd3-3Ul","_links":{"self":[{"href":"https:\/\/lospoliticosveracruz.com.mx\/index.php?rest_route=\/wp\/v2\/posts\/15025","targetHints":{"allow":["GET"]}}],"collection":[{"href":"https:\/\/lospoliticosveracruz.com.mx\/index.php?rest_route=\/wp\/v2\/posts"}],"about":[{"href":"https:\/\/lospoliticosveracruz.com.mx\/index.php?rest_route=\/wp\/v2\/types\/post"}],"author":[{"embeddable":true,"href":"https:\/\/lospoliticosveracruz.com.mx\/index.php?rest_route=\/wp\/v2\/users\/2"}],"replies":[{"embeddable":true,"href":"https:\/\/lospoliticosveracruz.com.mx\/index.php?rest_route=%2Fwp%2Fv2%2Fcomments&post=15025"}],"version-history":[{"count":1,"href":"https:\/\/lospoliticosveracruz.com.mx\/index.php?rest_route=\/wp\/v2\/posts\/15025\/revisions"}],"predecessor-version":[{"id":15026,"href":"https:\/\/lospoliticosveracruz.com.mx\/index.php?rest_route=\/wp\/v2\/posts\/15025\/revisions\/15026"}],"wp:attachment":[{"href":"https:\/\/lospoliticosveracruz.com.mx\/index.php?rest_route=%2Fwp%2Fv2%2Fmedia&parent=15025"}],"wp:term":[{"taxonomy":"category","embeddable":true,"href":"https:\/\/lospoliticosveracruz.com.mx\/index.php?rest_route=%2Fwp%2Fv2%2Fcategories&post=15025"},{"taxonomy":"post_tag","embeddable":true,"href":"https:\/\/lospoliticosveracruz.com.mx\/index.php?rest_route=%2Fwp%2Fv2%2Ftags&post=15025"}],"curies":[{"name":"wp","href":"https:\/\/api.w.org\/{rel}","templated":true}]}}