{"id":15027,"date":"2015-02-22T22:27:29","date_gmt":"2015-02-23T04:27:29","guid":{"rendered":"http:\/\/www.lospoliticosveracruz.com.mx\/?p=15027"},"modified":"2015-02-22T22:27:29","modified_gmt":"2015-02-23T04:27:29","slug":"gobernantes-jovenes","status":"publish","type":"post","link":"https:\/\/lospoliticosveracruz.com.mx\/?p=15027","title":{"rendered":"Gobernantes j\u00f3venes"},"content":{"rendered":"<p><a href=\"http:\/\/www.lospoliticosveracruz.com.mx\/wp-content\/uploads\/2015\/02\/Bebesaurio.jpg\"><img loading=\"lazy\" decoding=\"async\" class=\"alignnone size-medium wp-image-15028\" src=\"http:\/\/www.lospoliticosveracruz.com.mx\/wp-content\/uploads\/2015\/02\/Bebesaurio-300x171.jpg\" alt=\"Bebesaurio\" width=\"300\" height=\"171\" \/><\/a><br \/>\n<strong>Rodrigo Montoya Rivera<\/strong><\/p>\n<p><em>Ideas<\/em><br \/>\nLos comicios que se llevaran a cabo a lo largo y ancho de la Rep\u00fablica para definir a los nuevos integrantes del poder legislativo, traen de la mano la renovaci\u00f3n del poder ejecutivo en 9 de los 32 estados en el territorio nacional.<br \/>\nA partir de las reformas al sistema electoral que se pondr\u00e1n en marcha formalmente en el proceso que ya vivimos los mexicanos, se ha fomentado la participaci\u00f3n de las mujeres y los j\u00f3venes menores de 35 a\u00f1os de edad en las campa\u00f1as pol\u00edticas, situaci\u00f3n que no todos los partidos pol\u00edticos han hecho efectiva para la designaci\u00f3n de sus abanderados para puestos p\u00fablicos.<br \/>\nEl tema de la inclusi\u00f3n de mujeres y j\u00f3venes ha sido una bandera que desde antes de la creaci\u00f3n del INE el PRI hab\u00eda venido impulsando, basta leer la plataforma pol\u00edtica electoral elaborada recientemente en la que la Fundaci\u00f3n Colosio ha trabajado como \u00f3rgano ideol\u00f3gico del tricolor.<br \/>\nEn los casos de entidades federativas como Nuevo Le\u00f3n y Campeche el Partido Revolucionario Institucional lleva a dos j\u00f3venes, Ivonne \u00c1lvarez Garc\u00eda y Rafael Alejandro Moreno C\u00e1rdenas, ambos legisladores con licencia ella de la C\u00e1mara Alta y el Diputado Federal por la v\u00eda de representaci\u00f3n proporcional.<br \/>\nIvonne \u00c1lvarez tiene 36 a\u00f1os de edad, ha sido Alcaldesa, Diputada Local y Senadora de la Rep\u00fablica es consejera pol\u00edtica nacional por la \u201cRed de J\u00f3venes x M\u00e9xico\u201d organizaci\u00f3n que presidio a nivel nacional Alejandro Moreno) cuando llevaba las siglas de FJR), el al igual que la abanderada de Nuevo Le\u00f3n tambi\u00e9n fue senador justo despu\u00e9s de terminar su primer periodo como diputado Federal.<br \/>\nSi Ivonne \u00c1lvarez y Alejandro Moreno llegan a gobernar sus entidades, se sumar\u00e1n a la lista de jefes del ejecutivo j\u00f3venes que ya han alcanzado la m\u00e1xima magistratura en su tierra natal como el caso de Manuel Velasco de Chiapas, Roberto Borge de Quintana Roo y Javier Duarte de Ochoa de Veracruz por citar algunos ejemplos. Por cierto los mandatarios mencionados han alcanzado votaciones hist\u00f3ricas en sus elecciones.<br \/>\nLas generaciones nacidas entre mediados de los a\u00f1os 70 y los a\u00f1os 80 cada vez ocupan mayores espacios de representaci\u00f3n pol\u00edtica y gubernamental en cargos de gran envergadura.<br \/>\nSer\u00e1 interesante ver si esta tendencia se conserva en procesos venideros como el caso de los estatales en 2016 o las elecciones federales que aunque a\u00fan falta tiempo ya existen suspirantes para el 2018. Lo cierto es que quienes busquen un espacio p\u00fablico, deber\u00e1n ser hombres o mujeres, j\u00f3venes o experimentados, las y los mejores en el terreno de la pol\u00edtica.<br \/>\nNota 1. Guadalupe Camacho es una joven que conoc\u00ed hace cerca de tres a\u00f1os. Alguna vez me visit\u00f3 cuando presid\u00eda el FJR Xalapa para afiliarse a esa organizaci\u00f3n. Es el claro ejemplo de mujer y joven al interior de las fuerzas b\u00e1sicas de la pol\u00edtica. Este domingo tuve el gusto de entregarle la estafeta de la Red de J\u00f3venes x M\u00e9xico en el municipio de Xalapa, seguro estoy lo har\u00e1 muy bien ya que cuenta con todos los atributos para ofrecer una cara fresca a los j\u00f3venes que tienen inter\u00e9s de involucrarse en la actividad pol\u00edtica.<\/p>\n<p>Nota 2. Ya sali\u00f3 la #LadyDoctora en las redes sociales, una mujer que es detenida manejando en Tijuana un veh\u00edculo polarizado, conduc\u00eda sin cintur\u00f3n de seguridad y no llevaba consigo la licencia de conducir. A la hora de que los uniformados trataban de dialogar con ella ofreci\u00f3 dinero para que la dejaran ir. Lamentablemente se suma a la lista de otras damas que han tenido incidentes por actos de prepotencia. Esperemos no se repitan muy seguido este tipo de cuestiones ya que se dice hay una mujer que no sabe si es representante popular o funcionaria p\u00fablica y con un cargo que no existe se anda presentando en todos lados exigiendo salir en los reflectores de los eventos. Es m\u00e1s, comentan los enterados que hasta amenaza por mensajer\u00eda de WA y BB a quienes no la tratan como ella cree lo merece de \u201cacusarlos\u201d por insolentes. \u00bfSer\u00e1?<br \/>\nL\u00e9eme en: www.rodrigomontoya.com.mx<br \/>\nTwitter: @RodrigoMontoyaR<br \/>\nComentarios: rodrigomontoya91@gmail.com<\/p>\n","protected":false},"excerpt":{"rendered":"<p>Rodrigo Montoya Rivera Ideas Los comicios que se llevaran a cabo a lo largo y ancho de la Rep\u00fablica para definir a los nuevos integrantes del poder legislativo, traen de la mano la renovaci\u00f3n del poder ejecutivo en 9 de los 32 estados en el territorio nacional. A partir de las reformas al sistema electoral [&hellip;]<\/p>\n","protected":false},"author":2,"featured_media":0,"comment_status":"open","ping_status":"open","sticky":false,"template":"","format":"standard","meta":{"_jetpack_newsletter_access":"","_jetpack_dont_email_post_to_subs":false,"_jetpack_newsletter_tier_id":0,"_jetpack_memberships_contains_paywalled_content":false,"_jetpack_memberships_contains_paid_content":false,"footnotes":""},"categories":[70],"tags":[1887,260,1889,1888,1890],"class_list":["post-15027","post","type-post","status-publish","format-standard","hentry","category-de-opinion","tag-ivonne-alvarez-garcia","tag-javier-duarte-de-ochoa","tag-manuel-velasco","tag-rafael-alejandro-moreno-cardenas","tag-roberto-borge"],"jetpack_featured_media_url":"","jetpack_sharing_enabled":true,"jetpack_shortlink":"https:\/\/wp.me\/p4Qcd3-3Un","_links":{"self":[{"href":"https:\/\/lospoliticosveracruz.com.mx\/index.php?rest_route=\/wp\/v2\/posts\/15027","targetHints":{"allow":["GET"]}}],"collection":[{"href":"https:\/\/lospoliticosveracruz.com.mx\/index.php?rest_route=\/wp\/v2\/posts"}],"about":[{"href":"https:\/\/lospoliticosveracruz.com.mx\/index.php?rest_route=\/wp\/v2\/types\/post"}],"author":[{"embeddable":true,"href":"https:\/\/lospoliticosveracruz.com.mx\/index.php?rest_route=\/wp\/v2\/users\/2"}],"replies":[{"embeddable":true,"href":"https:\/\/lospoliticosveracruz.com.mx\/index.php?rest_route=%2Fwp%2Fv2%2Fcomments&post=15027"}],"version-history":[{"count":1,"href":"https:\/\/lospoliticosveracruz.com.mx\/index.php?rest_route=\/wp\/v2\/posts\/15027\/revisions"}],"predecessor-version":[{"id":15029,"href":"https:\/\/lospoliticosveracruz.com.mx\/index.php?rest_route=\/wp\/v2\/posts\/15027\/revisions\/15029"}],"wp:attachment":[{"href":"https:\/\/lospoliticosveracruz.com.mx\/index.php?rest_route=%2Fwp%2Fv2%2Fmedia&parent=15027"}],"wp:term":[{"taxonomy":"category","embeddable":true,"href":"https:\/\/lospoliticosveracruz.com.mx\/index.php?rest_route=%2Fwp%2Fv2%2Fcategories&post=15027"},{"taxonomy":"post_tag","embeddable":true,"href":"https:\/\/lospoliticosveracruz.com.mx\/index.php?rest_route=%2Fwp%2Fv2%2Ftags&post=15027"}],"curies":[{"name":"wp","href":"https:\/\/api.w.org\/{rel}","templated":true}]}}